{"id":18500,"date":"2015-03-30T13:00:13","date_gmt":"2015-03-30T13:00:13","guid":{"rendered":"https:\/\/espacoecologico.com.br\/arquivo\/?p=18500"},"modified":"2015-03-29T21:03:17","modified_gmt":"2015-03-29T21:03:17","slug":"filtro-solar-dermatologistas-cobram-queda-de-preco-do-produto-determinada-por-lei","status":"publish","type":"post","link":"https:\/\/espacoecologico.com.br\/arquivo\/filtro-solar-dermatologistas-cobram-queda-de-preco-do-produto-determinada-por-lei\/","title":{"rendered":"Filtro solar: dermatologistas cobram queda de pre\u00e7o do produto determinada por lei"},"content":{"rendered":"<p><a href=\"https:\/\/espacoecologico.com.br\/arquivo\/wp-content\/uploads\/2015\/03\/dermatologista.jpg\"><img loading=\"lazy\" class=\"alignleft size-medium wp-image-18501\" src=\"https:\/\/espacoecologico.com.br\/arquivo\/wp-content\/uploads\/2015\/03\/dermatologista-300x192.jpg\" alt=\"\" width=\"300\" height=\"192\" srcset=\"https:\/\/espacoecologico.com.br\/arquivo\/wp-content\/uploads\/2015\/03\/dermatologista-300x192.jpg 300w, https:\/\/espacoecologico.com.br\/arquivo\/wp-content\/uploads\/2015\/03\/dermatologista.jpg 415w\" sizes=\"(max-width: 300px) 100vw, 300px\" \/><\/a>Sob o sol intenso que brilha no Rio quase o ano inteiro, usar protetor solar diariamente \u00e9 indispens\u00e1vel para a preven\u00e7\u00e3o do c\u00e2ncer de pele. Apesar disso, apenas 30% dos cariocas mant\u00eam tal h\u00e1bito, segundo dados da Sociedade Brasileira de Dermatologia do Rio de Janeiro (SBD-RJ). Para outros 64%, a fotoprote\u00e7\u00e3o \u00e9 dificultada pelo pre\u00e7o alto do produto. Um ano depois da cria\u00e7\u00e3o da lei estadual 6.704 (de mar\u00e7o de 2014), que incluiu o filtro solar na cesta b\u00e1sica do estado e isentou os consumidores do Imposto sobre Circula\u00e7\u00e3o de Mercadorias e Servi\u00e7os (ICMS) na compra do item no varejo, a SBD-RJ vem cobrando explica\u00e7\u00f5es de autoridades j\u00e1 que, apesar da medida, os pre\u00e7os n\u00e3o baixaram.<\/p>\n<p>A den\u00fancia foi encaminhada pela entidade \u00e0 Secretaria de Estado de Fazenda (Sefaz), \u00e0 Secretaria estadual de Sa\u00fade, ao Procon, ao Minist\u00e9rio P\u00fablico do Rio e \u00e0 Assembleia Legislativa, ap\u00f3s a realiza\u00e7\u00e3o de um levantamento comparativo em farm\u00e1cias do Rio e de outros quatro estados. Autor da lei, o deputado estadual Luiz Paulo (PSDB) tamb\u00e9m enviou um of\u00edcio \u00e0 Sefaz pedindo a fiscaliza\u00e7\u00e3o da aplica\u00e7\u00e3o da norma.<\/p>\n<p>\u2014 Os pre\u00e7os continuaram subindo em vez de ca\u00edrem. \u00c9 preciso investigar se a culpa \u00e9 da ind\u00fastria, do com\u00e9rcio ou de ambos \u2014 afirma o pol\u00edtico.<\/p>\n<p>De acordo com o dermatologista Egon Daxbacher, coordenador de Oncologia da SBD-RJ, a inten\u00e7\u00e3o da sociedade \u00e9 apoiar a amplia\u00e7\u00e3o do acesso ao protetor solar.<\/p>\n<p>\u2014 O pre\u00e7o \u00e9 imposs\u00edvel para a popula\u00e7\u00e3o de baixa renda. E mesmo quem usa o produto, muitas vezes, usa de maneira incorreta, porque aplic\u00e1-lo em quantidade suficiente leva a maior gasto \u2014 diz.<\/p>\n<p>Fotoprote\u00e7\u00e3o \u00e9 prioridade para a empres\u00e1ria de marketing Rita Cardoso, de 50 anos. A cada seis meses, ela gasta cerca de R$ 600 com um arsenal de filtros solares. Mesmo assim, ela opta por embalagens com consumo reduzido para economizar.<\/p>\n<p><strong>M\u00ednimo deve ser FPS 30<\/strong><\/p>\n<p>Para Rita, vale a pena desembolsar para prevenir o c\u00e2ncer de pele e o envelhecimento. Acostumada a usar bronzeadores na juventude, ela entendeu a import\u00e2ncia do uso di\u00e1rio do protetor solar quando manchas come\u00e7aram a aparecer na pele. Atualmente, ela trata uma ceratose no nariz, esp\u00e9cie de verruga que, ao descamar e ressurgir, pode ser um sinal pr\u00e9-cancer\u00edgeno.<\/p>\n<p>J\u00e1 a designer Ana Carolina Ferreira, de 28 anos, dispensa o produto no dia a dia, mesmo sendo branquinha.<\/p>\n<p>\u2014 O filtro solar bom para o rosto \u00e9 muito caro. Entre pagar ou usar um que deixa a pele oleosa ou ressecada, prefiro n\u00e3o usar nada. Pode ser um pouco de inconsequ\u00eancia, mesmo pegando pouco sol porque trabalho em escrit\u00f3rio, mas n\u00e3o me preocupo com isso \u2014 conta.<\/p>\n<p>Segundo Egon Daxbacher, todas as pessoas, inclusive as negras, devem usar protetor com FPS 30, no m\u00ednimo, diariamente. Um aplicativo que vai analisar o FPS adequado para cada pele de acordo com a radia\u00e7\u00e3o solar do dia est\u00e1 em fase de testes pela SBD-RJ.<\/p>\n<p><strong>Respostas<\/strong><\/p>\n<p><em>Secretaria de Fazenda<\/em><\/p>\n<p>A pasta afirmou que n\u00e3o pode interferir na concorr\u00eancia, impondo pre\u00e7os aos comerciantes. A entrada em vigor da lei apenas define o tributo a ser cobrado e n\u00e3o uma pol\u00edtica de pre\u00e7os.<\/p>\n<p><em>Secretaria de Sa\u00fade<\/em><\/p>\n<p>O \u00f3rg\u00e3o informou que encaminhou a den\u00fancia ao Procon estadual.<\/p>\n<p><em>Alerj<\/em><\/p>\n<p>O gabinete do deputado Luiz Martins (PDT), presidente da Comiss\u00e3o de Defesa dos Direitos do Consumidor, informou que a fiscaliza\u00e7\u00e3o cabe ao poder executivo e, por isso, encaminhou a den\u00fancia ao Procon estadual.<\/p>\n<p><em>Procon-RJ<\/em><\/p>\n<p>O Procon-RJ disse que a poss\u00edvel redu\u00e7\u00e3o de pre\u00e7o do filtro solar devido a redu\u00e7\u00e3o do ICMS, apesar de ser medida positiva para o consumidor, n\u00e3o se encaixa entre as atribui\u00e7\u00f5es da autarquia.<\/p>\n<p><em>Minist\u00e9rio P\u00fablico<\/em><\/p>\n<p>Segundo o MP, o promotor de Justi\u00e7a Rodrigo Terra, titular da 2\u00aa Promotoria de Justi\u00e7a de Defesa do Consumidor da Capital, instaurou inqu\u00e9rito em rela\u00e7\u00e3o \u00e0 rede Drogaria Raia, citada no levantamento da SBD-RJ. H\u00e1 dez dias para apresenta\u00e7\u00e3o de defesa.<\/p>\n<p><em>Nivea<\/em><\/p>\n<p>Fabricante de filtros solares, a Nivea esclareceu que respeita e aplica a legisla\u00e7\u00e3o em vigor. Tamb\u00e9m ressaltou que a forma\u00e7\u00e3o de pre\u00e7os do produto reflete fatores como ativos da formula\u00e7\u00e3o, embalagem, tributa\u00e7\u00e3o, log\u00edstica e alta tecnologia empregada na f\u00f3rmula.<\/p>\n<p><em>J&amp;J e L\u2019Or\u00e9al<\/em><\/p>\n<p>A Johnson &amp; Johnson, fabricante de Sundown, e a L\u2019Or\u00e9al n\u00e3o responderam at\u00e9 o fechamento da edi\u00e7\u00e3o.<\/p>\n<p><em>Abrafarma e Asserj<\/em><\/p>\n<p>Procuradas na sexta-feira, a Associa\u00e7\u00e3o Brasileira de Rede de Farm\u00e1cias e Drogarias e a Associa\u00e7\u00e3o de Supermercados do Estado do Rio de Janeiro disseram que s\u00f3 poder\u00e3o se pronunciar nessa segunda-feira.<\/p>\n<p><img loading=\"lazy\" class=\"\" src=\"http:\/\/extra.globo.com\/incoming\/15723565-625-007\/w448h673-PROP\/protetor-solar.jpg\" alt=\"\" width=\"639\" height=\"960\" \/><\/p>\n<div>\n<\/div>\n","protected":false},"excerpt":{"rendered":"<p>Sob o sol intenso que brilha no Rio quase o ano inteiro, usar protetor solar<\/p>\n","protected":false},"author":2,"featured_media":18501,"comment_status":"open","ping_status":"open","sticky":false,"template":"","format":"standard","meta":[],"categories":[],"tags":[],"uagb_featured_image_src":{"full":["https:\/\/espacoecologico.com.br\/arquivo\/wp-content\/uploads\/2015\/03\/dermatologista.jpg",415,265,false],"thumbnail":["https:\/\/espacoecologico.com.br\/arquivo\/wp-content\/uploads\/2015\/03\/dermatologista-150x150.jpg",150,150,true],"medium":["https:\/\/espacoecologico.com.br\/arquivo\/wp-content\/uploads\/2015\/03\/dermatologista-300x192.jpg",300,192,true],"medium_large":["https:\/\/espacoecologico.com.br\/arquivo\/wp-content\/uploads\/2015\/03\/dermatologista.jpg",415,265,false],"large":["https:\/\/espacoecologico.com.br\/arquivo\/wp-content\/uploads\/2015\/03\/dermatologista.jpg",415,265,false],"1536x1536":["https:\/\/espacoecologico.com.br\/arquivo\/wp-content\/uploads\/2015\/03\/dermatologista.jpg",415,265,false],"2048x2048":["https:\/\/espacoecologico.com.br\/arquivo\/wp-content\/uploads\/2015\/03\/dermatologista.jpg",415,265,false],"cream-magazine-thumbnail-2":["https:\/\/espacoecologico.com.br\/arquivo\/wp-content\/uploads\/2015\/03\/dermatologista.jpg",415,265,false],"cream-magazine-thumbnail-3":["https:\/\/espacoecologico.com.br\/arquivo\/wp-content\/uploads\/2015\/03\/dermatologista.jpg",415,265,false],"cream-magazine-thumbnail-4":["https:\/\/espacoecologico.com.br\/arquivo\/wp-content\/uploads\/2015\/03\/dermatologista.jpg",415,265,false]},"uagb_author_info":{"display_name":"","author_link":"https:\/\/espacoecologico.com.br\/arquivo\/author\/"},"uagb_comment_info":0,"uagb_excerpt":"Sob o sol intenso que brilha no Rio quase o ano inteiro, usar protetor solar","_links":{"self":[{"href":"https:\/\/espacoecologico.com.br\/arquivo\/wp-json\/wp\/v2\/posts\/18500"}],"collection":[{"href":"https:\/\/espacoecologico.com.br\/arquivo\/wp-json\/wp\/v2\/posts"}],"about":[{"href":"https:\/\/espacoecologico.com.br\/arquivo\/wp-json\/wp\/v2\/types\/post"}],"author":[{"embeddable":true,"href":"https:\/\/espacoecologico.com.br\/arquivo\/wp-json\/wp\/v2\/users\/2"}],"replies":[{"embeddable":true,"href":"https:\/\/espacoecologico.com.br\/arquivo\/wp-json\/wp\/v2\/comments?post=18500"}],"version-history":[{"count":0,"href":"https:\/\/espacoecologico.com.br\/arquivo\/wp-json\/wp\/v2\/posts\/18500\/revisions"}],"wp:featuredmedia":[{"embeddable":true,"href":"https:\/\/espacoecologico.com.br\/arquivo\/wp-json\/wp\/v2\/media\/18501"}],"wp:attachment":[{"href":"https:\/\/espacoecologico.com.br\/arquivo\/wp-json\/wp\/v2\/media?parent=18500"}],"wp:term":[{"taxonomy":"category","embeddable":true,"href":"https:\/\/espacoecologico.com.br\/arquivo\/wp-json\/wp\/v2\/categories?post=18500"},{"taxonomy":"post_tag","embeddable":true,"href":"https:\/\/espacoecologico.com.br\/arquivo\/wp-json\/wp\/v2\/tags?post=18500"}],"curies":[{"name":"wp","href":"https:\/\/api.w.org\/{rel}","templated":true}]}}