{"id":18492,"date":"2015-03-30T11:00:16","date_gmt":"2015-03-30T11:00:16","guid":{"rendered":"https:\/\/espacoecologico.com.br\/arquivo\/?p=18492"},"modified":"2015-03-29T20:40:27","modified_gmt":"2015-03-29T20:40:27","slug":"com-menos-de-20-aguas-de-coremas-estao-sendo-desviadas-para-irrigacao-no-rn","status":"publish","type":"post","link":"https:\/\/espacoecologico.com.br\/arquivo\/com-menos-de-20-aguas-de-coremas-estao-sendo-desviadas-para-irrigacao-no-rn\/","title":{"rendered":"Com menos de 20%, \u00e1guas de Coremas est\u00e3o sendo desviadas para irriga\u00e7\u00e3o no RN"},"content":{"rendered":"<p><a href=\"https:\/\/espacoecologico.com.br\/arquivo\/wp-content\/uploads\/2015\/03\/acude_coremas.jpg\"><img loading=\"lazy\" class=\"alignleft size-medium wp-image-18493\" src=\"https:\/\/espacoecologico.com.br\/arquivo\/wp-content\/uploads\/2015\/03\/acude_coremas-300x192.jpg\" alt=\"\" width=\"300\" height=\"192\" srcset=\"https:\/\/espacoecologico.com.br\/arquivo\/wp-content\/uploads\/2015\/03\/acude_coremas-300x192.jpg 300w, https:\/\/espacoecologico.com.br\/arquivo\/wp-content\/uploads\/2015\/03\/acude_coremas.jpg 415w\" sizes=\"(max-width: 300px) 100vw, 300px\" \/><\/a>As \u00e1guas do a\u00e7ude de Coremas, que esta com pouco mais de 19% de capacidade de armazenamento, segundo o \u00faltimo levantamento da Ag\u00eancia Estadual de Gest\u00e3o das \u00c1guas da Para\u00edba (Aesa), est\u00e3o sendo utilizadas para irriga\u00e7\u00e3o em munic\u00edpios do Rio Grande do Norte. A constata\u00e7\u00e3o foi realizada pela Frente Parlamentar da \u00c1gua durante uma audi\u00eancia p\u00fablica no s\u00e1bado (28).<\/p>\n<p>A audi\u00eancia, realizada na C\u00e2mara Municipal de Pombal, levantou as preocupa\u00e7\u00f5es da popula\u00e7\u00e3o e dos parlamentares com rela\u00e7\u00e3o a utiliza\u00e7\u00e3o indevida da \u00e1gua para irriga\u00e7\u00f5es, j\u00e1 que o volume do a\u00e7ude \u00e9 inferior a 20% e, mesmo com as chuvas, n\u00e3o tem recebido recarga.<\/p>\n<p>O presidente da Frente Parlamentar, deputado Jeov\u00e1 Campos (PSB), informou ao <strong>Portal Correio<\/strong> que a situa\u00e7\u00e3o \u00e9 preocupante, j\u00e1 que a popula\u00e7\u00e3o vive dias de desabastecimento. O caso vai ser levado ao conhecimento da Ag\u00eancia Nacional das \u00c1guas (ANA), que gerencia a distribui\u00e7\u00e3o da \u00e1gua.<\/p>\n<p>\u201cFizemos essa audi\u00eancia e confirmamos a den\u00fancia. V\u00e1rios t\u00e9cnicos e lideran\u00e7as falaram sobre a quest\u00e3o e ficamos preocupados com a situa\u00e7\u00e3o, porque, se forem mantidos os n\u00edveis de hoje, vamos ter a necessidade de redefinir a distribui\u00e7\u00e3o da \u00e1gua para evitar uma calamidade nos munic\u00edpios paraibanos que s\u00e3o abastecidos por Coremas\u201d, afirmou Joev\u00e1 Campos.<\/p>\n<p>Segundo o deputado, uma audi\u00eancia com a presen\u00e7a do diretor presidente da ANA, Vicente Andreu, esta marcada para o dia nove de abril, provavelmente no Plen\u00e1rio da Assembleia Legislativa da Para\u00edba (ALPB), onde a den\u00fancia vai ser formalizada e ser\u00e1 feito um pedido para que provid\u00eancias sejam tomadas.<\/p>\n","protected":false},"excerpt":{"rendered":"<p>As \u00e1guas do a\u00e7ude de Coremas, que esta com pouco mais de 19% de capacidade<\/p>\n","protected":false},"author":2,"featured_media":18493,"comment_status":"open","ping_status":"open","sticky":false,"template":"","format":"standard","meta":[],"categories":[],"tags":[],"uagb_featured_image_src":{"full":["https:\/\/espacoecologico.com.br\/arquivo\/wp-content\/uploads\/2015\/03\/acude_coremas.jpg",415,265,false],"thumbnail":["https:\/\/espacoecologico.com.br\/arquivo\/wp-content\/uploads\/2015\/03\/acude_coremas-150x150.jpg",150,150,true],"medium":["https:\/\/espacoecologico.com.br\/arquivo\/wp-content\/uploads\/2015\/03\/acude_coremas-300x192.jpg",300,192,true],"medium_large":["https:\/\/espacoecologico.com.br\/arquivo\/wp-content\/uploads\/2015\/03\/acude_coremas.jpg",415,265,false],"large":["https:\/\/espacoecologico.com.br\/arquivo\/wp-content\/uploads\/2015\/03\/acude_coremas.jpg",415,265,false],"1536x1536":["https:\/\/espacoecologico.com.br\/arquivo\/wp-content\/uploads\/2015\/03\/acude_coremas.jpg",415,265,false],"2048x2048":["https:\/\/espacoecologico.com.br\/arquivo\/wp-content\/uploads\/2015\/03\/acude_coremas.jpg",415,265,false],"cream-magazine-thumbnail-2":["https:\/\/espacoecologico.com.br\/arquivo\/wp-content\/uploads\/2015\/03\/acude_coremas.jpg",415,265,false],"cream-magazine-thumbnail-3":["https:\/\/espacoecologico.com.br\/arquivo\/wp-content\/uploads\/2015\/03\/acude_coremas.jpg",415,265,false],"cream-magazine-thumbnail-4":["https:\/\/espacoecologico.com.br\/arquivo\/wp-content\/uploads\/2015\/03\/acude_coremas.jpg",415,265,false]},"uagb_author_info":{"display_name":"","author_link":"https:\/\/espacoecologico.com.br\/arquivo\/author\/"},"uagb_comment_info":0,"uagb_excerpt":"As \u00e1guas do a\u00e7ude de Coremas, que esta com pouco mais de 19% de capacidade","_links":{"self":[{"href":"https:\/\/espacoecologico.com.br\/arquivo\/wp-json\/wp\/v2\/posts\/18492"}],"collection":[{"href":"https:\/\/espacoecologico.com.br\/arquivo\/wp-json\/wp\/v2\/posts"}],"about":[{"href":"https:\/\/espacoecologico.com.br\/arquivo\/wp-json\/wp\/v2\/types\/post"}],"author":[{"embeddable":true,"href":"https:\/\/espacoecologico.com.br\/arquivo\/wp-json\/wp\/v2\/users\/2"}],"replies":[{"embeddable":true,"href":"https:\/\/espacoecologico.com.br\/arquivo\/wp-json\/wp\/v2\/comments?post=18492"}],"version-history":[{"count":0,"href":"https:\/\/espacoecologico.com.br\/arquivo\/wp-json\/wp\/v2\/posts\/18492\/revisions"}],"wp:featuredmedia":[{"embeddable":true,"href":"https:\/\/espacoecologico.com.br\/arquivo\/wp-json\/wp\/v2\/media\/18493"}],"wp:attachment":[{"href":"https:\/\/espacoecologico.com.br\/arquivo\/wp-json\/wp\/v2\/media?parent=18492"}],"wp:term":[{"taxonomy":"category","embeddable":true,"href":"https:\/\/espacoecologico.com.br\/arquivo\/wp-json\/wp\/v2\/categories?post=18492"},{"taxonomy":"post_tag","embeddable":true,"href":"https:\/\/espacoecologico.com.br\/arquivo\/wp-json\/wp\/v2\/tags?post=18492"}],"curies":[{"name":"wp","href":"https:\/\/api.w.org\/{rel}","templated":true}]}}