{"id":18488,"date":"2015-03-30T10:00:17","date_gmt":"2015-03-30T10:00:17","guid":{"rendered":"https:\/\/espacoecologico.com.br\/arquivo\/?p=18488"},"modified":"2015-03-29T20:38:10","modified_gmt":"2015-03-29T20:38:10","slug":"joao-pessoa-tem-102-pontos-que-alagam-frequentemente-com-chuvas","status":"publish","type":"post","link":"https:\/\/espacoecologico.com.br\/arquivo\/joao-pessoa-tem-102-pontos-que-alagam-frequentemente-com-chuvas\/","title":{"rendered":"Jo\u00e3o Pessoa tem 102 pontos que alagam frequentemente com chuvas"},"content":{"rendered":"<p><a href=\"https:\/\/espacoecologico.com.br\/arquivo\/wp-content\/uploads\/2015\/03\/chuvas_alagamento.jpg\"><img loading=\"lazy\" class=\"alignleft size-medium wp-image-18489\" src=\"https:\/\/espacoecologico.com.br\/arquivo\/wp-content\/uploads\/2015\/03\/chuvas_alagamento-300x192.jpg\" alt=\"\" width=\"300\" height=\"192\" srcset=\"https:\/\/espacoecologico.com.br\/arquivo\/wp-content\/uploads\/2015\/03\/chuvas_alagamento-300x192.jpg 300w, https:\/\/espacoecologico.com.br\/arquivo\/wp-content\/uploads\/2015\/03\/chuvas_alagamento.jpg 415w\" sizes=\"(max-width: 300px) 100vw, 300px\" \/><\/a>Os moradores de Jo\u00e3o Pessoa j\u00e1 sabem que, quando chove, \u00e9 preciso ficar atentos por onde andam. Muitos pontos acumulam \u00e1gua em excesso e prejudicam os motoristas e pedestres que tentarem se locomover pela cidade. A Prefeitura tamb\u00e9m j\u00e1 sabe disso. Segundo a Defesa Civil Municipal, Jo\u00e3o Pessoa tem 102 pontos de alagamento recorrentes.<\/p>\n<p>A estudante universit\u00e1ria Jennifer Carneiro, moradora do bairro dos Banc\u00e1rios, enfrenta problemas sempre que chove, apesar de n\u00e3o haver um ponto de alagamento na rua em que mora. \u201cPrejudica todo mundo pra descer do \u00f4nibus e pra passar at\u00e9 de carro. Quando chove muito, o Banc\u00e1rios vira um inferno porque na maioria das ruas n\u00e3o tem boca de lobo e junta \u00e1gua. Fora tamb\u00e9m as pessoas na cal\u00e7ada que n\u00e3o podem passar, se n\u00e3o tomam banho de algum carro\u201d, desabafou.<\/p>\n<div class=\"foto componente_materia midia-largura-300\"><img loading=\"lazy\" title=\"Ruas no bairro do Banc\u00e1rios fiacaram alagadas e o tr\u00e2nsito ficou lento (Foto: Frederico Martins\/G1)\" src=\"http:\/\/s2.glbimg.com\/iFZ0gn15sicuXrKCL4OM4yxYmMg=\/300x225\/s.glbimg.com\/jo\/g1\/f\/original\/2015\/03\/22\/alagamento.jpg\" alt=\"Ruas no bairro do Banc\u00e1rios fiacaram alagadas e o tr\u00e2nsito ficou lento (Foto: Frederico Martins\/G1)\" width=\"300\" height=\"225\" \/><strong>V\u00e1rias ruas no bairro do Banc\u00e1rios ficam alagadas<br \/>\nem \u00e9poca de chuva (Foto: Frederico Martins\/G1)<\/strong><\/div>\n<p>Jennifer contou que durante as chuvas da semana passada teve dificuldades para buscar a av\u00f3, que \u00e9 idosa, na igreja. \u201cEu sai com minha m\u00e3e para buscar minha av\u00f3 na igreja e chovia muito. A gente passou por umas quatro ou cinco ruas alagadas. A rua lateral da igreja parecia um rio e o tr\u00e2nsito estava parado. S\u00f3 conseguimos busc\u00e1-la cortando caminho e at\u00e9 passando por dentro da \u00e1gua mesmo. E minha av\u00f3 teve que passar pela \u00e1gua at\u00e9 chegar no carro porque n\u00e3o tinha jeito\u201d, relatou.<\/p>\n<p>Os pontos est\u00e3o espalhados por diversos bairros, mas o coordenador da Defesa Civil, No\u00e9 Estrela, informou que atitudes est\u00e3o sendo tomadas para minimizar os contratempos da popula\u00e7\u00e3o. \u201cJ\u00e1 temos projetos para corre\u00e7\u00e3o nos pontos mais cr\u00edticos que j\u00e1 est\u00e3o inclusive licitados\u201d, garantiu.<\/p>\n<p>Al\u00e9m da Avenida S\u00e9rgio Guerra, a principal dos Banc\u00e1rios, No\u00e9 citou como os lugares mais cr\u00edticos a Avenida Ministro Jos\u00e9 Am\u00e9rico de Almeida, tamb\u00e9m conhecida como Avenida Beira Rio, nas proximidades da rotat\u00f3ria que d\u00e1 acesso ao Altiplano; no entorno do Mercado da Torre; na Avenida Jo\u00e3o Machado; na Avenida J\u00falia Freire; na Avenida Coremas; na Avenida Sanhau\u00e1, em frente \u00e0 Esta\u00e7\u00e3o Ferrovi\u00e1ria; na Avenida Hilton Souto Maior, a principal do Jos\u00e9 Am\u00e9rico; na regi\u00e3o do Conjunto Esplanada; e na Avenida Epit\u00e1cio Pessoa, principalmente em frente ao Col\u00e9gio Nossa Senhora de Lourdes.<\/p>\n<div class=\"frase-materia componente_materia expandido\">\n<div class=\"frase\">Via de regra, \u00e9 mais f\u00e1cil e menos oneroso trabalhar de forma preventiva do que de forma corretiva&#8221;<\/div>\n<div class=\"autor\">Paulo Peregrino,<br \/>\npesquisador em engenharia<br \/>\nurbana e ambiental<\/div>\n<\/div>\n<p>Para No\u00e9, o problema tem sua origem no in\u00edcio da cidade, quando Jo\u00e3o Pessoa tinha menos habitantes e menos carros. \u201cJo\u00e3o Pessoa \u00e9 uma cidade antiga. Por isso, a tubula\u00e7\u00e3o da parte de drenagem tamb\u00e9m \u00e9 antiga. Em determinados pontos, a tubula\u00e7\u00e3o tem um estreitamento. Mas a cidade cresceu muito. Assim, a \u00e1gua retorna e causa o alagamento. Para corrigir isso, temos que localizar onde est\u00e3o os pontos de estreitamento e quebrar a cal\u00e7ada e a rua para consertar o problema\u201d, disse.<\/p>\n<p>O professor do curso de Tecnologia em Design de Interiores do Instituto Federal de Educa\u00e7\u00e3o, Ci\u00eancia e Tecnologia da Para\u00edba (IFPB), Paulo Peregrino, que \u00e9 pesquisador da \u00e1rea de engenharia urbana e ambiental, concorda em parte com o coordenador da Defesa Civil. Por\u00e9m, ele acredita que toda a\u00e7\u00e3o do homem sobre o meio natural altera o seu curso e traz consequ\u00eancias. \u201cEstas a\u00e7\u00f5es aceleram os processos e n\u00e3o respeitam o tempo que a natureza requer para se adequar \u00e0s mudan\u00e7as de maneira normal\u201d, comentou.<\/p>\n<p>Ele cita como poss\u00edveis raz\u00f5es estruturais para este problema urbano a impermeabiliza\u00e7\u00e3o do solo, tanto das vias quanto dos pr\u00f3prios lotes, pois aumenta a velocidade do escoamento e reduz a capacidade de absor\u00e7\u00e3o; altera\u00e7\u00f5es do clima urbano decorrentes do processo de urbaniza\u00e7\u00e3o, causando muitas vezes uma maior precipita\u00e7\u00e3o; e aus\u00eancia de drenagem de \u00e1guas pluviais em alguns bairros.<\/p>\n<p>Ele ainda menciona o desmatamento, que causa a perda da reten\u00e7\u00e3o da \u00e1gua por parte da vegeta\u00e7\u00e3o e desacelera o escoamento superficial. Isso dificulta a absor\u00e7\u00e3o da \u00e1gua pelo solo natural e acelera a sua chegada aos cursos de \u00e1gua, superando a sua capacidade de vaz\u00e3o natural.<\/p>\n<p>A popula\u00e7\u00e3o tamb\u00e9m ajuda a agravar a situa\u00e7\u00e3o, segundo Peregrino. O ac\u00famulo de lixo nas galerias de escoamento de \u00e1guas pluviais, por exemplo, acaba reduzindo a sua efici\u00eancia quanto \u00e0 vaz\u00e3o, e provoca o ac\u00famulo de \u00e1gua nas vias de cotas mais baixas. As liga\u00e7\u00f5es clandestinas de \u00e1guas pluviais nas galerias de esgoto tamb\u00e9m causam problemas. Entre outros, o transbordamento das \u00e1guas sobre as vias.<\/p>\n<div class=\"foto componente_materia midia-largura-300\"><img loading=\"lazy\" title=\"Chuva alagou avenida no bairro do Varadouro (Foto: Walter Paparazzo\/G1)\" src=\"http:\/\/s2.glbimg.com\/vmlDbBbGkhL5P8_UhRZuS_3up_A=\/300x225\/s.glbimg.com\/jo\/g1\/f\/original\/2015\/03\/06\/chuva2.jpg\" alt=\"Chuva alagou avenida no bairro do Varadouro (Foto: Walter Paparazzo\/G1)\" width=\"300\" height=\"225\" \/><strong>Avenida em frente \u00e0 Esta\u00e7\u00e3o Ferrovi\u00e1ria \u00e9 conhecida<br \/>\npelos alagamentos (Foto: Walter Paparazzo\/G1)<\/strong><\/div>\n<p>\u201cA cidade \u00e9 um organismo, e deve ser entendida como tal, exigindo um planejamento feito de forma multidisciplinar, envolvendo profissionais de v\u00e1rias especialidades e tamb\u00e9m o cidad\u00e3o comum, que possui a percep\u00e7\u00e3o da cidade na pr\u00e1tica di\u00e1ria\u201d, explicou Paulo Peregrino.<\/p>\n<p>\u201cEntretanto, n\u00e3o \u00e9 s\u00f3 planejar, mas sobretudo efetivar as a\u00e7\u00f5es deste planejamento e acompanhar os seus resultados, diagnosticando, monitorando as respostas da cidade em rela\u00e7\u00e3o ao planejamento tra\u00e7ado e fazendo ajustes sempre que necess\u00e1rio, num ciclo que retroalimenta o processo de planejar, pois via de regra \u00e9 mais f\u00e1cil e menos oneroso trabalhar de forma preventiva do que de forma corretiva\u201d, complementou.<\/p>\n<p><strong>A\u00e7\u00f5es da Prefeitura<\/strong><br \/>\nA Opera\u00e7\u00e3o \u201cJo\u00e3o Pessoa em A\u00e7\u00e3o \u2013 For\u00e7a Municipal de Preven\u00e7\u00e3o de Riscos\u201d re\u00fane a Defesa Civil, quatro secretarias e a Autarquia Especial Municipal de Limpeza Urbana (Emlur) e executa a\u00e7\u00f5es, diariamente, em v\u00e1rios pontos da cidade para coibir os efeitos das chuvas e evitar transtornos para a popula\u00e7\u00e3o, segundo informa\u00e7\u00f5es da Secretaria de Planejamento (Seplan). O objetivo \u00e9 prevenir as \u00e1reas consideradas de risco e com poss\u00edveis pontos de alagamento durante o per\u00edodo chuvoso.<\/p>\n<div class=\"foto componente_materia midia-largura-300\"><img loading=\"lazy\" title=\"Obras na Lagoa interditam tr\u00e2nsito no rolamento esquerdo do Parque Solon de Lucena (Foto: Alessandro Potter\/Secom JP)\" src=\"http:\/\/s2.glbimg.com\/xpuP4twuTc63yIQ5J9MLy3kAJSs=\/300x225\/s.glbimg.com\/jo\/g1\/f\/original\/2014\/04\/28\/lagoa.jpg\" alt=\"Obras na Lagoa interditam tr\u00e2nsito no rolamento esquerdo do Parque Solon de Lucena (Foto: Alessandro Potter\/Secom JP)\" width=\"300\" height=\"225\" \/><strong>Obras no Parque Solon de Lucena devem evitar<br \/>\nalagamentos e que a Lagoa transborde<br \/>\n(Foto: Alessandro Potter\/Secom JP)<\/strong><\/div>\n<p>Est\u00e3o entre as a\u00e7\u00f5es desassoreamento de rios, capina\u00e7\u00e3o, ro\u00e7agem, remo\u00e7\u00e3o de entulhos, demoli\u00e7\u00e3o de resid\u00eancias, poda de \u00e1rvores, limpeza de canaletas, loneamento de barreiras, desobstru\u00e7\u00e3o de galerias pluviais, recupera\u00e7\u00e3o de bocas de lobo e assist\u00eancia social.<\/p>\n<p>A Seplan e a Secretaria de Infraestrutura (Seinfra) informaram que est\u00e3o trabalhando com o projeto da Lagoa do Parque Solon de Lucena, que, depois de conclu\u00edda a etapa de dessaroreamento, deve impedir novos alagamentos na \u00e1rea, al\u00e9m da reurbaniza\u00e7\u00e3o do Bairro S\u00e3o Jos\u00e9.<\/p>\n<p>A Seinfra ainda informou que tem trabalhado constantemente para manter bueiros e galerias limpas com uma programa\u00e7\u00e3o di\u00e1ria e que realiza um trabalho preventivo de limpeza e drenagem em rios e canais em toda Jo\u00e3o Pessoa. O servi\u00e7o pode ser solicitado pela popula\u00e7\u00e3o por meio do telefone 0800 031 1530. Os servi\u00e7os de manuten\u00e7\u00e3o e conserva\u00e7\u00e3o de galerias incluem a recupera\u00e7\u00e3o, limpeza com retirada de entulho e lan\u00e7amentos, escova\u00e7\u00e3o e coloca\u00e7\u00e3o de tampa e de grelha.<\/p>\n<p>\u201cO resultado desse trabalho \u00e9 que em v\u00e1rios pontos da cidade n\u00e3o s\u00e3o mais registrados alagamentos, a exemplo da Beira Rio. A limpeza do Rio Jaguaribe j\u00e1 foi realizada e as obras de drenagem est\u00e3o em andamento. Pode-se perceber que apesar das intensas chuvas dos \u00faltimos dias, a Beira Rio n\u00e3o alagou e o tr\u00e2nsito fluiu normalmente\u201d, disse a Seinfra por meio de nota.<\/p>\n","protected":false},"excerpt":{"rendered":"<p>Os moradores de Jo\u00e3o Pessoa j\u00e1 sabem que, quando chove, \u00e9 preciso ficar atentos por<\/p>\n","protected":false},"author":2,"featured_media":18489,"comment_status":"open","ping_status":"open","sticky":false,"template":"","format":"standard","meta":[],"categories":[],"tags":[],"uagb_featured_image_src":{"full":["https:\/\/espacoecologico.com.br\/arquivo\/wp-content\/uploads\/2015\/03\/chuvas_alagamento.jpg",415,265,false],"thumbnail":["https:\/\/espacoecologico.com.br\/arquivo\/wp-content\/uploads\/2015\/03\/chuvas_alagamento-150x150.jpg",150,150,true],"medium":["https:\/\/espacoecologico.com.br\/arquivo\/wp-content\/uploads\/2015\/03\/chuvas_alagamento-300x192.jpg",300,192,true],"medium_large":["https:\/\/espacoecologico.com.br\/arquivo\/wp-content\/uploads\/2015\/03\/chuvas_alagamento.jpg",415,265,false],"large":["https:\/\/espacoecologico.com.br\/arquivo\/wp-content\/uploads\/2015\/03\/chuvas_alagamento.jpg",415,265,false],"1536x1536":["https:\/\/espacoecologico.com.br\/arquivo\/wp-content\/uploads\/2015\/03\/chuvas_alagamento.jpg",415,265,false],"2048x2048":["https:\/\/espacoecologico.com.br\/arquivo\/wp-content\/uploads\/2015\/03\/chuvas_alagamento.jpg",415,265,false],"cream-magazine-thumbnail-2":["https:\/\/espacoecologico.com.br\/arquivo\/wp-content\/uploads\/2015\/03\/chuvas_alagamento.jpg",415,265,false],"cream-magazine-thumbnail-3":["https:\/\/espacoecologico.com.br\/arquivo\/wp-content\/uploads\/2015\/03\/chuvas_alagamento.jpg",415,265,false],"cream-magazine-thumbnail-4":["https:\/\/espacoecologico.com.br\/arquivo\/wp-content\/uploads\/2015\/03\/chuvas_alagamento.jpg",415,265,false]},"uagb_author_info":{"display_name":"","author_link":"https:\/\/espacoecologico.com.br\/arquivo\/author\/"},"uagb_comment_info":1,"uagb_excerpt":"Os moradores de Jo\u00e3o Pessoa j\u00e1 sabem que, quando chove, \u00e9 preciso ficar atentos por","_links":{"self":[{"href":"https:\/\/espacoecologico.com.br\/arquivo\/wp-json\/wp\/v2\/posts\/18488"}],"collection":[{"href":"https:\/\/espacoecologico.com.br\/arquivo\/wp-json\/wp\/v2\/posts"}],"about":[{"href":"https:\/\/espacoecologico.com.br\/arquivo\/wp-json\/wp\/v2\/types\/post"}],"author":[{"embeddable":true,"href":"https:\/\/espacoecologico.com.br\/arquivo\/wp-json\/wp\/v2\/users\/2"}],"replies":[{"embeddable":true,"href":"https:\/\/espacoecologico.com.br\/arquivo\/wp-json\/wp\/v2\/comments?post=18488"}],"version-history":[{"count":0,"href":"https:\/\/espacoecologico.com.br\/arquivo\/wp-json\/wp\/v2\/posts\/18488\/revisions"}],"wp:featuredmedia":[{"embeddable":true,"href":"https:\/\/espacoecologico.com.br\/arquivo\/wp-json\/wp\/v2\/media\/18489"}],"wp:attachment":[{"href":"https:\/\/espacoecologico.com.br\/arquivo\/wp-json\/wp\/v2\/media?parent=18488"}],"wp:term":[{"taxonomy":"category","embeddable":true,"href":"https:\/\/espacoecologico.com.br\/arquivo\/wp-json\/wp\/v2\/categories?post=18488"},{"taxonomy":"post_tag","embeddable":true,"href":"https:\/\/espacoecologico.com.br\/arquivo\/wp-json\/wp\/v2\/tags?post=18488"}],"curies":[{"name":"wp","href":"https:\/\/api.w.org\/{rel}","templated":true}]}}