{"id":18445,"date":"2015-03-29T15:00:03","date_gmt":"2015-03-29T15:00:03","guid":{"rendered":"https:\/\/espacoecologico.com.br\/arquivo\/?p=18445"},"modified":"2015-03-29T13:23:14","modified_gmt":"2015-03-29T13:23:14","slug":"projeto-contra-morte-de-animais-em-rituais-religiosos-pode-alcancar-todo-o-pais","status":"publish","type":"post","link":"https:\/\/espacoecologico.com.br\/arquivo\/projeto-contra-morte-de-animais-em-rituais-religiosos-pode-alcancar-todo-o-pais\/","title":{"rendered":"Projeto contra morte de animais em rituais religiosos pode alcan\u00e7ar todo o pa\u00eds"},"content":{"rendered":"<p><a href=\"https:\/\/espacoecologico.com.br\/arquivo\/wp-content\/uploads\/2015\/03\/encontro_religioso.jpg\"><img loading=\"lazy\" class=\"alignleft size-medium wp-image-18449\" src=\"https:\/\/espacoecologico.com.br\/arquivo\/wp-content\/uploads\/2015\/03\/encontro_religioso-300x192.jpg\" alt=\"\" width=\"300\" height=\"192\" srcset=\"https:\/\/espacoecologico.com.br\/arquivo\/wp-content\/uploads\/2015\/03\/encontro_religioso-300x192.jpg 300w, https:\/\/espacoecologico.com.br\/arquivo\/wp-content\/uploads\/2015\/03\/encontro_religioso.jpg 415w\" sizes=\"(max-width: 300px) 100vw, 300px\" \/><\/a>A morte de animais em rituais religiosos volta ao debate no Rio Grande do Sul e causa pol\u00eamica na Assembleia Legislativa. A quarta-feira (25) foi marcada por atividades contra e a favor do projeto da deputada estadual Regina Becker (PDT) que tramita no Legislativo e pro\u00edbe a morte de animais pelas religi\u00f5es afro-brasileiras. Em 2003, a pr\u00e1tica foi barrada com a aprova\u00e7\u00e3o do C\u00f3digo Estadual de Prote\u00e7\u00e3o aos Animais pela Assembleia. Entretanto, um ano depois, o parlamento sofreu press\u00e3o das institui\u00e7\u00f5es dos Povos de Terreiro e voltou atr\u00e1s, liberando a explora\u00e7\u00e3o dos animais.<\/p>\n<p>Ao final da tarde de ter\u00e7a-feira, em frente ao Legislativo, defensores dos animais e integrantes das religi\u00f5es de matriz africana se encontraram. Centenas de representantes das religi\u00f5es afro-brasileiras estavam espalhadas em tendas montadas na Pra\u00e7a Marechal Deodoro e na entrada da Assembleia que d\u00e1 acesso ao Teatro Dante Barone, onde ocorreu a audi\u00eancia p\u00fablica pela liberdade de cultos religiosos desses povos. J\u00e1 o grupo de ativistas pelos animais, bem menor, caminhou at\u00e9 o local com faixas, m\u00e1scaras representando animais e rostos pintados de vermelho, simbolizando sangue. \u00c0 medida que eles se aproximavam, lideran\u00e7as religiosas pediam aos seus membros para n\u00e3o fazer e nem aceitar provoca\u00e7\u00f5es.<\/p>\n<p>Em sua justificativa para proibir a morte de animais pelas religi\u00f5es afro-brasileiras, a deputada Regina alegou o sofrimento causado aos animais e \u201cuma quest\u00e3o de sa\u00fade p\u00fablica\u201d, devido \u00e0 decomposi\u00e7\u00e3o dos mesmos em locais p\u00fablicos, como ruas e pra\u00e7as. \u201cAl\u00e9m da inconformidade com a morte de animais para este fim, \u00e9 imensur\u00e1vel o sofrimento que adv\u00e9m do constrangimento a que somos submetidos, encontrando os corpos em putrefa\u00e7\u00e3o utilizados nas oferendas em locais p\u00fablicos, inclusive o de seres que nossa cultura sequer assimila como alimento\u201d, diz um trecho da justificativa do projeto.<\/p>\n<p>O Presidente da Comiss\u00e3o de Prote\u00e7\u00e3o e Defesa dos Animais da OAB\/RJ, Reynaldo Velloso, esteve presente e apresentou parecer contr\u00e1rio ao uso de animais nos rituais, segundo Velloso,\u201d o direito a liberdade religiosa n\u00e3o \u00e9 absoluto e deve se submeter \u00e0s restri\u00e7\u00f5es previstas a qualquer atividade. E neste caso, o limite \u00e9 a vida\u201d.<\/p>\n<p>Do outro lado, as institui\u00e7\u00f5es dos Povos de Terreiros tamb\u00e9m t\u00eam seus argumentos para defender o uso de animais nos rituais. Na audi\u00eancia publicada, promovida pela Frente Parlamentar contra o Racismo, a Homofobia e outras formas de Discrimina\u00e7\u00e3o, os religiosos, a grande maioria de branco, pregaram a inconstitucionalidade do projeto, j\u00e1 que a Constitui\u00e7\u00e3o Federal assegura o direito ao culto.<\/p>\n","protected":false},"excerpt":{"rendered":"<p>A morte de animais em rituais religiosos volta ao debate no Rio Grande do Sul<\/p>\n","protected":false},"author":2,"featured_media":18449,"comment_status":"open","ping_status":"open","sticky":false,"template":"","format":"standard","meta":[],"categories":[],"tags":[],"uagb_featured_image_src":{"full":["https:\/\/espacoecologico.com.br\/arquivo\/wp-content\/uploads\/2015\/03\/encontro_religioso.jpg",415,265,false],"thumbnail":["https:\/\/espacoecologico.com.br\/arquivo\/wp-content\/uploads\/2015\/03\/encontro_religioso-150x150.jpg",150,150,true],"medium":["https:\/\/espacoecologico.com.br\/arquivo\/wp-content\/uploads\/2015\/03\/encontro_religioso-300x192.jpg",300,192,true],"medium_large":["https:\/\/espacoecologico.com.br\/arquivo\/wp-content\/uploads\/2015\/03\/encontro_religioso.jpg",415,265,false],"large":["https:\/\/espacoecologico.com.br\/arquivo\/wp-content\/uploads\/2015\/03\/encontro_religioso.jpg",415,265,false],"1536x1536":["https:\/\/espacoecologico.com.br\/arquivo\/wp-content\/uploads\/2015\/03\/encontro_religioso.jpg",415,265,false],"2048x2048":["https:\/\/espacoecologico.com.br\/arquivo\/wp-content\/uploads\/2015\/03\/encontro_religioso.jpg",415,265,false],"cream-magazine-thumbnail-2":["https:\/\/espacoecologico.com.br\/arquivo\/wp-content\/uploads\/2015\/03\/encontro_religioso.jpg",415,265,false],"cream-magazine-thumbnail-3":["https:\/\/espacoecologico.com.br\/arquivo\/wp-content\/uploads\/2015\/03\/encontro_religioso.jpg",415,265,false],"cream-magazine-thumbnail-4":["https:\/\/espacoecologico.com.br\/arquivo\/wp-content\/uploads\/2015\/03\/encontro_religioso.jpg",415,265,false]},"uagb_author_info":{"display_name":"","author_link":"https:\/\/espacoecologico.com.br\/arquivo\/author\/"},"uagb_comment_info":0,"uagb_excerpt":"A morte de animais em rituais religiosos volta ao debate no Rio Grande do Sul","_links":{"self":[{"href":"https:\/\/espacoecologico.com.br\/arquivo\/wp-json\/wp\/v2\/posts\/18445"}],"collection":[{"href":"https:\/\/espacoecologico.com.br\/arquivo\/wp-json\/wp\/v2\/posts"}],"about":[{"href":"https:\/\/espacoecologico.com.br\/arquivo\/wp-json\/wp\/v2\/types\/post"}],"author":[{"embeddable":true,"href":"https:\/\/espacoecologico.com.br\/arquivo\/wp-json\/wp\/v2\/users\/2"}],"replies":[{"embeddable":true,"href":"https:\/\/espacoecologico.com.br\/arquivo\/wp-json\/wp\/v2\/comments?post=18445"}],"version-history":[{"count":0,"href":"https:\/\/espacoecologico.com.br\/arquivo\/wp-json\/wp\/v2\/posts\/18445\/revisions"}],"wp:featuredmedia":[{"embeddable":true,"href":"https:\/\/espacoecologico.com.br\/arquivo\/wp-json\/wp\/v2\/media\/18449"}],"wp:attachment":[{"href":"https:\/\/espacoecologico.com.br\/arquivo\/wp-json\/wp\/v2\/media?parent=18445"}],"wp:term":[{"taxonomy":"category","embeddable":true,"href":"https:\/\/espacoecologico.com.br\/arquivo\/wp-json\/wp\/v2\/categories?post=18445"},{"taxonomy":"post_tag","embeddable":true,"href":"https:\/\/espacoecologico.com.br\/arquivo\/wp-json\/wp\/v2\/tags?post=18445"}],"curies":[{"name":"wp","href":"https:\/\/api.w.org\/{rel}","templated":true}]}}