{"id":18379,"date":"2015-03-28T17:08:39","date_gmt":"2015-03-28T17:08:39","guid":{"rendered":"https:\/\/espacoecologico.com.br\/arquivo\/?p=18379"},"modified":"2015-03-28T17:08:39","modified_gmt":"2015-03-28T17:08:39","slug":"comer-em-pratos-pequenos-nem-sempre-funciona-para-emagrecer","status":"publish","type":"post","link":"https:\/\/espacoecologico.com.br\/arquivo\/comer-em-pratos-pequenos-nem-sempre-funciona-para-emagrecer\/","title":{"rendered":"Comer em pratos pequenos nem sempre funciona para emagrecer"},"content":{"rendered":"<p><a href=\"https:\/\/espacoecologico.com.br\/arquivo\/wp-content\/uploads\/2015\/03\/prato_pequeno.jpg\"><img loading=\"lazy\" class=\"alignleft size-medium wp-image-18380\" src=\"https:\/\/espacoecologico.com.br\/arquivo\/wp-content\/uploads\/2015\/03\/prato_pequeno-300x192.jpg\" alt=\"\" width=\"300\" height=\"192\" srcset=\"https:\/\/espacoecologico.com.br\/arquivo\/wp-content\/uploads\/2015\/03\/prato_pequeno-300x192.jpg 300w, https:\/\/espacoecologico.com.br\/arquivo\/wp-content\/uploads\/2015\/03\/prato_pequeno.jpg 415w\" sizes=\"(max-width: 300px) 100vw, 300px\" \/><\/a>Um dos truques utilizados por quem quer emagrecer \u00e9 comer em pratos <a href=\"http:\/\/veja.abril.com.br\/noticia\/saude\/fazer-mais-refeicoes-no-dia-e-em-pratos-menores-evita-a-obesidade-infantil\/\" rel=\"\">pequenos<\/a>, como os de sobremesa, e n\u00e3o nos grandes. Especialistas em dieta dizem que esse h\u00e1bito faz uma pessoa ingerir menos alimentos. Para adolescentes acima do peso ideal, no entanto, a dica n\u00e3o funciona, revelou um estudo da Universidade de Connecticut, nos Estados Unidos.<\/p>\n<p>Pesquisadores entrevistaram 162 meninas de 14 a 18 anos, com diversos \u00edndices de massa corp\u00f3rea (IMC), sobre a percep\u00e7\u00e3o que elas tinham do tamanho de uma por\u00e7\u00e3o de comida em pratos de v\u00e1rios tamanhos. Eles descobriram que, na m\u00e9dia, o truque visual funcionava menos para adolescentes com sobrepeso e obesidade do que para as garotas de peso normal.<\/p>\n<p>&#8220;Presume-se que pessoas obesas ou com sobrepeso t\u00eam, em compara\u00e7\u00e3o com indiv\u00edduos de peso saud\u00e1vel, propens\u00e3o a subestimar o tamanho de uma por\u00e7\u00e3o e, consequentemente, comer mais. Isso valeria, sobretudo, para alimentos apresentados em recipientes grandes&#8221;, afirma o psiquiatra Lance Bauer, coautor do estudo. Por esse motivo, diz Bauer, quem quer emagrecer \u00e9 encorajado a comer em pratos pequenos &#8211; uma vez que a mesma por\u00e7\u00e3o que seria satisfat\u00f3ria em um recipiente pequeno e cheio pode n\u00e3o satisfazer a pessoa em um recipiente grande e menos preenchido.<\/p>\n<p>Na pesquisa, contudo, isso n\u00e3o aconteceu com as garotas acima do peso, cuja sensa\u00e7\u00e3o de saciedade n\u00e3o apresentou diferen\u00e7as se a mesma por\u00e7\u00e3o era servida em um recipiente pequeno ou em um grande. &#8220;A descoberta sugere que trocar um prato grande por um pequeno em uma refei\u00e7\u00e3o \u00e9 uma medida menos eficiente do que pens\u00e1vamos&#8221;, afirma Bauer. O estudo revelou tamb\u00e9m que as adolescentes n\u00e3o d\u00e3o tanta import\u00e2ncia a gr\u00e1ficos com informa\u00e7\u00f5es diet\u00e9ticas e contagem de calorias.<\/p>\n<p>Para Lance Bauer, as campanhas de emagrecimento direcionadas a adolescentes devem ser simples, claras, repetitivas e interessantes. A pesquisa foi apresentada nesta sexta-feira no encontro anual da Sociedade Americana Psicossom\u00e1tica.<\/p>\n<h4>Alimentos que emagrecem. S\u00f3 que n\u00e3o<\/h4>\n<p><img loading=\"lazy\" class=\"galeria-multimidia-midia galeria-multimidia-midia-loaded\" src=\"http:\/\/msalx.veja.abril.com.br\/2014\/08\/10\/0601\/pe6Cx\/alx_469537323_original.jpeg?1405377681\" alt=\"Goji berry\" width=\"638\" height=\"425\" \/><\/p>\n<ul>\n<li class=\"galeria-multimidia-item active\" data-tipo=\"imagem\" data-src=\"http:\/\/msalx.veja.abril.com.br\/2014\/08\/10\/0601\/pe6Cx\/alx_469537323_original.jpeg?1405377681\" data-thumb=\"http:\/\/msalx.veja.abril.com.br\/2014\/08\/10\/0601\/pNJcp\/alx_469537323_original.jpeg?1405377681\" data-titulo=\"Goji berry\">\n<div class=\"galeria-multimidia-item-link\">\n<div class=\"image-caption\">\n<h3>Goji berry<\/h3>\n<p><span class=\"description\"> Fruto da planta &#8220;Lycium barbarum&#8221;, o goji berry \u00e9 utilizado na medicina tradicional chinesa no tratamento de doen\u00e7as de f\u00edgado e rim. No Brasil, al\u00e7ou fama como uma via de emagrecimento r\u00e1pido. Trata-se, na realidade, de uma fruta cal\u00f3rica: duas colheres de sopa t\u00eam 100 calorias. &#8220;O goji berry ainda n\u00e3o foi estudado profundamente. Pequenos estudos demonstraram que ele pode ser ben\u00e9fico no controle do colesterol, mas nada foi provado sobre o emagrecimento&#8221;, diz Bruno Halpern, endocrinologista e coordenador do Centro de Controle de Peso do Hospital 9 de Julho, em S\u00e3o Paulo. <\/span><\/div>\n<\/div>\n<\/li>\n<li class=\"galeria-multimidia-item\" data-tipo=\"imagem\" data-src=\"http:\/\/msalx.veja.abril.com.br\/2014\/08\/10\/0601\/pe6Cx\/alx_183229970_original.jpeg?1405377015\" data-thumb=\"http:\/\/msalx.veja.abril.com.br\/2014\/08\/10\/0601\/pNJcp\/alx_183229970_original.jpeg?1405377015\" data-titulo=\"Caf\u00e9 verde\">\n<div class=\"galeria-multimidia-item-link\">\n<div class=\"content-block\">\n<figure><img loading=\"lazy\" class=\"galeria-multimidia-midia galeria-multimidia-midia-loaded\" src=\"http:\/\/msalx.veja.abril.com.br\/2014\/08\/10\/0601\/pe6Cx\/alx_183229970_original.jpeg?1405377015\" alt=\"Caf\u00e9 verde\" width=\"637\" height=\"584\" \/><figcaption><span class=\"fig-number\">2 de 8<\/span><span class=\"cred-source\">(Foto: Thinkstock\/VEJA)<\/span><\/figcaption><\/figure>\n<\/div>\n<div class=\"image-caption\">\n<h3>Caf\u00e9 verde<\/h3>\n<p><span class=\"description\"> O gr\u00e3o de caf\u00e9 verde, caracterizado como aquele que n\u00e3o passou pelo processo de torrefa\u00e7\u00e3o, ganhou fama de aliado do emagrecimento por ter uma dose um pouco maior de cafe\u00edna do que o caf\u00e9 preto. A cafe\u00edna acelera o metabolismo, eleva a temperatura corporal e aumenta os batimentos card\u00edacos \u2014 \u00e9 o que se chama de a\u00e7\u00e3o termog\u00eanica. &#8220;N\u00e3o h\u00e1 comprova\u00e7\u00e3o cient\u00edfica de que os produtos termog\u00eanicos emagre\u00e7am&#8221;, diz Claudia Cozer, endocrinologista e coordenadora do N\u00facleo de Obesidade e Transtornos Alimentares do Hospital S\u00edrio-Liban\u00eas, em S\u00e3o Paulo. Al\u00e9m disso, o alto consumo de cafe\u00edna prejudica a sa\u00fade. &#8220;Ele pode agravar a gastrite, a ins\u00f4nia e os quadros de hipertens\u00e3o&#8221;, diz Ana D\u00e2maso, nutricionista coordenadora do Grupo de Estudos da Obesidade da Universidade Federal de S\u00e3o Paulo (Unifesp). <\/span><\/div>\n<\/div>\n<\/li>\n<li class=\"galeria-multimidia-item\" data-tipo=\"imagem\" data-src=\"http:\/\/msalx.veja.abril.com.br\/2014\/08\/10\/0601\/pe6Cx\/alx_186607443_original.jpeg?1405377170\" data-thumb=\"http:\/\/msalx.veja.abril.com.br\/2014\/08\/10\/0601\/pNJcp\/alx_186607443_original.jpeg?1405377170\" data-titulo=\"\u00d3leo de coco\">\n<div class=\"galeria-multimidia-item-link\">\n<div class=\"content-block\">\n<figure><img loading=\"lazy\" class=\"galeria-multimidia-midia galeria-multimidia-midia-loaded\" src=\"http:\/\/msalx.veja.abril.com.br\/2014\/08\/10\/0601\/pe6Cx\/alx_186607443_original.jpeg?1405377170\" alt=\"\u00d3leo de coco\" width=\"639\" height=\"427\" \/><figcaption><span class=\"fig-number\">3 de 8<\/span><span class=\"cred-source\">(Foto: Thinkstock\/VEJA)<\/span><\/figcaption><\/figure>\n<\/div>\n<div class=\"image-caption\">\n<h3>\u00d3leo de coco<\/h3>\n<p><span class=\"description\"> Os adeptos do<strong> <a href=\"http:\/\/veja.abril.com.br\/noticia\/saude\/oleo-de-coco-para-emagrecer-nao-passa-de-uma-bobagem\" rel=\"\">\u00f3leo de coco<\/a><\/strong> acreditam que ingeri-lo em forma l\u00edquida ou em p\u00edlulas diminui a fome, acelera o metabolismo e ajuda a perder barriga. Bobagem. Seu alto \u00edndice de gordura saturada pode aumentar a por\u00e7\u00e3o ruim do colesterol, o LDL, e ocasionar problemas de sa\u00fade, como a arteriosclerose, doen\u00e7a que causa dep\u00f3sito de gordura na art\u00e9ria. &#8220;O \u00f3leo de coco tem mais calorias do que a manteiga e o azeite e, como qualquer gordura, se consumido em excesso, causar\u00e1 aumento do peso e problemas de sa\u00fade&#8221;, afirma Handyara Magalh\u00e3es Reinicke, nutricionista do hospital TotalCor, em S\u00e3o Paulo. <\/span><\/div>\n<div class=\"image-caption\"><\/div>\n<div class=\"image-caption\"><img loading=\"lazy\" class=\"galeria-multimidia-midia galeria-multimidia-midia-loaded\" src=\"http:\/\/msalx.veja.abril.com.br\/2014\/08\/10\/0601\/pe6Cx\/alx_162259311_original.jpeg?1405376903\" alt=\"Quitosana\" width=\"639\" height=\"367\" \/><\/div>\n<\/div>\n<\/li>\n<li class=\"galeria-multimidia-item\" data-tipo=\"imagem\" data-src=\"http:\/\/msalx.veja.abril.com.br\/2014\/08\/10\/0601\/pe6Cx\/alx_162259311_original.jpeg?1405376903\" data-thumb=\"http:\/\/msalx.veja.abril.com.br\/2014\/08\/10\/0601\/pNJcp\/alx_162259311_original.jpeg?1405376903\" data-titulo=\"Quitosana\">\n<div class=\"galeria-multimidia-item-link\">\n<div class=\"content-block\">\n<figure><figcaption><span class=\"fig-number\">4 de 8<\/span><span class=\"cred-source\">(Foto: Thinkstock\/VEJA)<\/span><\/figcaption><\/figure>\n<\/div>\n<div class=\"image-caption\">\n<h3>Quitosana<\/h3>\n<p>A quitosana \u00e9 uma fibra natural derivada da quitina, composto que forma o exoesqueleto de crust\u00e1ceos, como o camar\u00e3o. Ela \u00e9 vendida em c\u00e1psulas com a promessa de prolongar a saciedade, pelo seu alto teor de fibras (uma c\u00e1psula tem cerca de 1 grama de fibra), e de absorver e eliminar gordura. &#8220;\u00c9 bobagem consumir quitosana. Comer gelatina antes de uma refei\u00e7\u00e3o promoveria a mesma sensa\u00e7\u00e3o de saciedade. Al\u00e9m disso, o efeito do produto \u00e9 sutil e impercept\u00edvel para v\u00e1rias pessoas&#8221;, diz Claudia Cozer.<\/p>\n<p><img loading=\"lazy\" class=\"galeria-multimidia-midia galeria-multimidia-midia-loaded\" src=\"http:\/\/msalx.veja.abril.com.br\/2014\/08\/09\/0831\/pe6Cx\/spirulina-20121122-original.jpeg?1402460426\" alt=\"Spirulina\" width=\"642\" height=\"361\" \/><\/p>\n<\/div>\n<\/div>\n<\/li>\n<li class=\"galeria-multimidia-item\" data-tipo=\"imagem\" data-src=\"http:\/\/msalx.veja.abril.com.br\/2014\/08\/09\/0831\/pe6Cx\/spirulina-20121122-original.jpeg?1402460426\" data-thumb=\"http:\/\/msalx.veja.abril.com.br\/2014\/08\/09\/0831\/pNJcp\/spirulina-20121122-original.jpeg?1402460426\" data-titulo=\"Spirulina\">\n<div class=\"galeria-multimidia-item-link\">\n<div class=\"content-block\">\n<figure><figcaption><span class=\"fig-number\">5 de 8<\/span><span class=\"cred-source\">(Foto: Thinkstock\/VEJA)<\/span><\/figcaption><\/figure>\n<\/div>\n<div class=\"image-caption\">\n<h3>Spirulina<\/h3>\n<p>Essa bact\u00e9ria com apar\u00eancia de alga \u00e9 60% composta de prote\u00edna. Ela \u00e9 vendida em c\u00e1psulas com a promessa de elevar o efeito de saciedade, porque, ao ser ingerida, absorve \u00e1gua e aumenta de volume no est\u00f4mago. &#8220;O efeito n\u00e3o \u00e9 intenso a ponto de ajudar a emagrecer&#8221;, diz Andrea Bottoni, nutr\u00f3logo e coordenador da equipe de nutrologia do Hospital e Maternidade S\u00e3o Luiz An\u00e1lia Franco. Al\u00e9m disso, essa propriedade n\u00e3o \u00e9 exclusiva da <strong><a href=\"http:\/\/veja.abril.com.br\/noticia\/saude\/spirulina-promete-trazer-saciedade-e-emagrecer-medicos-duvidam\" target=\"_blank\" rel=\"\">spirulina<\/a><\/strong> \u2014 alimentos ricos em fibras fazem a mesma coisa.<\/p>\n<p><img loading=\"lazy\" class=\"galeria-multimidia-midia galeria-multimidia-midia-loaded\" src=\"http:\/\/msalx.veja.abril.com.br\/2014\/08\/10\/0601\/pe6Cx\/alx_456864339_original.jpeg?1405377268\" alt=\"Itokonnyaku (bifum)\" width=\"639\" height=\"426\" \/><\/p>\n<\/div>\n<\/div>\n<\/li>\n<li class=\"galeria-multimidia-item\" data-tipo=\"imagem\" data-src=\"http:\/\/msalx.veja.abril.com.br\/2014\/08\/10\/0601\/pe6Cx\/alx_456864339_original.jpeg?1405377268\" data-thumb=\"http:\/\/msalx.veja.abril.com.br\/2014\/08\/10\/0601\/pNJcp\/alx_456864339_original.jpeg?1405377268\" data-titulo=\"Itokonnyaku (bifum)\">\n<div class=\"galeria-multimidia-item-link\">\n<div class=\"content-block\">\n<figure><figcaption><span class=\"fig-number\">6 de 8<\/span><span class=\"cred-source\">(Foto: Thinkstock\/VEJA)<\/span><\/figcaption><\/figure>\n<\/div>\n<div class=\"image-caption\">\n<h3>Itokonnyaku (bifum)<\/h3>\n<p><span class=\"description\"> Conhecido da culin\u00e1ria japonesa e chinesa, o bifum \u00e9 um macarr\u00e3o extra\u00eddo da raiz de um tipo de batata chamada konjac. Composto basicamente de \u00e1gua e glucomanan, uma fibra alimentar, ele tem teor cal\u00f3rico perto de zero. Ao entrar em contato com a \u00e1gua no processo de digest\u00e3o, o bifum dobra de tamanho e causa uma pequena sensa\u00e7\u00e3o de saciedade. &#8220;Uma pessoa que siga uma dieta \u00e0 base de bifum n\u00e3o emagrecer\u00e1. Ela ter\u00e1 muita fome e ficar\u00e1 desnutrida, tornando-se candidata \u00e0 obesidade no futuro&#8221;, diz Ana D\u00e2maso, nutricionista e coordenadora do Grupo de Estudos da Obesidade da Universidade Federal de S\u00e3o Paulo (Unifesp). <\/span><\/div>\n<div class=\"image-caption\"><\/div>\n<div class=\"image-caption\"><img loading=\"lazy\" class=\"galeria-multimidia-midia galeria-multimidia-midia-loaded\" src=\"http:\/\/msalx.veja.abril.com.br\/2014\/08\/10\/0601\/pe6Cx\/alx_477850227_original.jpeg?1405377788\" alt=\"C\u00farcuma\" width=\"638\" height=\"425\" \/><\/div>\n<\/div>\n<\/li>\n<li class=\"galeria-multimidia-item\" data-tipo=\"imagem\" data-src=\"http:\/\/msalx.veja.abril.com.br\/2014\/08\/10\/0601\/pe6Cx\/alx_477850227_original.jpeg?1405377788\" data-thumb=\"http:\/\/msalx.veja.abril.com.br\/2014\/08\/10\/0601\/pNJcp\/alx_477850227_original.jpeg?1405377788\" data-titulo=\"C\u00farcuma\">\n<div class=\"galeria-multimidia-item-link\">\n<div class=\"content-block\">\n<figure><figcaption><span class=\"fig-number\">7 de 8<\/span><span class=\"cred-source\">(Foto: Thinkstock\/VEJA)<\/span><\/figcaption><\/figure>\n<\/div>\n<div class=\"image-caption\">\n<h3>C\u00farcuma<\/h3>\n<p>Tamb\u00e9m conhecida como a\u00e7afr\u00e3o da terra, essa planta tem propriedades antioxidantes, por causa da presen\u00e7a do corante curcumina, e anti-inflamat\u00f3rias, que ainda est\u00e3o em estudo. &#8220;Mas essas propriedades n\u00e3o t\u00eam nenhuma rela\u00e7\u00e3o com o emagrecimento&#8221;, diz Camila Gracia, nutricionista do HCor \u2013 Hospital do Cora\u00e7\u00e3o, em S\u00e3o Paulo.<\/p>\n<p><img loading=\"lazy\" class=\"galeria-multimidia-midia galeria-multimidia-midia-loaded\" src=\"http:\/\/msalx.veja.abril.com.br\/2014\/08\/09\/0024\/pe6Cx\/semente-linhaca-linhaca-original.png?1402459392\" alt=\"Linha\u00e7a\" width=\"639\" height=\"361\" \/><\/p>\n<\/div>\n<\/div>\n<\/li>\n<li class=\"galeria-multimidia-item\" data-tipo=\"imagem\" data-src=\"http:\/\/msalx.veja.abril.com.br\/2014\/08\/09\/0024\/pe6Cx\/semente-linhaca-linhaca-original.png?1402459392\" data-thumb=\"http:\/\/msalx.veja.abril.com.br\/2014\/08\/09\/0024\/pNJcp\/semente-linhaca-linhaca-original.png?1402459392\" data-titulo=\"Linha\u00e7a\">\n<div class=\"galeria-multimidia-item-link\">\n<div class=\"content-block\">\n<figure><figcaption><span class=\"fig-number\">8 de 8<\/span><span class=\"cred-source\">(Foto: Thinkstock\/VEJA)<\/span><\/figcaption><\/figure>\n<\/div>\n<div class=\"image-caption\">\n<h3>Linha\u00e7a<\/h3>\n<p>A semente do linho, planta da fam\u00edlia das line\u00e1ceas, \u00e9 rica em fibras. Por essa caracter\u00edstica, a linha\u00e7a ajuda no bom funcionamento do intestino. &#8220;Estudos demonstram que a linha\u00e7a tem a\u00e7\u00e3o antioxidante e auxilia no controle do colesterol e da glicose, n\u00e3o que emagrece&#8221;, explica Ver\u00f4nica Lima, nutricionista do Hospital Norte D&#8217;Or, no Rio de Janeiro.<\/p>\n<\/div>\n<\/div>\n<\/li>\n<\/ul>\n","protected":false},"excerpt":{"rendered":"<p>Um dos truques utilizados por quem quer emagrecer \u00e9 comer em pratos pequenos, como os<\/p>\n","protected":false},"author":2,"featured_media":18380,"comment_status":"open","ping_status":"open","sticky":false,"template":"","format":"standard","meta":[],"categories":[],"tags":[],"uagb_featured_image_src":{"full":["https:\/\/espacoecologico.com.br\/arquivo\/wp-content\/uploads\/2015\/03\/prato_pequeno.jpg",415,265,false],"thumbnail":["https:\/\/espacoecologico.com.br\/arquivo\/wp-content\/uploads\/2015\/03\/prato_pequeno-150x150.jpg",150,150,true],"medium":["https:\/\/espacoecologico.com.br\/arquivo\/wp-content\/uploads\/2015\/03\/prato_pequeno-300x192.jpg",300,192,true],"medium_large":["https:\/\/espacoecologico.com.br\/arquivo\/wp-content\/uploads\/2015\/03\/prato_pequeno.jpg",415,265,false],"large":["https:\/\/espacoecologico.com.br\/arquivo\/wp-content\/uploads\/2015\/03\/prato_pequeno.jpg",415,265,false],"1536x1536":["https:\/\/espacoecologico.com.br\/arquivo\/wp-content\/uploads\/2015\/03\/prato_pequeno.jpg",415,265,false],"2048x2048":["https:\/\/espacoecologico.com.br\/arquivo\/wp-content\/uploads\/2015\/03\/prato_pequeno.jpg",415,265,false],"cream-magazine-thumbnail-2":["https:\/\/espacoecologico.com.br\/arquivo\/wp-content\/uploads\/2015\/03\/prato_pequeno.jpg",415,265,false],"cream-magazine-thumbnail-3":["https:\/\/espacoecologico.com.br\/arquivo\/wp-content\/uploads\/2015\/03\/prato_pequeno.jpg",415,265,false],"cream-magazine-thumbnail-4":["https:\/\/espacoecologico.com.br\/arquivo\/wp-content\/uploads\/2015\/03\/prato_pequeno.jpg",415,265,false]},"uagb_author_info":{"display_name":"","author_link":"https:\/\/espacoecologico.com.br\/arquivo\/author\/"},"uagb_comment_info":0,"uagb_excerpt":"Um dos truques utilizados por quem quer emagrecer \u00e9 comer em pratos pequenos, como os","_links":{"self":[{"href":"https:\/\/espacoecologico.com.br\/arquivo\/wp-json\/wp\/v2\/posts\/18379"}],"collection":[{"href":"https:\/\/espacoecologico.com.br\/arquivo\/wp-json\/wp\/v2\/posts"}],"about":[{"href":"https:\/\/espacoecologico.com.br\/arquivo\/wp-json\/wp\/v2\/types\/post"}],"author":[{"embeddable":true,"href":"https:\/\/espacoecologico.com.br\/arquivo\/wp-json\/wp\/v2\/users\/2"}],"replies":[{"embeddable":true,"href":"https:\/\/espacoecologico.com.br\/arquivo\/wp-json\/wp\/v2\/comments?post=18379"}],"version-history":[{"count":0,"href":"https:\/\/espacoecologico.com.br\/arquivo\/wp-json\/wp\/v2\/posts\/18379\/revisions"}],"wp:featuredmedia":[{"embeddable":true,"href":"https:\/\/espacoecologico.com.br\/arquivo\/wp-json\/wp\/v2\/media\/18380"}],"wp:attachment":[{"href":"https:\/\/espacoecologico.com.br\/arquivo\/wp-json\/wp\/v2\/media?parent=18379"}],"wp:term":[{"taxonomy":"category","embeddable":true,"href":"https:\/\/espacoecologico.com.br\/arquivo\/wp-json\/wp\/v2\/categories?post=18379"},{"taxonomy":"post_tag","embeddable":true,"href":"https:\/\/espacoecologico.com.br\/arquivo\/wp-json\/wp\/v2\/tags?post=18379"}],"curies":[{"name":"wp","href":"https:\/\/api.w.org\/{rel}","templated":true}]}}