{"id":18376,"date":"2015-03-28T16:52:24","date_gmt":"2015-03-28T16:52:24","guid":{"rendered":"https:\/\/espacoecologico.com.br\/arquivo\/?p=18376"},"modified":"2015-03-28T16:52:24","modified_gmt":"2015-03-28T16:52:24","slug":"a-superficie-do-planeta-terra-esta-subindo-embaixo-dos-nossos-pes","status":"publish","type":"post","link":"https:\/\/espacoecologico.com.br\/arquivo\/a-superficie-do-planeta-terra-esta-subindo-embaixo-dos-nossos-pes\/","title":{"rendered":"A superf\u00edcie do planeta Terra est\u00e1 subindo embaixo dos nossos p\u00e9s"},"content":{"rendered":"<p><a href=\"https:\/\/espacoecologico.com.br\/arquivo\/wp-content\/uploads\/2015\/03\/derretimento_geleira.jpg\"><img loading=\"lazy\" class=\"alignleft size-medium wp-image-18377\" src=\"https:\/\/espacoecologico.com.br\/arquivo\/wp-content\/uploads\/2015\/03\/derretimento_geleira-300x192.jpg\" alt=\"\" width=\"300\" height=\"192\" srcset=\"https:\/\/espacoecologico.com.br\/arquivo\/wp-content\/uploads\/2015\/03\/derretimento_geleira-300x192.jpg 300w, https:\/\/espacoecologico.com.br\/arquivo\/wp-content\/uploads\/2015\/03\/derretimento_geleira.jpg 415w\" sizes=\"(max-width: 300px) 100vw, 300px\" \/><\/a>Nos EUA, nos \u00faltimos doze meses, houve alertas mais do que suficientes de como o clima pode afetar nossas vidas. A Calif\u00f3rnia est\u00e1 entrando no quarto ano de seca porque n\u00e3o teve neve suficiente. Boston est\u00e1 come\u00e7ando a emergir de uma quantidade recorde de neve. Quase todos os dias, voos s\u00e3o cancelados, crian\u00e7as perdem aulas e pais enviam cheques \u00e0s seguradoras para se protegerem de inunda\u00e7\u00f5es, furac\u00f5es e tornados.<\/p>\n<p>No entanto, tamb\u00e9m existem impactos de longo prazo que a maioria das pessoas talvez n\u00e3o perceba. Por exemplo, se voc\u00ea mora no Canad\u00e1, no norte dos EUA ou em determinadas partes da Europa, o solo sob seus p\u00e9s est\u00e1 subindo. E o motivo, de certo modo, \u00e9 o clima.<\/p>\n<p>Mas n\u00e3o o clima no sentido da chuva de ontem ou do vento da semana passada. O fen\u00f4meno foi causado pelas neves que se acumularam e criaram enormes mantos de gelo que cobriram a terra na \u00faltima Era do Gelo. OK, foi muita neve, por um longo per\u00edodo de tempo, mas a quest\u00e3o tem mais a ver com o clima do que simplesmente com as condi\u00e7\u00f5es meteorol\u00f3gicas.<\/p>\n<p>Independentemente da causa, a mudan\u00e7a \u00e9 percept\u00edvel. &#8220;Podemos monitor\u00e1-la em tempo real&#8221;, disse Theresa Damiani, pesquisadora de geologia da Investiga\u00e7\u00e3o Geod\u00e9sica Nacional (NGS), da Administra\u00e7\u00e3o Oce\u00e2nica e Atmosf\u00e9rica Nacional (NOAA), em Camp Springs, Maryland.<\/p>\n<p><strong>Compensa\u00e7\u00e3o da Terra<\/strong><\/p>\n<p>O peso dos mantos de gelo, que tinham diversos quil\u00f4metros de espessura em alguns lugares, empurrou a superf\u00edcie da Terra para baixo. Quando o gelo derreteu e recuou, o solo come\u00e7ou a subir novamente.<\/p>\n<p>A NOAA descreve o fen\u00f4meno como o que acontece quando um colch\u00e3o velho volta ao formato original depois que uma pessoa se levanta de manh\u00e3. Quando os mantos de gelo come\u00e7aram a recuar, ocorreu uma recupera\u00e7\u00e3o r\u00e1pida em muitas regi\u00f5es, que desacelerou ao longo dos s\u00e9culos, disse Damiani.<\/p>\n<p>&#8220;O solo vem se recuperando e continua nisso&#8221;, disse Damiani. &#8220;Leva um per\u00edodo muito longo&#8221;.<\/p>\n<p>A superf\u00edcie da Terra sobe cerca de 1 mil\u00edmetro por m\u00eas no Canad\u00e1 e aproximadamente a mesma quantidade ao longo de um ano nos EUA, disse ela. Para um lugar como a Ba\u00eda de Hudson, no Canad\u00e1, as mudan\u00e7as seriam vis\u00edveis ao longo da vida de uma pessoa, disse ela.<\/p>\n<p>&#8220;Se voc\u00ea construiu um atracadouro, parece que o oceano est\u00e1 baixando&#8221;, disse Damiani.<\/p>\n<p>N\u00e3o \u00e9 que o n\u00edvel do oceano esteja caindo ? \u00e9 que a terra est\u00e1 voltando a subir.<\/p>\n<p>Ao calcular o aumento dos oceanos devido ao atual derretimento das geleiras e dos mantos de gelo, os pesquisadores precisam levar em considera\u00e7\u00e3o essas taxas de recupera\u00e7\u00e3o, de acordo com um relat\u00f3rio da NOAA publicado em dezembro de 2012.<\/p>\n<p><strong>\u00c1rea coberta<\/strong><\/p>\n<p>\u00c9 claro que a terra s\u00f3 est\u00e1 subindo nas \u00e1reas cobertas pelo manto de gelo. No hemisf\u00e9rio ocidental, essa regi\u00e3o abrange quase todo o Canad\u00e1 at\u00e9 a Nova Inglaterra, passando pelos Grandes Lagos e chegando \u00e0 Regi\u00e3o Centro-Oeste, \u00e0s Grandes Plan\u00edcies do norte e ao Noroeste do Pac\u00edfico.<\/p>\n<p>Al\u00e9m do limite dos lugares em que o gelo empurrou o solo para baixo, existem \u00e1reas onde a superf\u00edcie est\u00e1, na verdade, assentando-se mais abaixo. O que aconteceu a\u00ed \u00e9 que o terreno na beira dos mantos de gelo se comportou como a geleia que se esparrama para fora de um sandu\u00edche esmagado.<\/p>\n<p>As mudan\u00e7as podem provocar pequenos terremotos, embora eles sejam muito fracos e passem despercebidos para a maioria das pessoas.<\/p>\n<p>O movimento \u00e9 acompanhado por meio de sat\u00e9lites de posicionamento global e \u00e9 utilizado para assegurar que os mapas continuem sendo exatos, disse Damiani.<\/p>\n<p>&#8220;A tarefa da minha ag\u00eancia, a NGS, \u00e9 a de monitorar o formato do planeta&#8221;, disse Damiani.<\/p>\n<p>Os pa\u00edses escandinavos tamb\u00e9m monitoram a lenta taxa de recupera\u00e7\u00e3o da superf\u00edcie ao longo dos \u00faltimos 14.000 anos, um ou dois s\u00e9culos a mais ou a menos, desde que os mantos de gelo atingiram o auge na \u00faltima Era do Gelo.<\/p>\n<p>A paci\u00eancia \u00e9, sem d\u00favida, um dos requisitos para esse trabalho.<\/p>\n","protected":false},"excerpt":{"rendered":"<p>Nos EUA, nos \u00faltimos doze meses, houve alertas mais do que suficientes de como o<\/p>\n","protected":false},"author":2,"featured_media":18377,"comment_status":"open","ping_status":"open","sticky":false,"template":"","format":"standard","meta":[],"categories":[],"tags":[],"uagb_featured_image_src":{"full":["https:\/\/espacoecologico.com.br\/arquivo\/wp-content\/uploads\/2015\/03\/derretimento_geleira.jpg",415,265,false],"thumbnail":["https:\/\/espacoecologico.com.br\/arquivo\/wp-content\/uploads\/2015\/03\/derretimento_geleira-150x150.jpg",150,150,true],"medium":["https:\/\/espacoecologico.com.br\/arquivo\/wp-content\/uploads\/2015\/03\/derretimento_geleira-300x192.jpg",300,192,true],"medium_large":["https:\/\/espacoecologico.com.br\/arquivo\/wp-content\/uploads\/2015\/03\/derretimento_geleira.jpg",415,265,false],"large":["https:\/\/espacoecologico.com.br\/arquivo\/wp-content\/uploads\/2015\/03\/derretimento_geleira.jpg",415,265,false],"1536x1536":["https:\/\/espacoecologico.com.br\/arquivo\/wp-content\/uploads\/2015\/03\/derretimento_geleira.jpg",415,265,false],"2048x2048":["https:\/\/espacoecologico.com.br\/arquivo\/wp-content\/uploads\/2015\/03\/derretimento_geleira.jpg",415,265,false],"cream-magazine-thumbnail-2":["https:\/\/espacoecologico.com.br\/arquivo\/wp-content\/uploads\/2015\/03\/derretimento_geleira.jpg",415,265,false],"cream-magazine-thumbnail-3":["https:\/\/espacoecologico.com.br\/arquivo\/wp-content\/uploads\/2015\/03\/derretimento_geleira.jpg",415,265,false],"cream-magazine-thumbnail-4":["https:\/\/espacoecologico.com.br\/arquivo\/wp-content\/uploads\/2015\/03\/derretimento_geleira.jpg",415,265,false]},"uagb_author_info":{"display_name":"","author_link":"https:\/\/espacoecologico.com.br\/arquivo\/author\/"},"uagb_comment_info":0,"uagb_excerpt":"Nos EUA, nos \u00faltimos doze meses, houve alertas mais do que suficientes de como o","_links":{"self":[{"href":"https:\/\/espacoecologico.com.br\/arquivo\/wp-json\/wp\/v2\/posts\/18376"}],"collection":[{"href":"https:\/\/espacoecologico.com.br\/arquivo\/wp-json\/wp\/v2\/posts"}],"about":[{"href":"https:\/\/espacoecologico.com.br\/arquivo\/wp-json\/wp\/v2\/types\/post"}],"author":[{"embeddable":true,"href":"https:\/\/espacoecologico.com.br\/arquivo\/wp-json\/wp\/v2\/users\/2"}],"replies":[{"embeddable":true,"href":"https:\/\/espacoecologico.com.br\/arquivo\/wp-json\/wp\/v2\/comments?post=18376"}],"version-history":[{"count":0,"href":"https:\/\/espacoecologico.com.br\/arquivo\/wp-json\/wp\/v2\/posts\/18376\/revisions"}],"wp:featuredmedia":[{"embeddable":true,"href":"https:\/\/espacoecologico.com.br\/arquivo\/wp-json\/wp\/v2\/media\/18377"}],"wp:attachment":[{"href":"https:\/\/espacoecologico.com.br\/arquivo\/wp-json\/wp\/v2\/media?parent=18376"}],"wp:term":[{"taxonomy":"category","embeddable":true,"href":"https:\/\/espacoecologico.com.br\/arquivo\/wp-json\/wp\/v2\/categories?post=18376"},{"taxonomy":"post_tag","embeddable":true,"href":"https:\/\/espacoecologico.com.br\/arquivo\/wp-json\/wp\/v2\/tags?post=18376"}],"curies":[{"name":"wp","href":"https:\/\/api.w.org\/{rel}","templated":true}]}}