{"id":18365,"date":"2015-03-28T17:00:14","date_gmt":"2015-03-28T17:00:14","guid":{"rendered":"https:\/\/espacoecologico.com.br\/arquivo\/?p=18365"},"modified":"2015-03-28T12:51:02","modified_gmt":"2015-03-28T12:51:02","slug":"projeto-beneficia-mais-de-15-mil-pessoas-e-ajuda-a-reduzir-a-emissao-de-co2-na-atmosfera-em-300-toneladas-por-ano","status":"publish","type":"post","link":"https:\/\/espacoecologico.com.br\/arquivo\/projeto-beneficia-mais-de-15-mil-pessoas-e-ajuda-a-reduzir-a-emissao-de-co2-na-atmosfera-em-300-toneladas-por-ano\/","title":{"rendered":"Projeto beneficia mais de 15 mil pessoas e ajuda a reduzir a emiss\u00e3o de CO2 na atmosfera"},"content":{"rendered":"<p><a href=\"https:\/\/espacoecologico.com.br\/arquivo\/wp-content\/uploads\/2015\/03\/projeto_urbano.jpg\"><img loading=\"lazy\" class=\"alignleft size-medium wp-image-18366\" src=\"https:\/\/espacoecologico.com.br\/arquivo\/wp-content\/uploads\/2015\/03\/projeto_urbano-300x192.jpg\" alt=\"\" width=\"300\" height=\"192\" srcset=\"https:\/\/espacoecologico.com.br\/arquivo\/wp-content\/uploads\/2015\/03\/projeto_urbano-300x192.jpg 300w, https:\/\/espacoecologico.com.br\/arquivo\/wp-content\/uploads\/2015\/03\/projeto_urbano.jpg 415w\" sizes=\"(max-width: 300px) 100vw, 300px\" \/><\/a>Inspirada na forma de uma vit\u00f3ria-r\u00e9gia, a ponte m\u00f3vel Friedrich Bayer, projetada pelo escrit\u00f3rio Loeb Capote Arquitetura e Urbanismo, foi vencedora no 59\u00ba pr\u00eamio da APCA (Associa\u00e7\u00e3o Paulista de Cr\u00edticos de Arte), na categoria \u201cProjeto Urbano\u201d.<\/p>\n<p>A premia\u00e7\u00e3o aconteceu no Teatro Paulo Autran, em S\u00e3o Paulo. A categoria destinada aos trabalhos arquitet\u00f4nicos ou obras relacionadas ao universo da arquitetura e urbanismo foi subdividida em seis temas: Fronteiras da Arquitetura, Projeto Urbano, Urbanidade, Narrativas Urbanas, Difus\u00e3o e Revela\u00e7\u00e3o.<\/p>\n<p><a href=\"http:\/\/www.bayerjovens.com.br\/pt\/fique-ligado\/o-planeta-agradece\/visualizar\/?materia=passagem-livre\">Inaugurada em 2013<\/a>, a ponte liga o bairro do Socorro \u00e0 esta\u00e7\u00e3o Santo Amaro da CPTM (Companhia Paulista de Trens Metropolitanos) e do Metr\u00f4 e est\u00e1 localizada na conflu\u00eancia do rio Pinheiros com o canal Guarapiranga. O Grupo Bayer \u00e9 comprometido com os princ\u00edpios de desenvolvimento sustent\u00e1vel e com o seu papel de empresa cidad\u00e3 \u00e9tica e socialmente respons\u00e1vel. Este projeto alia exatamente os dois valores.<\/p>\n<p class=\"imagem\"><img title=\"\" src=\"http:\/\/www.bayerjovens.com.br\/html\/images\/fique-ligado\/ponte-bayer-premiada.jpg\" alt=\"\" \/><br \/>\nBeleza e sustentabilidade<\/p>\n<p>Por ser exclusiva para pedestres e ciclistas, a ponte ajuda a reduzir a emiss\u00e3o de CO2 na atmosfera paulistana em 300 toneladas por ano e beneficia 15 mil moradores da regi\u00e3o, al\u00e9m dos pr\u00f3prios colaboradores da empresa. \u201cEra um desejo do nosso p\u00fablico interno e uma necessidade para o bairro. A ponte \u00e9 bonita e ainda causa um positivo impacto ambiental ao criar meios para que as pessoas deixem seus carros em casa, contribuindo para a mobilidade urbana\u201d, afirma o presidente do Grupo Bayer no Brasil, Theo van der Loo. A empresa investiu R$ 5 milh\u00f5es no projeto.<\/p>\n<p>Coberta com vegeta\u00e7\u00e3o, a estrutura se apoia sobre tubula\u00e7\u00f5es de concreto. Para manter a navegabilidade do canal, o v\u00e3o central \u00e9 m\u00f3vel: rotacionam-se as metades da parte central, por meio de motores el\u00e9tricos, e abre-se a passagem para as embarca\u00e7\u00f5es.<\/p>\n","protected":false},"excerpt":{"rendered":"<p>Inspirada na forma de uma vit\u00f3ria-r\u00e9gia, a ponte m\u00f3vel Friedrich Bayer, projetada pelo escrit\u00f3rio Loeb<\/p>\n","protected":false},"author":2,"featured_media":18366,"comment_status":"open","ping_status":"open","sticky":false,"template":"","format":"standard","meta":[],"categories":[],"tags":[],"uagb_featured_image_src":{"full":["https:\/\/espacoecologico.com.br\/arquivo\/wp-content\/uploads\/2015\/03\/projeto_urbano.jpg",415,265,false],"thumbnail":["https:\/\/espacoecologico.com.br\/arquivo\/wp-content\/uploads\/2015\/03\/projeto_urbano-150x150.jpg",150,150,true],"medium":["https:\/\/espacoecologico.com.br\/arquivo\/wp-content\/uploads\/2015\/03\/projeto_urbano-300x192.jpg",300,192,true],"medium_large":["https:\/\/espacoecologico.com.br\/arquivo\/wp-content\/uploads\/2015\/03\/projeto_urbano.jpg",415,265,false],"large":["https:\/\/espacoecologico.com.br\/arquivo\/wp-content\/uploads\/2015\/03\/projeto_urbano.jpg",415,265,false],"1536x1536":["https:\/\/espacoecologico.com.br\/arquivo\/wp-content\/uploads\/2015\/03\/projeto_urbano.jpg",415,265,false],"2048x2048":["https:\/\/espacoecologico.com.br\/arquivo\/wp-content\/uploads\/2015\/03\/projeto_urbano.jpg",415,265,false],"cream-magazine-thumbnail-2":["https:\/\/espacoecologico.com.br\/arquivo\/wp-content\/uploads\/2015\/03\/projeto_urbano.jpg",415,265,false],"cream-magazine-thumbnail-3":["https:\/\/espacoecologico.com.br\/arquivo\/wp-content\/uploads\/2015\/03\/projeto_urbano.jpg",415,265,false],"cream-magazine-thumbnail-4":["https:\/\/espacoecologico.com.br\/arquivo\/wp-content\/uploads\/2015\/03\/projeto_urbano.jpg",415,265,false]},"uagb_author_info":{"display_name":"","author_link":"https:\/\/espacoecologico.com.br\/arquivo\/author\/"},"uagb_comment_info":0,"uagb_excerpt":"Inspirada na forma de uma vit\u00f3ria-r\u00e9gia, a ponte m\u00f3vel Friedrich Bayer, projetada pelo escrit\u00f3rio Loeb","_links":{"self":[{"href":"https:\/\/espacoecologico.com.br\/arquivo\/wp-json\/wp\/v2\/posts\/18365"}],"collection":[{"href":"https:\/\/espacoecologico.com.br\/arquivo\/wp-json\/wp\/v2\/posts"}],"about":[{"href":"https:\/\/espacoecologico.com.br\/arquivo\/wp-json\/wp\/v2\/types\/post"}],"author":[{"embeddable":true,"href":"https:\/\/espacoecologico.com.br\/arquivo\/wp-json\/wp\/v2\/users\/2"}],"replies":[{"embeddable":true,"href":"https:\/\/espacoecologico.com.br\/arquivo\/wp-json\/wp\/v2\/comments?post=18365"}],"version-history":[{"count":0,"href":"https:\/\/espacoecologico.com.br\/arquivo\/wp-json\/wp\/v2\/posts\/18365\/revisions"}],"wp:featuredmedia":[{"embeddable":true,"href":"https:\/\/espacoecologico.com.br\/arquivo\/wp-json\/wp\/v2\/media\/18366"}],"wp:attachment":[{"href":"https:\/\/espacoecologico.com.br\/arquivo\/wp-json\/wp\/v2\/media?parent=18365"}],"wp:term":[{"taxonomy":"category","embeddable":true,"href":"https:\/\/espacoecologico.com.br\/arquivo\/wp-json\/wp\/v2\/categories?post=18365"},{"taxonomy":"post_tag","embeddable":true,"href":"https:\/\/espacoecologico.com.br\/arquivo\/wp-json\/wp\/v2\/tags?post=18365"}],"curies":[{"name":"wp","href":"https:\/\/api.w.org\/{rel}","templated":true}]}}