{"id":18361,"date":"2015-03-28T16:00:31","date_gmt":"2015-03-28T16:00:31","guid":{"rendered":"https:\/\/espacoecologico.com.br\/arquivo\/?p=18361"},"modified":"2015-03-28T12:44:30","modified_gmt":"2015-03-28T12:44:30","slug":"hora-do-planeta-2015-convida-useseupoder-em-28-de-marco-pelo-clima","status":"publish","type":"post","link":"https:\/\/espacoecologico.com.br\/arquivo\/hora-do-planeta-2015-convida-useseupoder-em-28-de-marco-pelo-clima\/","title":{"rendered":"Hora do Planeta 2015 convida: #UseSeuPoder em 28 de mar\u00e7o pelo clima"},"content":{"rendered":"<div id=\"container\">\n<div id=\"conteudo\">\n<div id=\"coluna_centro\">\n<div class=\"noticia_view\">\n<div class=\"texto\">\n<p><a href=\"https:\/\/espacoecologico.com.br\/arquivo\/wp-content\/uploads\/2015\/03\/hora_planeta1.jpg\"><img loading=\"lazy\" class=\"alignleft size-medium wp-image-18362\" src=\"https:\/\/espacoecologico.com.br\/arquivo\/wp-content\/uploads\/2015\/03\/hora_planeta1-300x192.jpg\" alt=\"\" width=\"300\" height=\"192\" srcset=\"https:\/\/espacoecologico.com.br\/arquivo\/wp-content\/uploads\/2015\/03\/hora_planeta1-300x192.jpg 300w, https:\/\/espacoecologico.com.br\/arquivo\/wp-content\/uploads\/2015\/03\/hora_planeta1.jpg 415w\" sizes=\"(max-width: 300px) 100vw, 300px\" \/><\/a>O ato simb\u00f3lico, mas ao mesmo tempo conscientizador, de apagar as luzes durante uma hora para alertar sobre as mudan\u00e7as clim\u00e1ticas tornar\u00e1 a ser replicado neste s\u00e1bado, 28 de mar\u00e7o, por institui\u00e7\u00f5es e pessoas de todo o mundo, em mais uma edi\u00e7\u00e3o da Hora do Planeta.<\/p>\n<p>Promovida desde 2007 pela organiza\u00e7\u00e3o WWF Internacional, a s\u00e9tima edi\u00e7\u00e3o da iniciativa no Brasil tem o slogan\u00a0#UseSeuPoder para reverter o aquecimento global. No filme de divulga\u00e7\u00e3o da Hora do Planeta 2015 aparecem celebridades como o presidente dos Estados Unidos, Barack Obama, o secret\u00e1rio geral da ONU, Ban Ki-moon, e os atores Mark Ruffalo e Emma Thompson.<\/p>\n<p>\u201cN\u00f3s somos a primeira gera\u00e7\u00e3o a sentir o impacto das mudan\u00e7as clim\u00e1ticas. E a \u00faltima que pode fazer alguma coisa a respeito\u201d, alerta Obama no v\u00eddeo.<\/p>\n<p>No Brasil, as<a href=\"http:\/\/www.ecodesenvolvimento.org\/posts\/2015\/fevereiro\/hora-do-planeta-tera-crises-hidrica-e-energetica?tag=eventos-sustentaveis\" target=\"_self\"> crises h\u00eddrica e energ\u00e9tica ser\u00e3o o tema central<\/a> da campanha, informou o coordenador do Programa \u00c1gua para a Vida, da WWF-Brasil, Glauco Kimura de Freitas. Ele\u00a0ressaltou que a Hora do Planeta \u00e9 uma oportunidade para as pessoas refletirem. Quando os cidad\u00e3os, as empresas e os governos apagam as luzes por uma hora, eles refletem sobre qual \u00e9 a contribui\u00e7\u00e3o de cada um para a solu\u00e7\u00e3o dos problemas ligados \u00e0s mudan\u00e7as clim\u00e1ticas.<\/p>\n<div class=\"olho\">S\u00e3o 7 mil cidades, em 162 pa\u00edses, unidas pela mesma causa: o clima do planeta.<\/div>\n<p>Em todos os pa\u00edses que aderirem \u00e0 campanha, as pessoas s\u00e3o convidadas a apagar as luzes entre 20h30 e 21h30. No ano passado, 144 munic\u00edpios brasileiros participaram da Hora do Planeta. Durante uma hora, 627 monumentos ficaram no escuro, entre eles, o Cristo Redentor, no Rio de Janeiro, o Monumento \u00e0s Bandeiras, em S\u00e3o Paulo, e em Bras\u00edlia a Esplanada dos Minist\u00e9rios, o Pal\u00e1cio do Planalto e o Congresso Nacional.<\/p>\n<p><strong>Engajamento<\/strong><\/p>\n<p>No mundo todo, a estimativa do WWF \u00e9 que mais de um bilh\u00e3o de pessoas se juntam \u00e0 iniciativa todos os anos. S\u00e3o 7 mil cidades, em 162 pa\u00edses, unidas pela mesma causa: o clima do planeta.<\/p>\n<p>N\u00e3o fique de fora deste momento emocionante. S\u00e3o apenas 60 minutos, que representam o futuro sustent\u00e1vel da Terra. Espalhe pelas redes a hashtag #UseSeuPoder e convide amigos e familiares em 28 de mar\u00e7o para participar da Hora do Planeta 2015.<\/p>\n<p>Confira abaixo o filme de divulga\u00e7\u00e3o da Hora do Planeta 2015, que tem como trilha sonora m\u00fasica da banda inglesa Bastille:<\/p>\n<p><iframe loading=\"lazy\" src=\"https:\/\/www.youtube.com\/embed\/MDhIkBqHm8Y\" width=\"501\" height=\"306\" frameborder=\"0\" allowfullscreen=\"allowfullscreen\"><\/iframe><\/p>\n<\/div>\n<\/div>\n<div class=\"separador_horizontal\"><\/div>\n<\/div>\n<\/div>\n<\/div>\n","protected":false},"excerpt":{"rendered":"<p>O ato simb\u00f3lico, mas ao mesmo tempo conscientizador, de apagar as luzes durante uma hora<\/p>\n","protected":false},"author":2,"featured_media":18362,"comment_status":"open","ping_status":"open","sticky":false,"template":"","format":"standard","meta":[],"categories":[],"tags":[],"uagb_featured_image_src":{"full":["https:\/\/espacoecologico.com.br\/arquivo\/wp-content\/uploads\/2015\/03\/hora_planeta1.jpg",415,265,false],"thumbnail":["https:\/\/espacoecologico.com.br\/arquivo\/wp-content\/uploads\/2015\/03\/hora_planeta1-150x150.jpg",150,150,true],"medium":["https:\/\/espacoecologico.com.br\/arquivo\/wp-content\/uploads\/2015\/03\/hora_planeta1-300x192.jpg",300,192,true],"medium_large":["https:\/\/espacoecologico.com.br\/arquivo\/wp-content\/uploads\/2015\/03\/hora_planeta1.jpg",415,265,false],"large":["https:\/\/espacoecologico.com.br\/arquivo\/wp-content\/uploads\/2015\/03\/hora_planeta1.jpg",415,265,false],"1536x1536":["https:\/\/espacoecologico.com.br\/arquivo\/wp-content\/uploads\/2015\/03\/hora_planeta1.jpg",415,265,false],"2048x2048":["https:\/\/espacoecologico.com.br\/arquivo\/wp-content\/uploads\/2015\/03\/hora_planeta1.jpg",415,265,false],"cream-magazine-thumbnail-2":["https:\/\/espacoecologico.com.br\/arquivo\/wp-content\/uploads\/2015\/03\/hora_planeta1.jpg",415,265,false],"cream-magazine-thumbnail-3":["https:\/\/espacoecologico.com.br\/arquivo\/wp-content\/uploads\/2015\/03\/hora_planeta1.jpg",415,265,false],"cream-magazine-thumbnail-4":["https:\/\/espacoecologico.com.br\/arquivo\/wp-content\/uploads\/2015\/03\/hora_planeta1.jpg",415,265,false]},"uagb_author_info":{"display_name":"","author_link":"https:\/\/espacoecologico.com.br\/arquivo\/author\/"},"uagb_comment_info":0,"uagb_excerpt":"O ato simb\u00f3lico, mas ao mesmo tempo conscientizador, de apagar as luzes durante uma hora","_links":{"self":[{"href":"https:\/\/espacoecologico.com.br\/arquivo\/wp-json\/wp\/v2\/posts\/18361"}],"collection":[{"href":"https:\/\/espacoecologico.com.br\/arquivo\/wp-json\/wp\/v2\/posts"}],"about":[{"href":"https:\/\/espacoecologico.com.br\/arquivo\/wp-json\/wp\/v2\/types\/post"}],"author":[{"embeddable":true,"href":"https:\/\/espacoecologico.com.br\/arquivo\/wp-json\/wp\/v2\/users\/2"}],"replies":[{"embeddable":true,"href":"https:\/\/espacoecologico.com.br\/arquivo\/wp-json\/wp\/v2\/comments?post=18361"}],"version-history":[{"count":0,"href":"https:\/\/espacoecologico.com.br\/arquivo\/wp-json\/wp\/v2\/posts\/18361\/revisions"}],"wp:featuredmedia":[{"embeddable":true,"href":"https:\/\/espacoecologico.com.br\/arquivo\/wp-json\/wp\/v2\/media\/18362"}],"wp:attachment":[{"href":"https:\/\/espacoecologico.com.br\/arquivo\/wp-json\/wp\/v2\/media?parent=18361"}],"wp:term":[{"taxonomy":"category","embeddable":true,"href":"https:\/\/espacoecologico.com.br\/arquivo\/wp-json\/wp\/v2\/categories?post=18361"},{"taxonomy":"post_tag","embeddable":true,"href":"https:\/\/espacoecologico.com.br\/arquivo\/wp-json\/wp\/v2\/tags?post=18361"}],"curies":[{"name":"wp","href":"https:\/\/api.w.org\/{rel}","templated":true}]}}