{"id":18346,"date":"2015-03-28T13:00:31","date_gmt":"2015-03-28T13:00:31","guid":{"rendered":"https:\/\/espacoecologico.com.br\/arquivo\/?p=18346"},"modified":"2015-03-28T12:51:33","modified_gmt":"2015-03-28T12:51:33","slug":"mutacoes-geneticas-estao-por-tras-de-formas-mais-graves-de-gripe-diz-estudo","status":"publish","type":"post","link":"https:\/\/espacoecologico.com.br\/arquivo\/mutacoes-geneticas-estao-por-tras-de-formas-mais-graves-de-gripe-diz-estudo\/","title":{"rendered":"Muta\u00e7\u00f5es gen\u00e9ticas est\u00e3o por tr\u00e1s de formas mais graves de gripe, diz estudo"},"content":{"rendered":"<p><a href=\"https:\/\/espacoecologico.com.br\/arquivo\/wp-content\/uploads\/2015\/03\/mutacao_genetica.jpg\"><img loading=\"lazy\" class=\"alignleft size-medium wp-image-18347\" src=\"https:\/\/espacoecologico.com.br\/arquivo\/wp-content\/uploads\/2015\/03\/mutacao_genetica-300x192.jpg\" alt=\"\" width=\"300\" height=\"192\" srcset=\"https:\/\/espacoecologico.com.br\/arquivo\/wp-content\/uploads\/2015\/03\/mutacao_genetica-300x192.jpg 300w, https:\/\/espacoecologico.com.br\/arquivo\/wp-content\/uploads\/2015\/03\/mutacao_genetica.jpg 415w\" sizes=\"(max-width: 300px) 100vw, 300px\" \/><\/a>Enquanto muitos de n\u00f3s nos recuperamos da influenza ap\u00f3s uma semana, esta pode ser uma doen\u00e7a muito grave, e at\u00e9 mesmo fatal em alguns casos, sem qualquer raz\u00e3o para que os m\u00e9dicos esperem este resultado.<\/p>\n<p>Analisando o genoma de uma menina que contraiu uma forma severa de influenza com dois anos e meio de idade, pesquisadores do Laborat\u00f3rio de Gen\u00e9tica Humana de Doen\u00e7as Infecciosas, uma institui\u00e7\u00e3o franco-americana, descobriram que ela era portadora de uma muta\u00e7\u00e3o gen\u00e9tica, desconhecida at\u00e9 agora, que causava uma disfun\u00e7\u00e3o sutil em seu sistema imunol\u00f3gico.<\/p>\n<p>O estudo mostra que as muta\u00e7\u00f5es gen\u00e9ticas podem ser a raiz de diversas formas de influenza em crian\u00e7as, e indica que mecanismos imunes ausentes na menina s\u00e3o necess\u00e1rios para a prote\u00e7\u00e3o contra este v\u00edrus em humanos. As conclus\u00f5es da pesquisa foram publicadas na revista \u201cScience\u201d.<\/p>\n<p>A gripe sazonal \u00e9 uma infec\u00e7\u00e3o viral aguda causada pelo v\u00edrus influenza. Caracteriza-se por febre alta, dores de cabe\u00e7a, dores musculares etc. Al\u00e9m da vacina\u00e7\u00e3o, n\u00e3o h\u00e1 tratamento para ela que n\u00e3o seja sintom\u00e1tico. Na maioria dos casos, os pacientes se recuperam depois de uma semana, mas em pessoas mais vulner\u00e1veis a gripe pode causar desconforto respirat\u00f3rio agudo, que \u00e9 potencialmente fatal.<\/p>\n<p>Os principais fatores de risco conhecidos para formas graves de influenza s\u00e3o algumas comorbidades adquiridas, tais como a doen\u00e7a pulmonar cr\u00f4nica. No entanto, a causa da maioria dos casos fatais ainda \u00e9 misteriosa, especialmente em crian\u00e7as.<\/p>\n<p>A aus\u00eancia dos casos de gripe severa em pacientes com imunodefici\u00eancias adquiridas conhecidas, que geralmente aumentam a suscetibilidade a infec\u00e7\u00f5es, tamb\u00e9m \u00e9 surpreendente.<\/p>\n<p>Considerando estas observa\u00e7\u00f5es, os pesquisadores formularam uma hip\u00f3tese de que a gripe severa em crian\u00e7as saud\u00e1veis pode ser resultado de erros gen\u00e9ticos.<\/p>\n<p>Para testar esta teoria, os cientistas sequenciaram o genoma inteiro de uma crian\u00e7a de 7 anos de idade, que havia contra\u00eddo um tipo grave de influenza (influenza A subtipo H1N1), requerendo sua admiss\u00e3o em uma unidade de terapia intensiva pedi\u00e1trica em janeiro de 2011, quando tinha dois anos e meio de idade. Na \u00e9poca, ela n\u00e3o mostrou nenhuma outra patologia conhecida que poderia ter sugerido uma maior vulnerabilidade ao v\u00edrus do que a de outras crian\u00e7as.<\/p>\n<p>Este exame, combinado com a an\u00e1lise dos genomas de seus pais, tornou poss\u00edvel mostrar que a menina tinha herdado um alelo mutante de um gene, cuja presen\u00e7a interrompeu o sistema de defesa contra a infec\u00e7\u00e3o pelo v\u00edrus.<\/p>\n<p>Atrav\u00e9s da realiza\u00e7\u00e3o de uma ampla s\u00e9rie de experimentos em c\u00e9lulas sangu\u00edneas e pela gera\u00e7\u00e3o de c\u00e9lulas do pulm\u00e3o a partir de c\u00e9lulas-tronco retiradas da crian\u00e7a, os pesquisadores provaram que as muta\u00e7\u00f5es observadas na menina explicam o desenvolvimento da influenza grave.<\/p>\n<p>Os pesquisadores tamb\u00e9m pretendem procurar muta\u00e7\u00f5es em genes de outras crian\u00e7as recrutadas ap\u00f3s epis\u00f3dios de gripe severa inexplicada.<\/p>\n","protected":false},"excerpt":{"rendered":"<p>Enquanto muitos de n\u00f3s nos recuperamos da influenza ap\u00f3s uma semana, esta pode ser uma<\/p>\n","protected":false},"author":2,"featured_media":18347,"comment_status":"open","ping_status":"open","sticky":false,"template":"","format":"standard","meta":[],"categories":[],"tags":[],"uagb_featured_image_src":{"full":["https:\/\/espacoecologico.com.br\/arquivo\/wp-content\/uploads\/2015\/03\/mutacao_genetica.jpg",415,265,false],"thumbnail":["https:\/\/espacoecologico.com.br\/arquivo\/wp-content\/uploads\/2015\/03\/mutacao_genetica-150x150.jpg",150,150,true],"medium":["https:\/\/espacoecologico.com.br\/arquivo\/wp-content\/uploads\/2015\/03\/mutacao_genetica-300x192.jpg",300,192,true],"medium_large":["https:\/\/espacoecologico.com.br\/arquivo\/wp-content\/uploads\/2015\/03\/mutacao_genetica.jpg",415,265,false],"large":["https:\/\/espacoecologico.com.br\/arquivo\/wp-content\/uploads\/2015\/03\/mutacao_genetica.jpg",415,265,false],"1536x1536":["https:\/\/espacoecologico.com.br\/arquivo\/wp-content\/uploads\/2015\/03\/mutacao_genetica.jpg",415,265,false],"2048x2048":["https:\/\/espacoecologico.com.br\/arquivo\/wp-content\/uploads\/2015\/03\/mutacao_genetica.jpg",415,265,false],"cream-magazine-thumbnail-2":["https:\/\/espacoecologico.com.br\/arquivo\/wp-content\/uploads\/2015\/03\/mutacao_genetica.jpg",415,265,false],"cream-magazine-thumbnail-3":["https:\/\/espacoecologico.com.br\/arquivo\/wp-content\/uploads\/2015\/03\/mutacao_genetica.jpg",415,265,false],"cream-magazine-thumbnail-4":["https:\/\/espacoecologico.com.br\/arquivo\/wp-content\/uploads\/2015\/03\/mutacao_genetica.jpg",415,265,false]},"uagb_author_info":{"display_name":"","author_link":"https:\/\/espacoecologico.com.br\/arquivo\/author\/"},"uagb_comment_info":0,"uagb_excerpt":"Enquanto muitos de n\u00f3s nos recuperamos da influenza ap\u00f3s uma semana, esta pode ser uma","_links":{"self":[{"href":"https:\/\/espacoecologico.com.br\/arquivo\/wp-json\/wp\/v2\/posts\/18346"}],"collection":[{"href":"https:\/\/espacoecologico.com.br\/arquivo\/wp-json\/wp\/v2\/posts"}],"about":[{"href":"https:\/\/espacoecologico.com.br\/arquivo\/wp-json\/wp\/v2\/types\/post"}],"author":[{"embeddable":true,"href":"https:\/\/espacoecologico.com.br\/arquivo\/wp-json\/wp\/v2\/users\/2"}],"replies":[{"embeddable":true,"href":"https:\/\/espacoecologico.com.br\/arquivo\/wp-json\/wp\/v2\/comments?post=18346"}],"version-history":[{"count":0,"href":"https:\/\/espacoecologico.com.br\/arquivo\/wp-json\/wp\/v2\/posts\/18346\/revisions"}],"wp:featuredmedia":[{"embeddable":true,"href":"https:\/\/espacoecologico.com.br\/arquivo\/wp-json\/wp\/v2\/media\/18347"}],"wp:attachment":[{"href":"https:\/\/espacoecologico.com.br\/arquivo\/wp-json\/wp\/v2\/media?parent=18346"}],"wp:term":[{"taxonomy":"category","embeddable":true,"href":"https:\/\/espacoecologico.com.br\/arquivo\/wp-json\/wp\/v2\/categories?post=18346"},{"taxonomy":"post_tag","embeddable":true,"href":"https:\/\/espacoecologico.com.br\/arquivo\/wp-json\/wp\/v2\/tags?post=18346"}],"curies":[{"name":"wp","href":"https:\/\/api.w.org\/{rel}","templated":true}]}}