{"id":18300,"date":"2015-03-28T00:00:03","date_gmt":"2015-03-28T00:00:03","guid":{"rendered":"https:\/\/espacoecologico.com.br\/arquivo\/?p=18300"},"modified":"2015-03-29T13:55:22","modified_gmt":"2015-03-29T13:55:22","slug":"faca-voce-mesmo-decoracao-de-pascoa-com-itens-reaproveitados","status":"publish","type":"post","link":"https:\/\/espacoecologico.com.br\/arquivo\/faca-voce-mesmo-decoracao-de-pascoa-com-itens-reaproveitados\/","title":{"rendered":"Fa\u00e7a voc\u00ea mesmo: decora\u00e7\u00e3o de P\u00e1scoa com itens reaproveitados"},"content":{"rendered":"<h4>A decora\u00e7\u00e3o \u00e9 fundamental na P\u00e1scoa. Mas \u00e9 preciso faz\u00ea-la com o menor impacto ambiental poss\u00edvel<\/h4>\n<p><img loading=\"lazy\" class=\"\" src=\"http:\/\/www.ecycle.com.br\/images\/materias\/Ecodesign\/2015-02\/capa2.jpg\" alt=\"\" width=\"640\" height=\"507\" \/><\/p>\n<p>\u00c9poca de P\u00e1scoa \u00e9 sempre muito legal. Tem um monte de chocolate, a fam\u00edlia reunida&#8230; O que mais poder\u00edamos querer?<\/p>\n<p>Decora\u00e7\u00e3o! Sim, nenhuma P\u00e1scoa \u00e9 completa sem darmos uma personalizada no ambiente para que todo mundo curta o feriado de um jeito mais agrad\u00e1vel. No entanto, voc\u00ea n\u00e3o precisa comprar itens novos que ficar\u00e3o guardados por quase todo o ano.<\/p>\n<p>Reaproveitando objetos que voc\u00ea j\u00e1 tem em casa ser\u00e1 poss\u00edvel fazer uma decora\u00e7\u00e3o legal sem aumentar impactos ambientais. Confira:<\/p>\n<h3>1. Reutilizando meias velhas<\/h3>\n<p><img loading=\"lazy\" class=\"\" src=\"http:\/\/www.ecycle.com.br\/images\/materias\/Ecodesign\/2015-02\/meia.jpg\" alt=\"\" width=\"640\" height=\"956\" \/><\/p>\n<p><img loading=\"lazy\" class=\"\" src=\"http:\/\/www.ecycle.com.br\/images\/materias\/Ecodesign\/2015-02\/410b333836bd9d130dc103abdd364f45.jpg\" alt=\"\" width=\"635\" height=\"2910\" \/><\/p>\n<h3>2. Tric\u00f4 com restos de l\u00e3<\/h3>\n<p><img loading=\"lazy\" class=\"\" src=\"http:\/\/www.ecycle.com.br\/images\/materias\/Ecodesign\/2015-02\/pascoasssssss.jpg\" alt=\"\" width=\"638\" height=\"455\" \/><\/p>\n<h3>3. Usando EVA e PET<\/h3>\n<p><img loading=\"lazy\" class=\"\" src=\"http:\/\/www.ecycle.com.br\/images\/materias\/Ecodesign\/2015-02\/pascoa2.jpg\" alt=\"\" width=\"640\" height=\"799\" \/><\/p>\n<h3>3. Na cozinha (diversos)<\/h3>\n<h3><img loading=\"lazy\" class=\"\" src=\"http:\/\/www.ecycle.com.br\/images\/materias\/Ecodesign\/2015-02\/521f8c49ebdb613ee8ad2fdc0b0d8adf.jpg\" alt=\"\" width=\"639\" height=\"791\" \/><\/h3>\n<p><img loading=\"lazy\" class=\"\" src=\"http:\/\/www.ecycle.com.br\/images\/materias\/Ecodesign\/2015-02\/auiehuiaehaiuhe.jpg\" alt=\"\" width=\"639\" height=\"929\" \/><\/p>\n<p><img loading=\"lazy\" class=\"\" src=\"http:\/\/www.ecycle.com.br\/images\/materias\/Ecodesign\/2015-02\/bottle.jpg\" alt=\"\" width=\"640\" height=\"539\" \/><\/p>\n<h3>4. Enfeitando ovos<\/h3>\n<p><img loading=\"lazy\" class=\"\" src=\"http:\/\/www.ecycle.com.br\/images\/materias\/Ecodesign\/2015-02\/eg.jpg\" alt=\"\" width=\"640\" height=\"640\" \/><\/p>\n<p><img loading=\"lazy\" class=\"\" src=\"http:\/\/www.ecycle.com.br\/images\/materias\/Ecodesign\/2015-02\/huehuehehe.jpg\" alt=\"\" width=\"640\" height=\"961\" \/><\/p>\n<p><img loading=\"lazy\" class=\"\" src=\"http:\/\/www.ecycle.com.br\/images\/materias\/Ecodesign\/2015-02\/genialson.jpg\" alt=\"\" width=\"639\" height=\"1839\" \/><\/p>\n<h3>5. Com rolinhos de papel higi\u00eanico<\/h3>\n<p><img loading=\"lazy\" class=\"\" src=\"http:\/\/www.ecycle.com.br\/images\/materias\/Ecodesign\/2015-02\/heuheuhauehe.jpg\" alt=\"\" width=\"639\" height=\"774\" \/><\/p>\n<p><img loading=\"lazy\" class=\"\" src=\"http:\/\/www.ecycle.com.br\/images\/materias\/Ecodesign\/2015-02\/pascoa1.jpg\" alt=\"\" width=\"639\" height=\"681\" \/><\/p>\n<p><img loading=\"lazy\" class=\"\" src=\"http:\/\/www.ecycle.com.br\/images\/materias\/Ecodesign\/2015-02\/tentativa.jpg\" alt=\"\" width=\"638\" height=\"1287\" \/><\/p>\n<h3>6. Copinhos descart\u00e1veis<\/h3>\n<p><img loading=\"lazy\" class=\"\" src=\"http:\/\/www.ecycle.com.br\/images\/materias\/Ecodesign\/2015-02\/hjabeiaueh.jpg\" alt=\"\" width=\"638\" height=\"852\" \/><\/p>\n<p><img loading=\"lazy\" class=\"\" src=\"http:\/\/www.ecycle.com.br\/images\/materias\/Ecodesign\/2015-02\/aejhije.jpg\" alt=\"\" width=\"638\" height=\"485\" \/><\/p>\n<h3>7. Reutilizando pap\u00e9is e tecidos velhos<\/h3>\n<p><img loading=\"lazy\" class=\"\" src=\"http:\/\/www.ecycle.com.br\/images\/materias\/Ecodesign\/2015-02\/pascxoa.jpg\" alt=\"\" width=\"640\" height=\"469\" \/><\/p>\n<p><img loading=\"lazy\" class=\"\" src=\"http:\/\/www.ecycle.com.br\/images\/materias\/Ecodesign\/2015-02\/pascoa.jpg\" alt=\"\" width=\"639\" height=\"748\" \/><\/p>\n<p>Confira, no v\u00eddeo abaixo, como fazer em casa um coelho a base de tecidos velhos:<\/p>\n<p><iframe loading=\"lazy\" src=\"https:\/\/www.youtube.com\/embed\/X302wEvDGQI\" width=\"639\" height=\"426\" frameborder=\"0\" allowfullscreen=\"allowfullscreen\"><\/iframe><\/p>\n<p><span class=\"Apple-style-span\">Fonte: Equipe Ecycle<br \/>\n<\/span><\/p>\n","protected":false},"excerpt":{"rendered":"<p>A decora\u00e7\u00e3o \u00e9 fundamental na P\u00e1scoa. Mas \u00e9 preciso faz\u00ea-la com o menor impacto ambiental<\/p>\n","protected":false},"author":2,"featured_media":0,"comment_status":"open","ping_status":"open","sticky":false,"template":"","format":"standard","meta":[],"categories":[],"tags":[],"uagb_featured_image_src":{"full":false,"thumbnail":false,"medium":false,"medium_large":false,"large":false,"1536x1536":false,"2048x2048":false,"cream-magazine-thumbnail-2":false,"cream-magazine-thumbnail-3":false,"cream-magazine-thumbnail-4":false},"uagb_author_info":{"display_name":"","author_link":"https:\/\/espacoecologico.com.br\/arquivo\/author\/"},"uagb_comment_info":0,"uagb_excerpt":"A decora\u00e7\u00e3o \u00e9 fundamental na P\u00e1scoa. Mas \u00e9 preciso faz\u00ea-la com o menor impacto ambiental","_links":{"self":[{"href":"https:\/\/espacoecologico.com.br\/arquivo\/wp-json\/wp\/v2\/posts\/18300"}],"collection":[{"href":"https:\/\/espacoecologico.com.br\/arquivo\/wp-json\/wp\/v2\/posts"}],"about":[{"href":"https:\/\/espacoecologico.com.br\/arquivo\/wp-json\/wp\/v2\/types\/post"}],"author":[{"embeddable":true,"href":"https:\/\/espacoecologico.com.br\/arquivo\/wp-json\/wp\/v2\/users\/2"}],"replies":[{"embeddable":true,"href":"https:\/\/espacoecologico.com.br\/arquivo\/wp-json\/wp\/v2\/comments?post=18300"}],"version-history":[{"count":0,"href":"https:\/\/espacoecologico.com.br\/arquivo\/wp-json\/wp\/v2\/posts\/18300\/revisions"}],"wp:attachment":[{"href":"https:\/\/espacoecologico.com.br\/arquivo\/wp-json\/wp\/v2\/media?parent=18300"}],"wp:term":[{"taxonomy":"category","embeddable":true,"href":"https:\/\/espacoecologico.com.br\/arquivo\/wp-json\/wp\/v2\/categories?post=18300"},{"taxonomy":"post_tag","embeddable":true,"href":"https:\/\/espacoecologico.com.br\/arquivo\/wp-json\/wp\/v2\/tags?post=18300"}],"curies":[{"name":"wp","href":"https:\/\/api.w.org\/{rel}","templated":true}]}}