{"id":152585,"date":"2021-08-29T15:46:06","date_gmt":"2021-08-29T18:46:06","guid":{"rendered":"https:\/\/espacoecologico.com.br\/arquivo\/?p=152585"},"modified":"2021-09-03T15:54:32","modified_gmt":"2021-09-03T18:54:32","slug":"sem-agua-e-sem-energia-este-e-o-mundo-sem-florestas","status":"publish","type":"post","link":"https:\/\/espacoecologico.com.br\/arquivo\/sem-agua-e-sem-energia-este-e-o-mundo-sem-florestas\/","title":{"rendered":"Sem \u00e1gua e sem energia, este \u00e9 o mundo sem florestas"},"content":{"rendered":"<p><img loading=\"lazy\" class=\"\" src=\"https:\/\/envolverde.com.br\/wp-content\/uploads\/fantasy-1701148_1280.jpg\" width=\"638\" height=\"425\" \/><\/p>\n<p>Quando o Pantanal e a Amaz\u00f4nia ardem em chamas, os que observam a Natureza e seus ciclos sabem que enfrentaremos estiagem e seca em um curto espa\u00e7o de tempo. Sem o fen\u00f4meno dos \u201crios voadores\u201d, formados a partir da umidade e das part\u00edculas que as \u00e1rvores soltam no ar, ficamos sem chuva.<\/p>\n<p>Mesmo assim, desde 2020, o Brasil enfrenta um ritmo acelerado de desmatamento e o mais recente relat\u00f3rio do Map Biomas \u2013 que consolida dados de cinco sistemas de monitoramento \u2013 apurou um aumento na destrui\u00e7\u00e3o das \u00e1reas naturais em todo o pa\u00eds, com a perda equivalente a 24 \u00e1rvores por segundo.<\/p>\n<p>As consequ\u00eancias j\u00e1 se fazem sentir e esta semana, o governo federal autorizou o plano de racionamento de energia para grandes consumidores e a Sabesp j\u00e1 colocou S\u00e3o Paulo em estado de alerta devido ao baixo n\u00edvel de suas represas.<\/p>\n<p>\u201cN\u00f3s j\u00e1 estamos em uma crise h\u00eddrica. Os indicadores mostram uma redu\u00e7\u00e3o significativa no volume de chuvas e no armazenamento de \u00e1gua ao longo dos meses deste ano. Hoje, n\u00f3s temos 20% menos \u00e1gua do que o mesmo per\u00edodo em 2013, ano que antecedeu a crise\u201d, avaliou Pedro Luiz C\u00f4rtes, professor do Programa de P\u00f3s-Gradua\u00e7\u00e3o em Ci\u00eancia Ambiental no Instituto de Energia e Ambiente (IEE) da USP, em entrevista ao jornal da universidade.<\/p>\n<p>Com reservat\u00f3rios baixos, as hidrel\u00e9tricas, respons\u00e1veis por cerca de 70% de toda energia do pa\u00eds, reduzem sua produ\u00e7\u00e3o e acionam-se mais termel\u00e9tricas, movidas \u00e0 queima de g\u00e1s, carv\u00e3o ou biomassa. Medida que, ao longo do tempo, agrava o quadro por jogar mais poluentes na atmosfera e provocar ainda mais desequil\u00edbrio. Um desafio que o Brasil ainda n\u00e3o resolve, pois parte de sua popula\u00e7\u00e3o acredita em \u201cqueimar o mato\u201d \u2013 ou arras\u00e1-lo com corrent\u00f5es e tratores, para colocar em seu lugar, boi e pasto. O pa\u00eds atingiu a marca de 215 milh\u00f5es de cabe\u00e7as de gado este ano, que ser\u00e3o, na sua maioria, devorados em inconsequentes churrascos, deixando um rastro de terras exauridas e improdutivas atr\u00e1s de si, no decorrer do tempo.<\/p>\n<p>Ao analisar 74.218 alertas de desmatamento, o Map Biomas detectou que 99% deles ocorrem na ilegalidade e sobre \u00e1reas protegidas. \u201cEm mais de dois ter\u00e7os dos casos, \u00e9 poss\u00edvel saber quem \u00e9 o respons\u00e1vel. \u00c9 preciso que os \u00f3rg\u00e3os de controle autuem e embarguem as \u00e1reas desmatadas ilegalmente e as empresas eliminem essas \u00e1reas de suas cadeias de produ\u00e7\u00e3o\u201d, recomendou Tasso Azevedo, coordenador-geral do Map Biomas, em entrevista ao canal RBA. Um outro estudo da entidade, com a an\u00e1lise de imagens de sat\u00e9lite de todo o territ\u00f3rio nacional entre 1985 e 2020, descobriu que a superf\u00edcie coberta por \u00e1gua no Brasil se reduziu em 15,7% desde o in\u00edcio dos anos 90.<\/p>\n<p>Temos pouco tempo para agir. Felizmente, outra parcela da popula\u00e7\u00e3o, ciente desta realidade, trabalha para a restaura\u00e7\u00e3o florestal e recomposi\u00e7\u00e3o de APPs (\u00e1reas de preserva\u00e7\u00e3o permanente) e reservas legais. Iniciativas como as agroflorestas, difundidas a partir do pioneiro Ernst Gostch, a agricultura regenerativa, como aplicada pela Renature, e os cons\u00f3rcios iLPF \u2013 Integra\u00e7\u00e3o Lavoura, Pecu\u00e1ria e Florestas, incentivados pela Embrapa, abrem caminhos para a produ\u00e7\u00e3o respons\u00e1vel de alimentos para a popula\u00e7\u00e3o humana, em equil\u00edbrio com os ciclos naturais do planeta. \u00c9 chegada a hora de todos tomarem partido neste embate e fazerem suas escolhas. Os h\u00e1bitos de consumo de cada um s\u00e3o a ponta final de todas as boas ou m\u00e1s pr\u00e1ticas no campo.<\/p>\n<p>De que lado voc\u00ea est\u00e1?<\/p>\n<p>&nbsp;<\/p>\n<p>Fonte: <a href=\"https:\/\/envolverde.com.br\/sem-agua-e-sem-energia-este-e-o-mundo-sem-florestas\/\" target=\"_blank\" rel=\"noopener\">Envolverde &#8211; Por Neuza \u00c0rbocz \u2013 Imagem de destaque:\u00a0Karen Nadine\u00a0por\u00a0Pixabay\u00a0<\/a><\/p>\n","protected":false},"excerpt":{"rendered":"<p>Quando o Pantanal e a Amaz\u00f4nia ardem em chamas, os que observam a Natureza e<\/p>\n","protected":false},"author":1,"featured_media":152586,"comment_status":"closed","ping_status":"open","sticky":false,"template":"","format":"standard","meta":[],"categories":[3],"tags":[],"uagb_featured_image_src":{"full":["https:\/\/espacoecologico.com.br\/arquivo\/wp-content\/uploads\/2021\/09\/fantasy-1701148_1280.jpg",1280,853,false],"thumbnail":["https:\/\/espacoecologico.com.br\/arquivo\/wp-content\/uploads\/2021\/09\/fantasy-1701148_1280-150x150.jpg",150,150,true],"medium":["https:\/\/espacoecologico.com.br\/arquivo\/wp-content\/uploads\/2021\/09\/fantasy-1701148_1280-300x200.jpg",300,200,true],"medium_large":["https:\/\/espacoecologico.com.br\/arquivo\/wp-content\/uploads\/2021\/09\/fantasy-1701148_1280-768x512.jpg",640,427,true],"large":["https:\/\/espacoecologico.com.br\/arquivo\/wp-content\/uploads\/2021\/09\/fantasy-1701148_1280-1024x682.jpg",640,426,true],"1536x1536":["https:\/\/espacoecologico.com.br\/arquivo\/wp-content\/uploads\/2021\/09\/fantasy-1701148_1280.jpg",1280,853,false],"2048x2048":["https:\/\/espacoecologico.com.br\/arquivo\/wp-content\/uploads\/2021\/09\/fantasy-1701148_1280.jpg",1280,853,false],"cream-magazine-thumbnail-2":["https:\/\/espacoecologico.com.br\/arquivo\/wp-content\/uploads\/2021\/09\/fantasy-1701148_1280-800x450.jpg",800,450,true],"cream-magazine-thumbnail-3":["https:\/\/espacoecologico.com.br\/arquivo\/wp-content\/uploads\/2021\/09\/fantasy-1701148_1280-720x540.jpg",720,540,true],"cream-magazine-thumbnail-4":["https:\/\/espacoecologico.com.br\/arquivo\/wp-content\/uploads\/2021\/09\/fantasy-1701148_1280-450x600.jpg",450,600,true]},"uagb_author_info":{"display_name":"sabrina","author_link":"https:\/\/espacoecologico.com.br\/arquivo\/author\/sabrina\/"},"uagb_comment_info":0,"uagb_excerpt":"Quando o Pantanal e a Amaz\u00f4nia ardem em chamas, os que observam a Natureza e","_links":{"self":[{"href":"https:\/\/espacoecologico.com.br\/arquivo\/wp-json\/wp\/v2\/posts\/152585"}],"collection":[{"href":"https:\/\/espacoecologico.com.br\/arquivo\/wp-json\/wp\/v2\/posts"}],"about":[{"href":"https:\/\/espacoecologico.com.br\/arquivo\/wp-json\/wp\/v2\/types\/post"}],"author":[{"embeddable":true,"href":"https:\/\/espacoecologico.com.br\/arquivo\/wp-json\/wp\/v2\/users\/1"}],"replies":[{"embeddable":true,"href":"https:\/\/espacoecologico.com.br\/arquivo\/wp-json\/wp\/v2\/comments?post=152585"}],"version-history":[{"count":1,"href":"https:\/\/espacoecologico.com.br\/arquivo\/wp-json\/wp\/v2\/posts\/152585\/revisions"}],"predecessor-version":[{"id":152587,"href":"https:\/\/espacoecologico.com.br\/arquivo\/wp-json\/wp\/v2\/posts\/152585\/revisions\/152587"}],"wp:featuredmedia":[{"embeddable":true,"href":"https:\/\/espacoecologico.com.br\/arquivo\/wp-json\/wp\/v2\/media\/152586"}],"wp:attachment":[{"href":"https:\/\/espacoecologico.com.br\/arquivo\/wp-json\/wp\/v2\/media?parent=152585"}],"wp:term":[{"taxonomy":"category","embeddable":true,"href":"https:\/\/espacoecologico.com.br\/arquivo\/wp-json\/wp\/v2\/categories?post=152585"},{"taxonomy":"post_tag","embeddable":true,"href":"https:\/\/espacoecologico.com.br\/arquivo\/wp-json\/wp\/v2\/tags?post=152585"}],"curies":[{"name":"wp","href":"https:\/\/api.w.org\/{rel}","templated":true}]}}