{"id":152582,"date":"2021-08-29T15:43:53","date_gmt":"2021-08-29T18:43:53","guid":{"rendered":"https:\/\/espacoecologico.com.br\/arquivo\/?p=152582"},"modified":"2021-09-03T15:54:32","modified_gmt":"2021-09-03T18:54:32","slug":"empresa-transforma-lixo-plastico-em-oculos-de-sol-cujas-vendas-serao-destinadas-a-ong-que-limpa-os-oceanos","status":"publish","type":"post","link":"https:\/\/espacoecologico.com.br\/arquivo\/empresa-transforma-lixo-plastico-em-oculos-de-sol-cujas-vendas-serao-destinadas-a-ong-que-limpa-os-oceanos\/","title":{"rendered":"Empresa transforma lixo pl\u00e1stico em \u00f3culos de sol cujas vendas ser\u00e3o destinadas a ONG que limpa os oceanos"},"content":{"rendered":"<p><img loading=\"lazy\" class=\"\" src=\"https:\/\/razoesparaacreditar.com\/wp-content\/uploads\/2020\/10\/oculos-capa-1068x561.png\" alt=\"\u00f3culos feito de lixo pl\u00e1stico\" width=\"640\" height=\"336\" \/><\/p>\n<p>A gente entende que o lixo pl\u00e1stico ainda \u00e9 um problema de polui\u00e7\u00e3o no mundo inteiro. Encontramos diversos projetos que visam reduzir o impacto que esses res\u00edduos trazem para a nossa natureza e, dessa vez, pesquisadores holandeses desenvolveram um modelo de \u00f3culos de sol.<\/p>\n<p>A not\u00edcia fica ainda melhor, quando sabemos que al\u00e9m de ajudar o meio ambiente, todo o dinheiro das vendas ser\u00e1 doado para uma ONG ambiental,\u00a0<strong>que cuida dos oceanos e mares na regi\u00e3o da Holanda.<\/strong><\/p>\n<p>O Grupo Safilo desenvolveu os \u00f3culos especialmente para a The Ocean Cleanup, uma ONG holandesa para causas ambientais.<\/p>\n<p>\u201c<em>A parceria foi crucial para transformar o pl\u00e1stico que retiramos do oceano em produtos \u00fateis e dur\u00e1veis: esses lindos \u00f3culos de sol. Os lucros deste produto ajudar\u00e3o a financiar nossa miss\u00e3o e esperamos que sirvam como outra forma de aumentar a consci\u00eancia global da necessidade urgente de remover o pl\u00e1stico de nossos ecossistemas aqu\u00e1ticos<\/em>\u201d, disse Boyan Slat, fundador e CEO da The Ocean Cleanup.<\/p>\n<p>A The Ocean Cleanup desenvolve tecnologias avan\u00e7adas para\u00a0<a href=\"https:\/\/razoesparaacreditar.com\/ecobarreira-rio-plastico-brinquedos\/\" target=\"_blank\" rel=\"noopener noreferrer\"><strong>extrair polui\u00e7\u00e3o de pl\u00e1stico dos oceanos<\/strong><\/a>.<\/p>\n<p>Os \u00f3culos de sol sustent\u00e1veis ser\u00e3o\u00a0<strong>fabricados a partir de res\u00edduos coletados pela pr\u00f3pria ONG<\/strong>. Por esse motivo, a Safilo doar\u00e1 todo o valor das vendas para a organiza\u00e7\u00e3o.<\/p>\n<p>O material da fabrica\u00e7\u00e3o \u00e9 proveniente da Grande Por\u00e7\u00e3o de Lixo do Pac\u00edfico (Great Pacific Garbage Patch \u2013 GPGP), utilizando um processo inovador de upcycling capaz de incluir tipos de pl\u00e1stico que tradicionalmente eram mais dif\u00edceis de reciclar, transformando-os em um material de alta qualidade e seguro.<\/p>\n<figure id=\"attachment_186568\" class=\"wp-caption aligncenter\" style=\"width: 639px;\" aria-describedby=\"caption-attachment-186568\"><img loading=\"lazy\" class=\"wp-image-186568 lazyloaded\" title=\"Empresa transforma lixo pl\u00e1stico em \u00f3culos de sol cujas vendas ser\u00e3o destinadas a ONG que limpa os oceanos 4\" src=\"https:\/\/razoesparaacreditar.com\/wp-content\/uploads\/2020\/10\/oclos-lixo.jpg\" sizes=\"(max-width: 600px) 100vw, 600px\" srcset=\"https:\/\/razoesparaacreditar.com\/wp-content\/uploads\/2020\/10\/oclos-lixo.jpg 1024w, https:\/\/razoesparaacreditar.com\/wp-content\/uploads\/2020\/10\/oclos-lixo-300x225.jpg 300w, https:\/\/razoesparaacreditar.com\/wp-content\/uploads\/2020\/10\/oclos-lixo-768x576.jpg 768w, https:\/\/razoesparaacreditar.com\/wp-content\/uploads\/2020\/10\/oclos-lixo-80x60.jpg 80w, https:\/\/razoesparaacreditar.com\/wp-content\/uploads\/2020\/10\/oclos-lixo-265x198.jpg 265w, https:\/\/razoesparaacreditar.com\/wp-content\/uploads\/2020\/10\/oclos-lixo-696x522.jpg 696w, https:\/\/razoesparaacreditar.com\/wp-content\/uploads\/2020\/10\/oclos-lixo-560x420.jpg 560w, https:\/\/razoesparaacreditar.com\/wp-content\/uploads\/2020\/10\/oclos-lixo-853x640.jpg 853w, https:\/\/razoesparaacreditar.com\/wp-content\/uploads\/2020\/10\/oclos-lixo-150x113.jpg 150w\" alt=\"lixo pl\u00e1stico\" width=\"639\" height=\"479\" data-srcset=\"https:\/\/razoesparaacreditar.com\/wp-content\/uploads\/2020\/10\/oclos-lixo.jpg 1024w, https:\/\/razoesparaacreditar.com\/wp-content\/uploads\/2020\/10\/oclos-lixo-300x225.jpg 300w, https:\/\/razoesparaacreditar.com\/wp-content\/uploads\/2020\/10\/oclos-lixo-768x576.jpg 768w, https:\/\/razoesparaacreditar.com\/wp-content\/uploads\/2020\/10\/oclos-lixo-80x60.jpg 80w, https:\/\/razoesparaacreditar.com\/wp-content\/uploads\/2020\/10\/oclos-lixo-265x198.jpg 265w, https:\/\/razoesparaacreditar.com\/wp-content\/uploads\/2020\/10\/oclos-lixo-696x522.jpg 696w, https:\/\/razoesparaacreditar.com\/wp-content\/uploads\/2020\/10\/oclos-lixo-560x420.jpg 560w, https:\/\/razoesparaacreditar.com\/wp-content\/uploads\/2020\/10\/oclos-lixo-853x640.jpg 853w, https:\/\/razoesparaacreditar.com\/wp-content\/uploads\/2020\/10\/oclos-lixo-150x113.jpg 150w\" data-src=\"https:\/\/razoesparaacreditar.com\/wp-content\/uploads\/2020\/10\/oclos-lixo.jpg\" data-sizes=\"(max-width: 600px) 100vw, 600px\" \/><figcaption id=\"caption-attachment-186568\" class=\"wp-caption-text\">Foto: Reprodu\u00e7\u00e3o \/ CicloVivo<\/figcaption><\/figure>\n<h2>Edi\u00e7\u00e3o limitada<\/h2>\n<p>Os \u00f3culos de sol sustent\u00e1veis estar\u00e3o dispon\u00edveis exclusivamente no site The Ocean Cleanup. Eles j\u00e1 est\u00e3o em desenvolvimento, mas n\u00e3o h\u00e1 uma data para a distribui\u00e7\u00e3o.<\/p>\n<p>A pe\u00e7a tamb\u00e9m ter\u00e1\u00a0edi\u00e7\u00e3o limitada. Cada par de \u00f3culos carregar\u00e1 um QR code exclusivo, que conecta diretamente o usu\u00e1rio \u00e0s informa\u00e7\u00f5es b\u00e1sicas sobre o produto, o projeto e o local espec\u00edfico de onde a polui\u00e7\u00e3o do pl\u00e1stico marinho foi removida. Maravilhoso, n\u00e3o \u00e9?<\/p>\n<figure id=\"attachment_186570\" class=\"wp-caption aligncenter\" style=\"width: 638px;\" aria-describedby=\"caption-attachment-186570\"><img loading=\"lazy\" class=\" wp-image-186570 lazyloaded\" title=\"Empresa transforma lixo pl\u00e1stico em \u00f3culos de sol cujas vendas ser\u00e3o destinadas a ONG que limpa os oceanos 5\" src=\"https:\/\/razoesparaacreditar.com\/wp-content\/uploads\/2020\/10\/oculos-design-e1604064955352.jpg\" alt=\"\u00f3culos reciclado\" width=\"638\" height=\"368\" data-src=\"https:\/\/razoesparaacreditar.com\/wp-content\/uploads\/2020\/10\/oculos-design-e1604064955352.jpg\" \/><figcaption id=\"caption-attachment-186570\" class=\"wp-caption-text\">Esse \u00e9 o design dos \u00f3culos fabricados na Holanda. Foto: Reprodu\u00e7\u00e3o \/ CicloVivo<\/figcaption><\/figure>\n<p>Estima-se que cada par de \u00f3culos de sol permita a limpeza de um equivalente a 24 campos de futebol do GPGP e quando o primeiro lote for totalmente vendido isso vai representar aproximadamente 500 mil campos de futebol de limpeza no GPGP.<\/p>\n<p>\u201c<em>Estou muito orgulhoso deste novo projeto que desenvolvemos em conjunto com The Ocean Cleanup<\/em>\u201d, comentou Angelo Trocchia, CEO do Grupo Safilo. \u201c<em>Nos sentimos honrados por fazer parte dessa miss\u00e3o de dar uma segunda vida ao pl\u00e1stico coletado do oceano<\/em>\u201d.<\/p>\n<p><strong>Assista ao v\u00eddeo:<\/strong><\/p>\n<p><iframe loading=\"lazy\" title=\"YouTube video player\" src=\"https:\/\/www.youtube.com\/embed\/hzeI0kth22E\" width=\"696\" height=\"392\" frameborder=\"0\" allowfullscreen=\"allowfullscreen\" data-mce-fragment=\"1\"><\/iframe><\/p>\n<p>&nbsp;<\/p>\n<p>&nbsp;<\/p>\n<p>Fonte: <a href=\"https:\/\/razoesparaacreditar.com\/oculos-de-sol-feito-com-lixo-plastico\/\" target=\"_blank\" rel=\"noopener\">Raz\u00f5es para acreditar &#8211; POR MONIQUE DE CARVALHO<\/a><\/p>\n","protected":false},"excerpt":{"rendered":"<p>A gente entende que o lixo pl\u00e1stico ainda \u00e9 um problema de polui\u00e7\u00e3o no mundo<\/p>\n","protected":false},"author":1,"featured_media":152583,"comment_status":"closed","ping_status":"open","sticky":false,"template":"","format":"standard","meta":[],"categories":[3],"tags":[],"uagb_featured_image_src":{"full":["https:\/\/espacoecologico.com.br\/arquivo\/wp-content\/uploads\/2021\/09\/oculos-capa-1068x561-1.png",1068,561,false],"thumbnail":["https:\/\/espacoecologico.com.br\/arquivo\/wp-content\/uploads\/2021\/09\/oculos-capa-1068x561-1-150x150.png",150,150,true],"medium":["https:\/\/espacoecologico.com.br\/arquivo\/wp-content\/uploads\/2021\/09\/oculos-capa-1068x561-1-300x158.png",300,158,true],"medium_large":["https:\/\/espacoecologico.com.br\/arquivo\/wp-content\/uploads\/2021\/09\/oculos-capa-1068x561-1-768x403.png",640,336,true],"large":["https:\/\/espacoecologico.com.br\/arquivo\/wp-content\/uploads\/2021\/09\/oculos-capa-1068x561-1-1024x538.png",640,336,true],"1536x1536":["https:\/\/espacoecologico.com.br\/arquivo\/wp-content\/uploads\/2021\/09\/oculos-capa-1068x561-1.png",1068,561,false],"2048x2048":["https:\/\/espacoecologico.com.br\/arquivo\/wp-content\/uploads\/2021\/09\/oculos-capa-1068x561-1.png",1068,561,false],"cream-magazine-thumbnail-2":["https:\/\/espacoecologico.com.br\/arquivo\/wp-content\/uploads\/2021\/09\/oculos-capa-1068x561-1-800x450.png",800,450,true],"cream-magazine-thumbnail-3":["https:\/\/espacoecologico.com.br\/arquivo\/wp-content\/uploads\/2021\/09\/oculos-capa-1068x561-1-720x540.png",720,540,true],"cream-magazine-thumbnail-4":["https:\/\/espacoecologico.com.br\/arquivo\/wp-content\/uploads\/2021\/09\/oculos-capa-1068x561-1-450x561.png",450,561,true]},"uagb_author_info":{"display_name":"sabrina","author_link":"https:\/\/espacoecologico.com.br\/arquivo\/author\/sabrina\/"},"uagb_comment_info":0,"uagb_excerpt":"A gente entende que o lixo pl\u00e1stico ainda \u00e9 um problema de polui\u00e7\u00e3o no mundo","_links":{"self":[{"href":"https:\/\/espacoecologico.com.br\/arquivo\/wp-json\/wp\/v2\/posts\/152582"}],"collection":[{"href":"https:\/\/espacoecologico.com.br\/arquivo\/wp-json\/wp\/v2\/posts"}],"about":[{"href":"https:\/\/espacoecologico.com.br\/arquivo\/wp-json\/wp\/v2\/types\/post"}],"author":[{"embeddable":true,"href":"https:\/\/espacoecologico.com.br\/arquivo\/wp-json\/wp\/v2\/users\/1"}],"replies":[{"embeddable":true,"href":"https:\/\/espacoecologico.com.br\/arquivo\/wp-json\/wp\/v2\/comments?post=152582"}],"version-history":[{"count":1,"href":"https:\/\/espacoecologico.com.br\/arquivo\/wp-json\/wp\/v2\/posts\/152582\/revisions"}],"predecessor-version":[{"id":152584,"href":"https:\/\/espacoecologico.com.br\/arquivo\/wp-json\/wp\/v2\/posts\/152582\/revisions\/152584"}],"wp:featuredmedia":[{"embeddable":true,"href":"https:\/\/espacoecologico.com.br\/arquivo\/wp-json\/wp\/v2\/media\/152583"}],"wp:attachment":[{"href":"https:\/\/espacoecologico.com.br\/arquivo\/wp-json\/wp\/v2\/media?parent=152582"}],"wp:term":[{"taxonomy":"category","embeddable":true,"href":"https:\/\/espacoecologico.com.br\/arquivo\/wp-json\/wp\/v2\/categories?post=152582"},{"taxonomy":"post_tag","embeddable":true,"href":"https:\/\/espacoecologico.com.br\/arquivo\/wp-json\/wp\/v2\/tags?post=152582"}],"curies":[{"name":"wp","href":"https:\/\/api.w.org\/{rel}","templated":true}]}}