{"id":152573,"date":"2021-08-29T15:22:57","date_gmt":"2021-08-29T18:22:57","guid":{"rendered":"https:\/\/espacoecologico.com.br\/arquivo\/?p=152573"},"modified":"2021-09-03T15:54:33","modified_gmt":"2021-09-03T18:54:33","slug":"o-que-e-e-como-lidar-com-a-alergia-emocional","status":"publish","type":"post","link":"https:\/\/espacoecologico.com.br\/arquivo\/o-que-e-e-como-lidar-com-a-alergia-emocional\/","title":{"rendered":"O que \u00e9 e como lidar com a alergia emocional"},"content":{"rendered":"<div class=\"post-thumbnail col-12 mt-3\">\n<figure><picture class=\"d-inline-block mw-100 post-thumbnail__picture position-relative overflow-hidden mt-3 w-100\"><img loading=\"lazy\" class=\"img-fluid entered loaded\" src=\"https:\/\/images.ecycle.com.br\/wp-content\/uploads\/2021\/05\/21182739\/alergia-emocional.jpg.webp\" alt=\"Alergia emocional\" width=\"639\" height=\"392\" data-src=\"https:\/\/images.ecycle.com.br\/wp-content\/uploads\/2021\/05\/21182739\/alergia-emocional.jpg.webp\" data-ll-status=\"loaded\" \/><\/picture><figcaption class=\"mt-2 mt-lg-3 text-center text-lg-left\"><em>Imagem de\u00a0<a href=\"https:\/\/www.pexels.com\/pt-br\/@cottonbro?utm_content=attributionCopyText&amp;utm_medium=referral&amp;utm_source=pexels\">cottonbro<\/a>\u00a0no\u00a0<a href=\"https:\/\/www.pexels.com\/pt-br\/foto\/alternativa-anonimo-borrao-mancha-6865181\/?utm_content=attributionCopyText&amp;utm_medium=referral&amp;utm_source=pexels\">Pexels<\/a><\/em><\/p>\n<h2 class=\"entry-subtitle font-weight-medium\">Entenda o que \u00e9 alergia emocional e como complica\u00e7\u00f5es de sa\u00fade mental se relacionam com rea\u00e7\u00f5es inflamat\u00f3rias<\/h2>\n<p>A\u00a0<strong>alergia\u00a0emocional<\/strong>\u00a0\u00e9 uma rea\u00e7\u00e3o do organismo que ocorre quando as c\u00e9lulas de defesa respondem a situa\u00e7\u00f5es de\u00a0estresse\u00a0e\u00a0ansiedade.<\/p>\n<p>\u00c9 poss\u00edvel que este tipo de alergia, que normalmente se manifesta atrav\u00e9s de manchas, coceira e vermelhid\u00e3o na\u00a0pele, possa estar relacionada \u00e0 produ\u00e7\u00e3o de catecolaminas e \u00e0 libera\u00e7\u00e3o de cortisol \u2013 conhecido como horm\u00f4nio do estresse \u2013 no corpo, causando uma rea\u00e7\u00e3o inflamat\u00f3ria.<\/p>\n<p>O tratamento pode ser feito com medicamentos t\u00f3picos, aplicados diretamente na regi\u00e3o afetada, anti-histam\u00ednicos e, paralelamente, acompanhamento psicol\u00f3gico. Tratamentos alternativos, como\u00a0yoga\u00a0e\u00a0medita\u00e7\u00e3o, podem ajudar. Identificando as causas do problema, ser\u00e1 mais f\u00e1cil tratar os sintomas e, possivelmente, elimin\u00e1-los da sua vida.<\/p>\n<p>No entanto, diversas pesquisas cient\u00edficas relacionam outros tipos de alergia (como respirat\u00f3ria e\u00a0alimentar) a fatores emocionais. N\u00e3o se sabe se esta \u00e9 uma rea\u00e7\u00e3o de causa e efeito, mas existem evid\u00eancias de que pessoas que apresentam alergia t\u00eam mais risco de desenvolver problemas de\u00a0sa\u00fade mental \u2013 e vice-versa.<\/p>\n<h2><span id=\"Alergia-emocional-ou-alergia-alimentar\">Alergia emocional ou alergia alimentar?<\/span><\/h2>\n<p>Os sintomas emocionais de ter uma alergia alimentar s\u00e3o resultado dos sintomas f\u00edsicos \u2013 ou as alergias alimentares causam diretamente os sintomas emocionais?<\/p>\n<p>Muitos estudos t\u00eam sido conduzidos com foco na liga\u00e7\u00e3o entre alergias e sa\u00fade mental.<\/p>\n<p>No entanto, eles mostram uma conex\u00e3o, mas n\u00e3o uma causa. Um\u00a0estudo, por exemplo, mostrou que quem sofre de alergia tem 50% mais chances de sofrer de depress\u00e3o.<\/p>\n<p>Outro\u00a0estudo, conduzido em 2002, descobriu que as rea\u00e7\u00f5es al\u00e9rgicas \u00e0 planta ambrosia causavam fadiga significativa e mudan\u00e7as de humor.<\/p>\n<p>De forma alguma esses estudos significam que todas as pessoas com alergia podem apresentar problemas de sa\u00fade mental ou que todas as pessoas com depress\u00e3o t\u00eam alergias.<\/p>\n<p>Contudo, \u00e9 poss\u00edvel fazer uma conex\u00e3o entre as rea\u00e7\u00f5es al\u00e9rgicas e o aumento do risco de desenvolver um problema de sa\u00fade mental, a partir das evid\u00eancias cient\u00edficas.<\/p>\n<p>Em 2008, um\u00a0estudo\u00a0mostrou uma conex\u00e3o entre os n\u00edveis de depress\u00e3o e os sintomas de alergia ao examinar as alergias ao\u00a0p\u00f3len\u00a0de \u00e1rvores.<\/p>\n<p>Alergias respirat\u00f3rias, cut\u00e2neas e alimentares, bem como sensibilidades alimentares, foram associadas a v\u00e1rios problemas emocionais, comportamentais e de desenvolvimento em crian\u00e7as em\u00a0pesquisas, tais como:<\/p>\n<ul>\n<li>Depress\u00e3o<\/li>\n<li>Transtorno bipolar<\/li>\n<li>TDAH<\/li>\n<li>Autismo<\/li>\n<li>Hiperatividade<\/li>\n<li>Transtornos de conduta<\/li>\n<\/ul>\n<p>No entanto, nenhum dos estudos foi capaz de identificar uma causa para essa rela\u00e7\u00e3o.<\/p>\n<h2><span id=\"O-que-e-uma-reacao-alergica\">O que \u00e9 uma rea\u00e7\u00e3o al\u00e9rgica?\u00a0<\/span><\/h2>\n<p>Uma rea\u00e7\u00e3o al\u00e9rgica \u00e9 uma forma de\u00a0inflama\u00e7\u00e3o. Quando o corpo experimenta isso, duas coisas acontecem. Em primeiro lugar, o sistema imunol\u00f3gico responde liberando citocinas, mol\u00e9culas de prote\u00ednas usadas na comunica\u00e7\u00e3o entre as c\u00e9lulas.<\/p>\n<p>Essas mol\u00e9culas enviam sinais ao\u00a0c\u00e9rebro, induzindo a sensa\u00e7\u00f5es de mal-estar que muitas vezes v\u00eam com a\u00a0gripe. Acredita-se tamb\u00e9m que a citocina afete negativamente o c\u00e9rebro e a sa\u00fade mental, causando tristeza e depress\u00e3o.<\/p>\n<p>Em segundo lugar, as rea\u00e7\u00f5es al\u00e9rgicas desencadeiam a libera\u00e7\u00e3o de cortisol, um horm\u00f4nio do estresse que interfere com a\u00a0serotonina, um dos \u201chorm\u00f4nios da felicidade\u201d. Quando h\u00e1 um desequil\u00edbrio com a serotonina, \u00e9 poss\u00edvel que a depress\u00e3o e a ansiedade sejam induzidas.<\/p>\n<h2><span id=\"Relacao-entre-a-asma-e-a-alergia-emocional\">Rela\u00e7\u00e3o entre a asma e a alergia emocional<\/span><\/h2>\n<p>De acordo com a\u00a0Academia Americana de Alergia, Asma e Imunologia, a\u00a0asma al\u00e9rgica\u00a0\u00e9 a forma mais comum de asma.<\/p>\n<p>A asma \u00e9 uma doen\u00e7a que pode causar incha\u00e7o e estreitamento das vias respirat\u00f3rias que conduzem aos pulm\u00f5es. Isso, por sua vez, torna a respira\u00e7\u00e3o dif\u00edcil.<\/p>\n<p>Um al\u00e9rgeno \u00e9 uma subst\u00e2ncia que, para pessoas com asma al\u00e9rgica, desencadear\u00e1 uma s\u00e9rie de rea\u00e7\u00f5es no sistema imunol\u00f3gico, fazendo, em \u00faltima inst\u00e2ncia, com que as vias respirat\u00f3rias \u201cinchem\u201d.<\/p>\n<div class=\"ads-manager ads-position ads-desktop\">\n<div id=\"div-gpt-ad-1584123871552-0\" data-google-query-id=\"CJby0dTt1vICFUgFuQYdFXgHXw\">\n<div id=\"google_ads_iframe_\/4188148\/eC_EditorialD_Conteudo7_0__container__\"><\/div>\n<\/div>\n<\/div>\n<p>Os al\u00e9rgenos comuns s\u00e3o inofensivos para n\u00e3o al\u00e9rgicos e incluem\u00a0\u00e1caros, p\u00f3len, pelos de animais e mofo. Embora os pr\u00f3prios al\u00e9rgenos desencadeiem sintomas de asma al\u00e9rgica, suas emo\u00e7\u00f5es podem afetar a gravidade dos sintomas.<\/p>\n<p>De acordo com a\u00a0Allergy and Asthma Foundation of America (AAFA),\u00a0fortes emo\u00e7\u00f5es e estresse podem piorar os sintomas da asma. O AAFA observa que a depress\u00e3o e a ansiedade est\u00e3o associadas a um menor controle dos sintomas da doen\u00e7a.<\/p>\n<p>Uma\u00a0revis\u00e3o de estudos\u00a0realizada em 2018 tamb\u00e9m indicou que aqueles com transtorno al\u00e9rgico eram mais propensos a sofrer de depress\u00e3o.<\/p>\n<p>Al\u00e9m disso, um\u00a0estudo\u00a0de 2008 detalhou as conex\u00f5es entre asma e transtornos do humor, incluindo depress\u00e3o grave e transtornos de ansiedade. Os pesquisadores ressaltam que o tratamento abrangente que considera a asma e os transtornos de humor \u00e9 importante.<\/p>\n<p>O estudo tamb\u00e9m observa que a asma e os transtornos do humor compartilham fisiopatologias comuns. Isso significa que a asma compartilha alguns processos f\u00edsicos com esses dist\u00farbios.<\/p>\n<p>Em outras palavras, os sintomas de ansiedade e estresse muitas vezes tamb\u00e9m imitam os da asma.<\/p>\n<p>O estresse \u00e9 outro fator possivelmente relacionado ao in\u00edcio de uma crise de asma al\u00e9rgica, podendo torn\u00e1-la mais grave ou prolongada.<\/p>\n<p>O\u00a0American Institute of Stress\u00a0observa que pessoas sob estresse e expostas a um al\u00e9rgeno podem experimentar rea\u00e7\u00f5es al\u00e9rgicas mais s\u00e9rias do que pessoas que n\u00e3o ficaram estressadas quando expostas ao al\u00e9rgeno.<\/p>\n<p>Outras emo\u00e7\u00f5es e respostas emocionais fora da depress\u00e3o, ansiedade e estresse tamb\u00e9m podem afetar sua asma al\u00e9rgica, como medo, raiva, excita\u00e7\u00e3o, gritos, risada e choro.<\/p>\n<p>Algumas dessas emo\u00e7\u00f5es ou respostas emocionais podem fazer com que sua respira\u00e7\u00e3o mude. Voc\u00ea pode se pegar respirando mais r\u00e1pido quando estiver emotivo ou muito feliz.<\/p>\n<p>De acordo com um\u00a0estudo, al\u00e9m da asma, o\u00a0eczema\u00a0e a\u00a0rinite al\u00e9rgica\u00a0tamb\u00e9m est\u00e3o associados a um risco aumentado de desenvolver doen\u00e7as mentais. O estudo apoia trabalhos anteriores e pode ajudar a orientar os m\u00e9dicos no tratamento dessas pessoas.<\/p>\n<h2><span id=\"5-maneiras-de-lidar-com-suas-alergias-emocionais\">5 maneiras de lidar com suas \u201calergias emocionais\u201d<\/span><\/h2>\n<h3><span id=\"1-Estabeleca-limites-bem-definidos\">1. Estabele\u00e7a limites bem definidos<\/span><\/h3>\n<p>Em primeiro lugar, conhe\u00e7a seus pr\u00f3prios limites e deixe-os claros para os outros. Dizer \u201csim\u201d o tempo todo e negligenciar as pr\u00f3prias vontades pode causar sintomas de estresse dos quais, talvez, voc\u00ea nem se d\u00ea conta \u2013 at\u00e9 que o corpo comece a pedir ajuda por meio de uma rea\u00e7\u00e3o al\u00e9rgica.<\/p>\n<h3><span id=\"2-Relaxe\">2. Relaxe<\/span><\/h3>\n<p>Na correria da vida moderna, pode ser dif\u00edcil encontrar um tempo para voc\u00ea, mas \u00e9 preciso tentar.<\/p>\n<p>O estresse, a ansiedade e a depress\u00e3o n\u00e3o batem \u00e0 porta pedindo licen\u00e7a: eles simplesmente invadem a sua \u201ccasa\u201d e, muitas vezes, voc\u00ea s\u00f3 percebe que est\u00e3o ali quando j\u00e1 est\u00e3o confortavelmente instalados.<\/p>\n<p>Por isso, \u00e9 muito importante cuidar de voc\u00ea, do seu corpo e da sua mente. Confira como na mat\u00e9ria\u00a0Precisando relaxar? Confira 9 dicas.<\/p>\n<h3><span id=\"3-Pratique-mindfulness\">3. Pratique mindfulness<\/span><\/h3>\n<p><a href=\"https:\/\/www.ecycle.com.br\/7930-mindfulness.html\">Mindfulness<\/a>\u00a0\u00e9 um tipo simples de medita\u00e7\u00e3o que requer foco no aqui e agora. Com essa pr\u00e1tica, voc\u00ea notar\u00e1 que pensamentos e sentimentos surgir\u00e3o conforme voc\u00ea tenta se concentrar apenas em seu ambiente e no momento presente.<\/p>\n<p>N\u00e3o tente bloquear esses sentimentos \u2013 em vez disso, registre-os depois em uma folha de papel, no celular ou no computador.<\/p>\n<p>Se de repente ficar ansioso com uma prova, por exemplo, diga a si mesmo: \u201cEstou me sentindo ansioso com a prova de amanh\u00e3\u201d, sem julgar seus pensamentos.<\/p>\n<p>Ent\u00e3o, gentilmente \u201cpuxe\u201d sua mente de volta ao presente. Este exerc\u00edcio o ajudar\u00e1 a identificar seus pensamentos e sentimentos, ao mesmo tempo que o ensinar\u00e1 a administr\u00e1-los com calma.<\/p>\n<h3><span id=\"4-Faca-yoga\">4. Fa\u00e7a yoga<\/span><\/h3>\n<p>As pr\u00e1ticas de yoga s\u00e3o compostas por exerc\u00edcios respirat\u00f3rios,\u00a0medita\u00e7\u00e3o\u00a0e posturas projetadas para trabalhar a consci\u00eancia corporal, trazer a sensa\u00e7\u00e3o de relaxamento e reduzir o\u00a0estresse.<\/p>\n<p>Praticar yoga traz muitos benef\u00edcios para a\u00a0sa\u00fade mental\u00a0e f\u00edsica, muitos deles j\u00e1 comprovados pela ci\u00eancia, como al\u00edvio da ansiedade, do estresse e da depress\u00e3o.<\/p>\n<h3><span id=\"5-Pratique-exercicio-fisico\">5. Pratique exerc\u00edcio f\u00edsico<\/span><\/h3>\n<p>exerc\u00edcio f\u00edsico \u00e9 comprovadamente eficaz na melhora do humor e no al\u00edvio dos sintomas de\u00a0depress\u00e3o,\u00a0ansiedade\u00a0e\u00a0estresse.<\/p>\n<p>Segundo\u00a0estudos, isso acontece porque os exerc\u00edcios produzem altera\u00e7\u00f5es nas partes do c\u00e9rebro que regulam o estresse e a ansiedade.<\/p>\n<p>Eles tamb\u00e9m podem aumentar a sensibilidade do c\u00e9rebro aos horm\u00f4nios\u00a0serotonina\u00a0e\u00a0noradrenalina, que aliviam os sentimentos de depress\u00e3o.<\/p>\n<p>Al\u00e9m disso, o exerc\u00edcio f\u00edsico regular aumenta a produ\u00e7\u00e3o de\u00a0endorfinas, conhecidas por ajudar a produzir sentimentos positivos e reduzir a percep\u00e7\u00e3o da dor.<\/p>\n<p>A pr\u00e1tica regular de exerc\u00edcios f\u00edsicos ainda \u00e9 capaz de reduzir os sintomas em pessoas que sofrem de ansiedade.<\/p>\n<\/figcaption><\/figure>\n<\/div>\n<p>&nbsp;<\/p>\n<p>Fonte: <a href=\"https:\/\/www.ecycle.com.br\/alergia-emocional\/\" target=\"_blank\" rel=\"noopener\">Equipe Ecycle &#8211; Isabela<\/a><\/p>\n","protected":false},"excerpt":{"rendered":"<p>Imagem de\u00a0cottonbro\u00a0no\u00a0Pexels Entenda o que \u00e9 alergia emocional e como complica\u00e7\u00f5es de sa\u00fade mental se<\/p>\n","protected":false},"author":1,"featured_media":152574,"comment_status":"closed","ping_status":"open","sticky":false,"template":"","format":"standard","meta":[],"categories":[3],"tags":[],"uagb_featured_image_src":{"full":["https:\/\/espacoecologico.com.br\/arquivo\/wp-content\/uploads\/2021\/09\/Capturar.png",377,234,false],"thumbnail":["https:\/\/espacoecologico.com.br\/arquivo\/wp-content\/uploads\/2021\/09\/Capturar-150x150.png",150,150,true],"medium":["https:\/\/espacoecologico.com.br\/arquivo\/wp-content\/uploads\/2021\/09\/Capturar-300x186.png",300,186,true],"medium_large":["https:\/\/espacoecologico.com.br\/arquivo\/wp-content\/uploads\/2021\/09\/Capturar.png",377,234,false],"large":["https:\/\/espacoecologico.com.br\/arquivo\/wp-content\/uploads\/2021\/09\/Capturar.png",377,234,false],"1536x1536":["https:\/\/espacoecologico.com.br\/arquivo\/wp-content\/uploads\/2021\/09\/Capturar.png",377,234,false],"2048x2048":["https:\/\/espacoecologico.com.br\/arquivo\/wp-content\/uploads\/2021\/09\/Capturar.png",377,234,false],"cream-magazine-thumbnail-2":["https:\/\/espacoecologico.com.br\/arquivo\/wp-content\/uploads\/2021\/09\/Capturar.png",377,234,false],"cream-magazine-thumbnail-3":["https:\/\/espacoecologico.com.br\/arquivo\/wp-content\/uploads\/2021\/09\/Capturar.png",377,234,false],"cream-magazine-thumbnail-4":["https:\/\/espacoecologico.com.br\/arquivo\/wp-content\/uploads\/2021\/09\/Capturar.png",377,234,false]},"uagb_author_info":{"display_name":"sabrina","author_link":"https:\/\/espacoecologico.com.br\/arquivo\/author\/sabrina\/"},"uagb_comment_info":0,"uagb_excerpt":"Imagem de\u00a0cottonbro\u00a0no\u00a0Pexels Entenda o que \u00e9 alergia emocional e como complica\u00e7\u00f5es de sa\u00fade mental se","_links":{"self":[{"href":"https:\/\/espacoecologico.com.br\/arquivo\/wp-json\/wp\/v2\/posts\/152573"}],"collection":[{"href":"https:\/\/espacoecologico.com.br\/arquivo\/wp-json\/wp\/v2\/posts"}],"about":[{"href":"https:\/\/espacoecologico.com.br\/arquivo\/wp-json\/wp\/v2\/types\/post"}],"author":[{"embeddable":true,"href":"https:\/\/espacoecologico.com.br\/arquivo\/wp-json\/wp\/v2\/users\/1"}],"replies":[{"embeddable":true,"href":"https:\/\/espacoecologico.com.br\/arquivo\/wp-json\/wp\/v2\/comments?post=152573"}],"version-history":[{"count":1,"href":"https:\/\/espacoecologico.com.br\/arquivo\/wp-json\/wp\/v2\/posts\/152573\/revisions"}],"predecessor-version":[{"id":152575,"href":"https:\/\/espacoecologico.com.br\/arquivo\/wp-json\/wp\/v2\/posts\/152573\/revisions\/152575"}],"wp:featuredmedia":[{"embeddable":true,"href":"https:\/\/espacoecologico.com.br\/arquivo\/wp-json\/wp\/v2\/media\/152574"}],"wp:attachment":[{"href":"https:\/\/espacoecologico.com.br\/arquivo\/wp-json\/wp\/v2\/media?parent=152573"}],"wp:term":[{"taxonomy":"category","embeddable":true,"href":"https:\/\/espacoecologico.com.br\/arquivo\/wp-json\/wp\/v2\/categories?post=152573"},{"taxonomy":"post_tag","embeddable":true,"href":"https:\/\/espacoecologico.com.br\/arquivo\/wp-json\/wp\/v2\/tags?post=152573"}],"curies":[{"name":"wp","href":"https:\/\/api.w.org\/{rel}","templated":true}]}}