{"id":152570,"date":"2021-08-29T15:19:36","date_gmt":"2021-08-29T18:19:36","guid":{"rendered":"https:\/\/espacoecologico.com.br\/arquivo\/?p=152570"},"modified":"2021-09-03T15:54:33","modified_gmt":"2021-09-03T18:54:33","slug":"em-asilo-horta-vira-terapia-para-idosos-durante-pandemia","status":"publish","type":"post","link":"https:\/\/espacoecologico.com.br\/arquivo\/em-asilo-horta-vira-terapia-para-idosos-durante-pandemia\/","title":{"rendered":"Em asilo, horta vira terapia para idosos durante pandemia"},"content":{"rendered":"<p>Plantar, cuidar e colher alimentos frescos e livres de agrot\u00f3xicos entrou na rotina dos idosos.<\/p>\n<p><a class=\"td-modal-image\" href=\"https:\/\/ciclovivo.com.br\/wp-content\/uploads\/2021\/08\/horta-asilo.jpg?x52381\" data-caption=\"Fotos: Asilo S\u00e3o Vicente de Paulo\"><img loading=\"lazy\" class=\"entry-thumb lazy loaded\" title=\"horta-asilo\" src=\"https:\/\/ciclovivo.com.br\/wp-content\/uploads\/2021\/08\/horta-asilo-696x388.jpg?x52381\" sizes=\"(max-width: 696px) 100vw, 696px\" srcset=\"https:\/\/ciclovivo.com.br\/wp-content\/uploads\/2021\/08\/horta-asilo-696x388.jpg 696w, https:\/\/ciclovivo.com.br\/wp-content\/uploads\/2021\/08\/horta-asilo-300x167.jpg 300w, https:\/\/ciclovivo.com.br\/wp-content\/uploads\/2021\/08\/horta-asilo-1024x570.jpg 1024w, https:\/\/ciclovivo.com.br\/wp-content\/uploads\/2021\/08\/horta-asilo-150x84.jpg 150w, https:\/\/ciclovivo.com.br\/wp-content\/uploads\/2021\/08\/horta-asilo-768x428.jpg 768w, https:\/\/ciclovivo.com.br\/wp-content\/uploads\/2021\/08\/horta-asilo-1068x595.jpg 1068w, https:\/\/ciclovivo.com.br\/wp-content\/uploads\/2021\/08\/horta-asilo-754x420.jpg 754w, https:\/\/ciclovivo.com.br\/wp-content\/uploads\/2021\/08\/horta-asilo.jpg 1345w\" alt=\"asilo horta\" width=\"640\" height=\"357\" data-src=\"https:\/\/ciclovivo.com.br\/wp-content\/uploads\/2021\/08\/horta-asilo-696x388.jpg?x52381\" data-srcset=\"https:\/\/ciclovivo.com.br\/wp-content\/uploads\/2021\/08\/horta-asilo-696x388.jpg 696w, https:\/\/ciclovivo.com.br\/wp-content\/uploads\/2021\/08\/horta-asilo-300x167.jpg 300w, https:\/\/ciclovivo.com.br\/wp-content\/uploads\/2021\/08\/horta-asilo-1024x570.jpg 1024w, https:\/\/ciclovivo.com.br\/wp-content\/uploads\/2021\/08\/horta-asilo-150x84.jpg 150w, https:\/\/ciclovivo.com.br\/wp-content\/uploads\/2021\/08\/horta-asilo-768x428.jpg 768w, https:\/\/ciclovivo.com.br\/wp-content\/uploads\/2021\/08\/horta-asilo-1068x595.jpg 1068w, https:\/\/ciclovivo.com.br\/wp-content\/uploads\/2021\/08\/horta-asilo-754x420.jpg 754w, https:\/\/ciclovivo.com.br\/wp-content\/uploads\/2021\/08\/horta-asilo.jpg 1345w\" data-sizes=\"(max-width: 696px) 100vw, 696px\" data-was-processed=\"true\" \/><\/a>Fotos: Asilo S\u00e3o Vicente de Paulo<\/p>\n<p>Plantar e colher o pr\u00f3prio alimento al\u00e9m de muito gratificante pode ser uma verdadeira terapia. N\u00e3o \u00e0 toa, a pr\u00e1tica ganhou novos adeptos desde que a pandemia imp\u00f4s o isolamento social. Os idosos, grupo de risco, foram especialmente afetados: em casa e em asilos deixaram de receber visitas como forma de preven\u00e7\u00e3o ao cont\u00e1gio. Em Rio Claro, interior de S\u00e3o Paulo, o asilo S\u00e3o Vicente de Paulo decidiu apostar no cultivo de hortas para\u00a0elevar o bem estar dos moradores.<\/p>\n<p>A institui\u00e7\u00e3o reconhece a import\u00e2ncia do contato com a natureza na terceira idade e os benef\u00edcios de colocar a m\u00e3o na terra. Plantar, cuidar e colher alimentos frescos e livres de agrot\u00f3xicos entrou na rotina dos idosos.<\/p>\n<p>Os legumes e verduras cultivados, al\u00e9m de fazerem parte da alimenta\u00e7\u00e3o di\u00e1ria dos que ali vivem, tamb\u00e9m s\u00e3o doados para outros abrigos que necessitam e disponibilizados para compra. Quem adquire os alimentos contribui com a manuten\u00e7\u00e3o do asilo, que depende de doa\u00e7\u00f5es para o funcionamento.<\/p>\n<p>Al\u00e9m de fortalecer a sa\u00fade f\u00edsica e mental, driblando o baixo astral, o asilo da horta pode proporcionar outras vantagens. \u00c9 fato, por exemplo, que grupos que cultivam hortas comunit\u00e1rias costumam estreitar la\u00e7os, favorecendo a integra\u00e7\u00e3o social e a autoestima.<\/p>\n<pre class=\"wp-block-preformatted\">Fotos: Asilo S\u00e3o Vicente de Paulo<\/pre>\n<figure class=\"wp-block-gallery columns-3 is-cropped\">\n<ul class=\"blocks-gallery-grid\">\n<li class=\"blocks-gallery-item\">\n<figure><img loading=\"lazy\" class=\"wp-image-97308 lazy loaded\" src=\"https:\/\/ciclovivo.com.br\/wp-content\/uploads\/2021\/08\/asilo-horta-ciclo-1024x764.jpg?x52381\" sizes=\"(max-width: 1024px) 100vw, 1024px\" srcset=\"https:\/\/ciclovivo.com.br\/wp-content\/uploads\/2021\/08\/asilo-horta-ciclo-1024x764.jpg 1024w, https:\/\/ciclovivo.com.br\/wp-content\/uploads\/2021\/08\/asilo-horta-ciclo-300x224.jpg 300w, https:\/\/ciclovivo.com.br\/wp-content\/uploads\/2021\/08\/asilo-horta-ciclo-150x112.jpg 150w, https:\/\/ciclovivo.com.br\/wp-content\/uploads\/2021\/08\/asilo-horta-ciclo-768x573.jpg 768w, https:\/\/ciclovivo.com.br\/wp-content\/uploads\/2021\/08\/asilo-horta-ciclo-696x519.jpg 696w, https:\/\/ciclovivo.com.br\/wp-content\/uploads\/2021\/08\/asilo-horta-ciclo-1068x797.jpg 1068w, https:\/\/ciclovivo.com.br\/wp-content\/uploads\/2021\/08\/asilo-horta-ciclo-563x420.jpg 563w, https:\/\/ciclovivo.com.br\/wp-content\/uploads\/2021\/08\/asilo-horta-ciclo-80x60.jpg 80w, https:\/\/ciclovivo.com.br\/wp-content\/uploads\/2021\/08\/asilo-horta-ciclo-265x198.jpg 265w, https:\/\/ciclovivo.com.br\/wp-content\/uploads\/2021\/08\/asilo-horta-ciclo.jpg 1183w\" alt=\"\" width=\"639\" height=\"477\" data-src=\"https:\/\/ciclovivo.com.br\/wp-content\/uploads\/2021\/08\/asilo-horta-ciclo-1024x764.jpg?x52381\" data-id=\"97308\" data-full-url=\"https:\/\/ciclovivo.com.br\/wp-content\/uploads\/2021\/08\/asilo-horta-ciclo.jpg\" data-link=\"https:\/\/ciclovivo.com.br\/asilo-horta-ciclo\/\" data-srcset=\"https:\/\/ciclovivo.com.br\/wp-content\/uploads\/2021\/08\/asilo-horta-ciclo-1024x764.jpg 1024w, https:\/\/ciclovivo.com.br\/wp-content\/uploads\/2021\/08\/asilo-horta-ciclo-300x224.jpg 300w, https:\/\/ciclovivo.com.br\/wp-content\/uploads\/2021\/08\/asilo-horta-ciclo-150x112.jpg 150w, https:\/\/ciclovivo.com.br\/wp-content\/uploads\/2021\/08\/asilo-horta-ciclo-768x573.jpg 768w, https:\/\/ciclovivo.com.br\/wp-content\/uploads\/2021\/08\/asilo-horta-ciclo-696x519.jpg 696w, https:\/\/ciclovivo.com.br\/wp-content\/uploads\/2021\/08\/asilo-horta-ciclo-1068x797.jpg 1068w, https:\/\/ciclovivo.com.br\/wp-content\/uploads\/2021\/08\/asilo-horta-ciclo-563x420.jpg 563w, https:\/\/ciclovivo.com.br\/wp-content\/uploads\/2021\/08\/asilo-horta-ciclo-80x60.jpg 80w, https:\/\/ciclovivo.com.br\/wp-content\/uploads\/2021\/08\/asilo-horta-ciclo-265x198.jpg 265w, https:\/\/ciclovivo.com.br\/wp-content\/uploads\/2021\/08\/asilo-horta-ciclo.jpg 1183w\" data-sizes=\"(max-width: 1024px) 100vw, 1024px\" data-was-processed=\"true\" \/><\/figure>\n<\/li>\n<li class=\"blocks-gallery-item\">\n<figure><img loading=\"lazy\" class=\"wp-image-97306 lazy loaded\" src=\"https:\/\/ciclovivo.com.br\/wp-content\/uploads\/2021\/08\/asilo-horta-ciclo2.jpg?x52381\" sizes=\"(max-width: 657px) 100vw, 657px\" srcset=\"https:\/\/ciclovivo.com.br\/wp-content\/uploads\/2021\/08\/asilo-horta-ciclo2.jpg 657w, https:\/\/ciclovivo.com.br\/wp-content\/uploads\/2021\/08\/asilo-horta-ciclo2-223x300.jpg 223w, https:\/\/ciclovivo.com.br\/wp-content\/uploads\/2021\/08\/asilo-horta-ciclo2-112x150.jpg 112w, https:\/\/ciclovivo.com.br\/wp-content\/uploads\/2021\/08\/asilo-horta-ciclo2-313x420.jpg 313w\" alt=\"\" width=\"639\" height=\"859\" data-src=\"https:\/\/ciclovivo.com.br\/wp-content\/uploads\/2021\/08\/asilo-horta-ciclo2.jpg?x52381\" data-id=\"97306\" data-full-url=\"https:\/\/ciclovivo.com.br\/wp-content\/uploads\/2021\/08\/asilo-horta-ciclo2.jpg\" data-link=\"https:\/\/ciclovivo.com.br\/asilo-horta-ciclo2\/\" data-srcset=\"https:\/\/ciclovivo.com.br\/wp-content\/uploads\/2021\/08\/asilo-horta-ciclo2.jpg 657w, https:\/\/ciclovivo.com.br\/wp-content\/uploads\/2021\/08\/asilo-horta-ciclo2-223x300.jpg 223w, https:\/\/ciclovivo.com.br\/wp-content\/uploads\/2021\/08\/asilo-horta-ciclo2-112x150.jpg 112w, https:\/\/ciclovivo.com.br\/wp-content\/uploads\/2021\/08\/asilo-horta-ciclo2-313x420.jpg 313w\" data-sizes=\"(max-width: 657px) 100vw, 657px\" data-was-processed=\"true\" \/><\/figure>\n<\/li>\n<li class=\"blocks-gallery-item\">\n<figure><img loading=\"lazy\" class=\"wp-image-97307 lazy loaded\" src=\"https:\/\/ciclovivo.com.br\/wp-content\/uploads\/2021\/08\/asilo-horta-ciclo1-1024x765.jpg?x52381\" sizes=\"(max-width: 1024px) 100vw, 1024px\" srcset=\"https:\/\/ciclovivo.com.br\/wp-content\/uploads\/2021\/08\/asilo-horta-ciclo1-1024x765.jpg 1024w, https:\/\/ciclovivo.com.br\/wp-content\/uploads\/2021\/08\/asilo-horta-ciclo1-300x224.jpg 300w, https:\/\/ciclovivo.com.br\/wp-content\/uploads\/2021\/08\/asilo-horta-ciclo1-150x112.jpg 150w, https:\/\/ciclovivo.com.br\/wp-content\/uploads\/2021\/08\/asilo-horta-ciclo1-768x573.jpg 768w, https:\/\/ciclovivo.com.br\/wp-content\/uploads\/2021\/08\/asilo-horta-ciclo1-696x520.jpg 696w, https:\/\/ciclovivo.com.br\/wp-content\/uploads\/2021\/08\/asilo-horta-ciclo1-1068x797.jpg 1068w, https:\/\/ciclovivo.com.br\/wp-content\/uploads\/2021\/08\/asilo-horta-ciclo1-563x420.jpg 563w, https:\/\/ciclovivo.com.br\/wp-content\/uploads\/2021\/08\/asilo-horta-ciclo1-80x60.jpg 80w, https:\/\/ciclovivo.com.br\/wp-content\/uploads\/2021\/08\/asilo-horta-ciclo1-265x198.jpg 265w, https:\/\/ciclovivo.com.br\/wp-content\/uploads\/2021\/08\/asilo-horta-ciclo1.jpg 1180w\" alt=\"\" width=\"639\" height=\"478\" data-src=\"https:\/\/ciclovivo.com.br\/wp-content\/uploads\/2021\/08\/asilo-horta-ciclo1-1024x765.jpg?x52381\" data-id=\"97307\" data-full-url=\"https:\/\/ciclovivo.com.br\/wp-content\/uploads\/2021\/08\/asilo-horta-ciclo1.jpg\" data-link=\"https:\/\/ciclovivo.com.br\/asilo-horta-ciclo1\/\" data-srcset=\"https:\/\/ciclovivo.com.br\/wp-content\/uploads\/2021\/08\/asilo-horta-ciclo1-1024x765.jpg 1024w, https:\/\/ciclovivo.com.br\/wp-content\/uploads\/2021\/08\/asilo-horta-ciclo1-300x224.jpg 300w, https:\/\/ciclovivo.com.br\/wp-content\/uploads\/2021\/08\/asilo-horta-ciclo1-150x112.jpg 150w, https:\/\/ciclovivo.com.br\/wp-content\/uploads\/2021\/08\/asilo-horta-ciclo1-768x573.jpg 768w, https:\/\/ciclovivo.com.br\/wp-content\/uploads\/2021\/08\/asilo-horta-ciclo1-696x520.jpg 696w, https:\/\/ciclovivo.com.br\/wp-content\/uploads\/2021\/08\/asilo-horta-ciclo1-1068x797.jpg 1068w, https:\/\/ciclovivo.com.br\/wp-content\/uploads\/2021\/08\/asilo-horta-ciclo1-563x420.jpg 563w, https:\/\/ciclovivo.com.br\/wp-content\/uploads\/2021\/08\/asilo-horta-ciclo1-80x60.jpg 80w, https:\/\/ciclovivo.com.br\/wp-content\/uploads\/2021\/08\/asilo-horta-ciclo1-265x198.jpg 265w, https:\/\/ciclovivo.com.br\/wp-content\/uploads\/2021\/08\/asilo-horta-ciclo1.jpg 1180w\" data-sizes=\"(max-width: 1024px) 100vw, 1024px\" data-was-processed=\"true\" \/><\/figure>\n<\/li>\n<li class=\"blocks-gallery-item\">\n<figure><img loading=\"lazy\" class=\"wp-image-97310 lazy loaded\" src=\"https:\/\/ciclovivo.com.br\/wp-content\/uploads\/2021\/08\/asilo-horta-ciclovivo8.jpg?x52381\" sizes=\"(max-width: 668px) 100vw, 668px\" srcset=\"https:\/\/ciclovivo.com.br\/wp-content\/uploads\/2021\/08\/asilo-horta-ciclovivo8.jpg 668w, https:\/\/ciclovivo.com.br\/wp-content\/uploads\/2021\/08\/asilo-horta-ciclovivo8-226x300.jpg 226w, https:\/\/ciclovivo.com.br\/wp-content\/uploads\/2021\/08\/asilo-horta-ciclovivo8-113x150.jpg 113w, https:\/\/ciclovivo.com.br\/wp-content\/uploads\/2021\/08\/asilo-horta-ciclovivo8-317x420.jpg 317w\" alt=\"\" width=\"639\" height=\"848\" data-src=\"https:\/\/ciclovivo.com.br\/wp-content\/uploads\/2021\/08\/asilo-horta-ciclovivo8.jpg?x52381\" data-id=\"97310\" data-full-url=\"https:\/\/ciclovivo.com.br\/wp-content\/uploads\/2021\/08\/asilo-horta-ciclovivo8.jpg\" data-link=\"https:\/\/ciclovivo.com.br\/asilo-horta-ciclovivo8\/\" data-srcset=\"https:\/\/ciclovivo.com.br\/wp-content\/uploads\/2021\/08\/asilo-horta-ciclovivo8.jpg 668w, https:\/\/ciclovivo.com.br\/wp-content\/uploads\/2021\/08\/asilo-horta-ciclovivo8-226x300.jpg 226w, https:\/\/ciclovivo.com.br\/wp-content\/uploads\/2021\/08\/asilo-horta-ciclovivo8-113x150.jpg 113w, https:\/\/ciclovivo.com.br\/wp-content\/uploads\/2021\/08\/asilo-horta-ciclovivo8-317x420.jpg 317w\" data-sizes=\"(max-width: 668px) 100vw, 668px\" data-was-processed=\"true\" \/><\/figure>\n<\/li>\n<li class=\"blocks-gallery-item\">\n<figure><img loading=\"lazy\" class=\"wp-image-97303 lazy loaded\" src=\"https:\/\/ciclovivo.com.br\/wp-content\/uploads\/2021\/08\/asilo-horta-ciclo5.jpg?x52381\" sizes=\"(max-width: 657px) 100vw, 657px\" srcset=\"https:\/\/ciclovivo.com.br\/wp-content\/uploads\/2021\/08\/asilo-horta-ciclo5.jpg 657w, https:\/\/ciclovivo.com.br\/wp-content\/uploads\/2021\/08\/asilo-horta-ciclo5-224x300.jpg 224w, https:\/\/ciclovivo.com.br\/wp-content\/uploads\/2021\/08\/asilo-horta-ciclo5-112x150.jpg 112w, https:\/\/ciclovivo.com.br\/wp-content\/uploads\/2021\/08\/asilo-horta-ciclo5-314x420.jpg 314w\" alt=\"\" width=\"640\" height=\"857\" data-src=\"https:\/\/ciclovivo.com.br\/wp-content\/uploads\/2021\/08\/asilo-horta-ciclo5.jpg?x52381\" data-id=\"97303\" data-full-url=\"https:\/\/ciclovivo.com.br\/wp-content\/uploads\/2021\/08\/asilo-horta-ciclo5.jpg\" data-link=\"https:\/\/ciclovivo.com.br\/asilo-horta-ciclo5\/\" data-srcset=\"https:\/\/ciclovivo.com.br\/wp-content\/uploads\/2021\/08\/asilo-horta-ciclo5.jpg 657w, https:\/\/ciclovivo.com.br\/wp-content\/uploads\/2021\/08\/asilo-horta-ciclo5-224x300.jpg 224w, https:\/\/ciclovivo.com.br\/wp-content\/uploads\/2021\/08\/asilo-horta-ciclo5-112x150.jpg 112w, https:\/\/ciclovivo.com.br\/wp-content\/uploads\/2021\/08\/asilo-horta-ciclo5-314x420.jpg 314w\" data-sizes=\"(max-width: 657px) 100vw, 657px\" data-was-processed=\"true\" \/><\/figure>\n<\/li>\n<li class=\"blocks-gallery-item\">\n<figure><img loading=\"lazy\" class=\"wp-image-97309 lazy loaded\" src=\"https:\/\/ciclovivo.com.br\/wp-content\/uploads\/2021\/08\/asilo-horta-ciclovivo9.jpg?x52381\" sizes=\"(max-width: 908px) 100vw, 908px\" srcset=\"https:\/\/ciclovivo.com.br\/wp-content\/uploads\/2021\/08\/asilo-horta-ciclovivo9.jpg 908w, https:\/\/ciclovivo.com.br\/wp-content\/uploads\/2021\/08\/asilo-horta-ciclovivo9-300x291.jpg 300w, https:\/\/ciclovivo.com.br\/wp-content\/uploads\/2021\/08\/asilo-horta-ciclovivo9-150x146.jpg 150w, https:\/\/ciclovivo.com.br\/wp-content\/uploads\/2021\/08\/asilo-horta-ciclovivo9-768x746.jpg 768w, https:\/\/ciclovivo.com.br\/wp-content\/uploads\/2021\/08\/asilo-horta-ciclovivo9-696x676.jpg 696w, https:\/\/ciclovivo.com.br\/wp-content\/uploads\/2021\/08\/asilo-horta-ciclovivo9-432x420.jpg 432w\" alt=\"\" width=\"640\" height=\"622\" data-src=\"https:\/\/ciclovivo.com.br\/wp-content\/uploads\/2021\/08\/asilo-horta-ciclovivo9.jpg?x52381\" data-id=\"97309\" data-full-url=\"https:\/\/ciclovivo.com.br\/wp-content\/uploads\/2021\/08\/asilo-horta-ciclovivo9.jpg\" data-link=\"https:\/\/ciclovivo.com.br\/asilo-horta-ciclovivo9\/\" data-srcset=\"https:\/\/ciclovivo.com.br\/wp-content\/uploads\/2021\/08\/asilo-horta-ciclovivo9.jpg 908w, https:\/\/ciclovivo.com.br\/wp-content\/uploads\/2021\/08\/asilo-horta-ciclovivo9-300x291.jpg 300w, https:\/\/ciclovivo.com.br\/wp-content\/uploads\/2021\/08\/asilo-horta-ciclovivo9-150x146.jpg 150w, https:\/\/ciclovivo.com.br\/wp-content\/uploads\/2021\/08\/asilo-horta-ciclovivo9-768x746.jpg 768w, https:\/\/ciclovivo.com.br\/wp-content\/uploads\/2021\/08\/asilo-horta-ciclovivo9-696x676.jpg 696w, https:\/\/ciclovivo.com.br\/wp-content\/uploads\/2021\/08\/asilo-horta-ciclovivo9-432x420.jpg 432w\" data-sizes=\"(max-width: 908px) 100vw, 908px\" data-was-processed=\"true\" \/><\/figure>\n<\/li>\n<li class=\"blocks-gallery-item\">\n<figure><img loading=\"lazy\" class=\"wp-image-97305 lazy loaded\" src=\"https:\/\/ciclovivo.com.br\/wp-content\/uploads\/2021\/08\/asilo-horta-ciclo3.jpg?x52381\" sizes=\"(max-width: 660px) 100vw, 660px\" srcset=\"https:\/\/ciclovivo.com.br\/wp-content\/uploads\/2021\/08\/asilo-horta-ciclo3.jpg 660w, https:\/\/ciclovivo.com.br\/wp-content\/uploads\/2021\/08\/asilo-horta-ciclo3-223x300.jpg 223w, https:\/\/ciclovivo.com.br\/wp-content\/uploads\/2021\/08\/asilo-horta-ciclo3-112x150.jpg 112w, https:\/\/ciclovivo.com.br\/wp-content\/uploads\/2021\/08\/asilo-horta-ciclo3-313x420.jpg 313w\" alt=\"\" width=\"639\" height=\"859\" data-src=\"https:\/\/ciclovivo.com.br\/wp-content\/uploads\/2021\/08\/asilo-horta-ciclo3.jpg?x52381\" data-id=\"97305\" data-full-url=\"https:\/\/ciclovivo.com.br\/wp-content\/uploads\/2021\/08\/asilo-horta-ciclo3.jpg\" data-link=\"https:\/\/ciclovivo.com.br\/asilo-horta-ciclo3\/\" data-srcset=\"https:\/\/ciclovivo.com.br\/wp-content\/uploads\/2021\/08\/asilo-horta-ciclo3.jpg 660w, https:\/\/ciclovivo.com.br\/wp-content\/uploads\/2021\/08\/asilo-horta-ciclo3-223x300.jpg 223w, https:\/\/ciclovivo.com.br\/wp-content\/uploads\/2021\/08\/asilo-horta-ciclo3-112x150.jpg 112w, https:\/\/ciclovivo.com.br\/wp-content\/uploads\/2021\/08\/asilo-horta-ciclo3-313x420.jpg 313w\" data-sizes=\"(max-width: 660px) 100vw, 660px\" data-was-processed=\"true\" \/><\/figure>\n<\/li>\n<li class=\"blocks-gallery-item\">\n<figure><img loading=\"lazy\" class=\"wp-image-97304 lazy loaded\" src=\"https:\/\/ciclovivo.com.br\/wp-content\/uploads\/2021\/08\/asilo-horta-ciclo4.jpg?x52381\" sizes=\"(max-width: 658px) 100vw, 658px\" srcset=\"https:\/\/ciclovivo.com.br\/wp-content\/uploads\/2021\/08\/asilo-horta-ciclo4.jpg 658w, https:\/\/ciclovivo.com.br\/wp-content\/uploads\/2021\/08\/asilo-horta-ciclo4-224x300.jpg 224w, https:\/\/ciclovivo.com.br\/wp-content\/uploads\/2021\/08\/asilo-horta-ciclo4-112x150.jpg 112w, https:\/\/ciclovivo.com.br\/wp-content\/uploads\/2021\/08\/asilo-horta-ciclo4-313x420.jpg 313w\" alt=\"\" width=\"640\" height=\"858\" data-src=\"https:\/\/ciclovivo.com.br\/wp-content\/uploads\/2021\/08\/asilo-horta-ciclo4.jpg?x52381\" data-id=\"97304\" data-full-url=\"https:\/\/ciclovivo.com.br\/wp-content\/uploads\/2021\/08\/asilo-horta-ciclo4.jpg\" data-link=\"https:\/\/ciclovivo.com.br\/asilo-horta-ciclo4\/\" data-srcset=\"https:\/\/ciclovivo.com.br\/wp-content\/uploads\/2021\/08\/asilo-horta-ciclo4.jpg 658w, https:\/\/ciclovivo.com.br\/wp-content\/uploads\/2021\/08\/asilo-horta-ciclo4-224x300.jpg 224w, https:\/\/ciclovivo.com.br\/wp-content\/uploads\/2021\/08\/asilo-horta-ciclo4-112x150.jpg 112w, https:\/\/ciclovivo.com.br\/wp-content\/uploads\/2021\/08\/asilo-horta-ciclo4-313x420.jpg 313w\" data-sizes=\"(max-width: 658px) 100vw, 658px\" data-was-processed=\"true\" \/><\/figure>\n<\/li>\n<li class=\"blocks-gallery-item\">\n<figure><img loading=\"lazy\" class=\"wp-image-97296 lazy loaded\" src=\"https:\/\/ciclovivo.com.br\/wp-content\/uploads\/2021\/08\/asilo-horta-ciclovivo4.jpg?x52381\" sizes=\"(max-width: 656px) 100vw, 656px\" srcset=\"https:\/\/ciclovivo.com.br\/wp-content\/uploads\/2021\/08\/asilo-horta-ciclovivo4.jpg 656w, https:\/\/ciclovivo.com.br\/wp-content\/uploads\/2021\/08\/asilo-horta-ciclovivo4-223x300.jpg 223w, https:\/\/ciclovivo.com.br\/wp-content\/uploads\/2021\/08\/asilo-horta-ciclovivo4-112x150.jpg 112w, https:\/\/ciclovivo.com.br\/wp-content\/uploads\/2021\/08\/asilo-horta-ciclovivo4-312x420.jpg 312w\" alt=\"\" width=\"639\" height=\"859\" data-src=\"https:\/\/ciclovivo.com.br\/wp-content\/uploads\/2021\/08\/asilo-horta-ciclovivo4.jpg?x52381\" data-id=\"97296\" data-full-url=\"https:\/\/ciclovivo.com.br\/wp-content\/uploads\/2021\/08\/asilo-horta-ciclovivo4.jpg\" data-link=\"https:\/\/ciclovivo.com.br\/asilo-horta-ciclovivo4\/\" data-srcset=\"https:\/\/ciclovivo.com.br\/wp-content\/uploads\/2021\/08\/asilo-horta-ciclovivo4.jpg 656w, https:\/\/ciclovivo.com.br\/wp-content\/uploads\/2021\/08\/asilo-horta-ciclovivo4-223x300.jpg 223w, https:\/\/ciclovivo.com.br\/wp-content\/uploads\/2021\/08\/asilo-horta-ciclovivo4-112x150.jpg 112w, https:\/\/ciclovivo.com.br\/wp-content\/uploads\/2021\/08\/asilo-horta-ciclovivo4-312x420.jpg 312w\" data-sizes=\"(max-width: 656px) 100vw, 656px\" data-was-processed=\"true\" \/><\/figure>\n<\/li>\n<li class=\"blocks-gallery-item\">\n<figure><img loading=\"lazy\" class=\"wp-image-97298 lazy loaded\" src=\"https:\/\/ciclovivo.com.br\/wp-content\/uploads\/2021\/08\/asilo-horta-ciclovivo2.jpg?x52381\" sizes=\"(max-width: 658px) 100vw, 658px\" srcset=\"https:\/\/ciclovivo.com.br\/wp-content\/uploads\/2021\/08\/asilo-horta-ciclovivo2.jpg 658w, https:\/\/ciclovivo.com.br\/wp-content\/uploads\/2021\/08\/asilo-horta-ciclovivo2-223x300.jpg 223w, https:\/\/ciclovivo.com.br\/wp-content\/uploads\/2021\/08\/asilo-horta-ciclovivo2-112x150.jpg 112w, https:\/\/ciclovivo.com.br\/wp-content\/uploads\/2021\/08\/asilo-horta-ciclovivo2-312x420.jpg 312w\" alt=\"\" width=\"640\" height=\"862\" data-src=\"https:\/\/ciclovivo.com.br\/wp-content\/uploads\/2021\/08\/asilo-horta-ciclovivo2.jpg?x52381\" data-id=\"97298\" data-full-url=\"https:\/\/ciclovivo.com.br\/wp-content\/uploads\/2021\/08\/asilo-horta-ciclovivo2.jpg\" data-link=\"https:\/\/ciclovivo.com.br\/asilo-horta-ciclovivo2\/\" data-srcset=\"https:\/\/ciclovivo.com.br\/wp-content\/uploads\/2021\/08\/asilo-horta-ciclovivo2.jpg 658w, https:\/\/ciclovivo.com.br\/wp-content\/uploads\/2021\/08\/asilo-horta-ciclovivo2-223x300.jpg 223w, https:\/\/ciclovivo.com.br\/wp-content\/uploads\/2021\/08\/asilo-horta-ciclovivo2-112x150.jpg 112w, https:\/\/ciclovivo.com.br\/wp-content\/uploads\/2021\/08\/asilo-horta-ciclovivo2-312x420.jpg 312w\" data-sizes=\"(max-width: 658px) 100vw, 658px\" data-was-processed=\"true\" \/><\/figure>\n<\/li>\n<li class=\"blocks-gallery-item\">\n<figure><img loading=\"lazy\" class=\"wp-image-97297 lazy loaded\" src=\"https:\/\/ciclovivo.com.br\/wp-content\/uploads\/2021\/08\/asilo-horta-ciclovivo3.jpg?x52381\" sizes=\"(max-width: 660px) 100vw, 660px\" srcset=\"https:\/\/ciclovivo.com.br\/wp-content\/uploads\/2021\/08\/asilo-horta-ciclovivo3.jpg 660w, https:\/\/ciclovivo.com.br\/wp-content\/uploads\/2021\/08\/asilo-horta-ciclovivo3-224x300.jpg 224w, https:\/\/ciclovivo.com.br\/wp-content\/uploads\/2021\/08\/asilo-horta-ciclovivo3-112x150.jpg 112w, https:\/\/ciclovivo.com.br\/wp-content\/uploads\/2021\/08\/asilo-horta-ciclovivo3-313x420.jpg 313w\" alt=\"\" width=\"640\" height=\"859\" data-src=\"https:\/\/ciclovivo.com.br\/wp-content\/uploads\/2021\/08\/asilo-horta-ciclovivo3.jpg?x52381\" data-id=\"97297\" data-full-url=\"https:\/\/ciclovivo.com.br\/wp-content\/uploads\/2021\/08\/asilo-horta-ciclovivo3.jpg\" data-link=\"https:\/\/ciclovivo.com.br\/asilo-horta-ciclovivo3\/\" data-srcset=\"https:\/\/ciclovivo.com.br\/wp-content\/uploads\/2021\/08\/asilo-horta-ciclovivo3.jpg 660w, https:\/\/ciclovivo.com.br\/wp-content\/uploads\/2021\/08\/asilo-horta-ciclovivo3-224x300.jpg 224w, https:\/\/ciclovivo.com.br\/wp-content\/uploads\/2021\/08\/asilo-horta-ciclovivo3-112x150.jpg 112w, https:\/\/ciclovivo.com.br\/wp-content\/uploads\/2021\/08\/asilo-horta-ciclovivo3-313x420.jpg 313w\" data-sizes=\"(max-width: 660px) 100vw, 660px\" data-was-processed=\"true\" \/><\/figure>\n<\/li>\n<li class=\"blocks-gallery-item\">\n<figure><img loading=\"lazy\" class=\"wp-image-97299 lazy loaded\" src=\"https:\/\/ciclovivo.com.br\/wp-content\/uploads\/2021\/08\/asilo-horta-ciclovivo1-1024x766.jpg?x52381\" sizes=\"(max-width: 1024px) 100vw, 1024px\" srcset=\"https:\/\/ciclovivo.com.br\/wp-content\/uploads\/2021\/08\/asilo-horta-ciclovivo1-1024x766.jpg 1024w, https:\/\/ciclovivo.com.br\/wp-content\/uploads\/2021\/08\/asilo-horta-ciclovivo1-300x224.jpg 300w, https:\/\/ciclovivo.com.br\/wp-content\/uploads\/2021\/08\/asilo-horta-ciclovivo1-150x112.jpg 150w, https:\/\/ciclovivo.com.br\/wp-content\/uploads\/2021\/08\/asilo-horta-ciclovivo1-768x574.jpg 768w, https:\/\/ciclovivo.com.br\/wp-content\/uploads\/2021\/08\/asilo-horta-ciclovivo1-696x521.jpg 696w, https:\/\/ciclovivo.com.br\/wp-content\/uploads\/2021\/08\/asilo-horta-ciclovivo1-1068x799.jpg 1068w, https:\/\/ciclovivo.com.br\/wp-content\/uploads\/2021\/08\/asilo-horta-ciclovivo1-562x420.jpg 562w, https:\/\/ciclovivo.com.br\/wp-content\/uploads\/2021\/08\/asilo-horta-ciclovivo1-80x60.jpg 80w, https:\/\/ciclovivo.com.br\/wp-content\/uploads\/2021\/08\/asilo-horta-ciclovivo1-265x198.jpg 265w, https:\/\/ciclovivo.com.br\/wp-content\/uploads\/2021\/08\/asilo-horta-ciclovivo1.jpg 1178w\" alt=\"\" width=\"639\" height=\"478\" data-src=\"https:\/\/ciclovivo.com.br\/wp-content\/uploads\/2021\/08\/asilo-horta-ciclovivo1-1024x766.jpg?x52381\" data-id=\"97299\" data-full-url=\"https:\/\/ciclovivo.com.br\/wp-content\/uploads\/2021\/08\/asilo-horta-ciclovivo1.jpg\" data-link=\"https:\/\/ciclovivo.com.br\/asilo-horta-ciclovivo1\/\" data-srcset=\"https:\/\/ciclovivo.com.br\/wp-content\/uploads\/2021\/08\/asilo-horta-ciclovivo1-1024x766.jpg 1024w, https:\/\/ciclovivo.com.br\/wp-content\/uploads\/2021\/08\/asilo-horta-ciclovivo1-300x224.jpg 300w, https:\/\/ciclovivo.com.br\/wp-content\/uploads\/2021\/08\/asilo-horta-ciclovivo1-150x112.jpg 150w, https:\/\/ciclovivo.com.br\/wp-content\/uploads\/2021\/08\/asilo-horta-ciclovivo1-768x574.jpg 768w, https:\/\/ciclovivo.com.br\/wp-content\/uploads\/2021\/08\/asilo-horta-ciclovivo1-696x521.jpg 696w, https:\/\/ciclovivo.com.br\/wp-content\/uploads\/2021\/08\/asilo-horta-ciclovivo1-1068x799.jpg 1068w, https:\/\/ciclovivo.com.br\/wp-content\/uploads\/2021\/08\/asilo-horta-ciclovivo1-562x420.jpg 562w, https:\/\/ciclovivo.com.br\/wp-content\/uploads\/2021\/08\/asilo-horta-ciclovivo1-80x60.jpg 80w, https:\/\/ciclovivo.com.br\/wp-content\/uploads\/2021\/08\/asilo-horta-ciclovivo1-265x198.jpg 265w, https:\/\/ciclovivo.com.br\/wp-content\/uploads\/2021\/08\/asilo-horta-ciclovivo1.jpg 1178w\" data-sizes=\"(max-width: 1024px) 100vw, 1024px\" data-was-processed=\"true\" \/><\/figure>\n<\/li>\n<li class=\"blocks-gallery-item\">\n<figure><img loading=\"lazy\" class=\"wp-image-97300 lazy loaded\" src=\"https:\/\/ciclovivo.com.br\/wp-content\/uploads\/2021\/08\/asilo-horta-ciclovivo-1024x766.jpg?x52381\" sizes=\"(max-width: 1024px) 100vw, 1024px\" srcset=\"https:\/\/ciclovivo.com.br\/wp-content\/uploads\/2021\/08\/asilo-horta-ciclovivo-1024x766.jpg 1024w, https:\/\/ciclovivo.com.br\/wp-content\/uploads\/2021\/08\/asilo-horta-ciclovivo-300x224.jpg 300w, https:\/\/ciclovivo.com.br\/wp-content\/uploads\/2021\/08\/asilo-horta-ciclovivo-150x112.jpg 150w, https:\/\/ciclovivo.com.br\/wp-content\/uploads\/2021\/08\/asilo-horta-ciclovivo-768x575.jpg 768w, https:\/\/ciclovivo.com.br\/wp-content\/uploads\/2021\/08\/asilo-horta-ciclovivo-696x521.jpg 696w, https:\/\/ciclovivo.com.br\/wp-content\/uploads\/2021\/08\/asilo-horta-ciclovivo-1068x799.jpg 1068w, https:\/\/ciclovivo.com.br\/wp-content\/uploads\/2021\/08\/asilo-horta-ciclovivo-561x420.jpg 561w, https:\/\/ciclovivo.com.br\/wp-content\/uploads\/2021\/08\/asilo-horta-ciclovivo-80x60.jpg 80w, https:\/\/ciclovivo.com.br\/wp-content\/uploads\/2021\/08\/asilo-horta-ciclovivo-265x198.jpg 265w, https:\/\/ciclovivo.com.br\/wp-content\/uploads\/2021\/08\/asilo-horta-ciclovivo.jpg 1183w\" alt=\"\" width=\"639\" height=\"477\" data-src=\"https:\/\/ciclovivo.com.br\/wp-content\/uploads\/2021\/08\/asilo-horta-ciclovivo-1024x766.jpg?x52381\" data-id=\"97300\" data-full-url=\"https:\/\/ciclovivo.com.br\/wp-content\/uploads\/2021\/08\/asilo-horta-ciclovivo.jpg\" data-link=\"https:\/\/ciclovivo.com.br\/asilo-horta-ciclovivo\/\" data-srcset=\"https:\/\/ciclovivo.com.br\/wp-content\/uploads\/2021\/08\/asilo-horta-ciclovivo-1024x766.jpg 1024w, https:\/\/ciclovivo.com.br\/wp-content\/uploads\/2021\/08\/asilo-horta-ciclovivo-300x224.jpg 300w, https:\/\/ciclovivo.com.br\/wp-content\/uploads\/2021\/08\/asilo-horta-ciclovivo-150x112.jpg 150w, https:\/\/ciclovivo.com.br\/wp-content\/uploads\/2021\/08\/asilo-horta-ciclovivo-768x575.jpg 768w, https:\/\/ciclovivo.com.br\/wp-content\/uploads\/2021\/08\/asilo-horta-ciclovivo-696x521.jpg 696w, https:\/\/ciclovivo.com.br\/wp-content\/uploads\/2021\/08\/asilo-horta-ciclovivo-1068x799.jpg 1068w, https:\/\/ciclovivo.com.br\/wp-content\/uploads\/2021\/08\/asilo-horta-ciclovivo-561x420.jpg 561w, https:\/\/ciclovivo.com.br\/wp-content\/uploads\/2021\/08\/asilo-horta-ciclovivo-80x60.jpg 80w, https:\/\/ciclovivo.com.br\/wp-content\/uploads\/2021\/08\/asilo-horta-ciclovivo-265x198.jpg 265w, https:\/\/ciclovivo.com.br\/wp-content\/uploads\/2021\/08\/asilo-horta-ciclovivo.jpg 1183w\" data-sizes=\"(max-width: 1024px) 100vw, 1024px\" data-was-processed=\"true\" \/><\/figure>\n<\/li>\n<li class=\"blocks-gallery-item\">\n<figure><img loading=\"lazy\" class=\"wp-image-97295 lazy loaded\" src=\"https:\/\/ciclovivo.com.br\/wp-content\/uploads\/2021\/08\/asilo-horta-ciclovivo5.jpg?x52381\" sizes=\"(max-width: 657px) 100vw, 657px\" srcset=\"https:\/\/ciclovivo.com.br\/wp-content\/uploads\/2021\/08\/asilo-horta-ciclovivo5.jpg 657w, https:\/\/ciclovivo.com.br\/wp-content\/uploads\/2021\/08\/asilo-horta-ciclovivo5-224x300.jpg 224w, https:\/\/ciclovivo.com.br\/wp-content\/uploads\/2021\/08\/asilo-horta-ciclovivo5-112x150.jpg 112w, https:\/\/ciclovivo.com.br\/wp-content\/uploads\/2021\/08\/asilo-horta-ciclovivo5-314x420.jpg 314w\" alt=\"\" width=\"640\" height=\"857\" data-src=\"https:\/\/ciclovivo.com.br\/wp-content\/uploads\/2021\/08\/asilo-horta-ciclovivo5.jpg?x52381\" data-id=\"97295\" data-full-url=\"https:\/\/ciclovivo.com.br\/wp-content\/uploads\/2021\/08\/asilo-horta-ciclovivo5.jpg\" data-link=\"https:\/\/ciclovivo.com.br\/asilo-horta-ciclovivo5\/\" data-srcset=\"https:\/\/ciclovivo.com.br\/wp-content\/uploads\/2021\/08\/asilo-horta-ciclovivo5.jpg 657w, https:\/\/ciclovivo.com.br\/wp-content\/uploads\/2021\/08\/asilo-horta-ciclovivo5-224x300.jpg 224w, https:\/\/ciclovivo.com.br\/wp-content\/uploads\/2021\/08\/asilo-horta-ciclovivo5-112x150.jpg 112w, https:\/\/ciclovivo.com.br\/wp-content\/uploads\/2021\/08\/asilo-horta-ciclovivo5-314x420.jpg 314w\" data-sizes=\"(max-width: 657px) 100vw, 657px\" data-was-processed=\"true\" \/><\/figure>\n<\/li>\n<li class=\"blocks-gallery-item\">\n<figure><img loading=\"lazy\" class=\"wp-image-97294 lazy loaded\" src=\"https:\/\/ciclovivo.com.br\/wp-content\/uploads\/2021\/08\/asilo-horta-ciclovivo6.jpg?x52381\" sizes=\"(max-width: 662px) 100vw, 662px\" srcset=\"https:\/\/ciclovivo.com.br\/wp-content\/uploads\/2021\/08\/asilo-horta-ciclovivo6.jpg 662w, https:\/\/ciclovivo.com.br\/wp-content\/uploads\/2021\/08\/asilo-horta-ciclovivo6-225x300.jpg 225w, https:\/\/ciclovivo.com.br\/wp-content\/uploads\/2021\/08\/asilo-horta-ciclovivo6-112x150.jpg 112w, https:\/\/ciclovivo.com.br\/wp-content\/uploads\/2021\/08\/asilo-horta-ciclovivo6-315x420.jpg 315w\" alt=\"\" width=\"639\" height=\"852\" data-src=\"https:\/\/ciclovivo.com.br\/wp-content\/uploads\/2021\/08\/asilo-horta-ciclovivo6.jpg?x52381\" data-id=\"97294\" data-full-url=\"https:\/\/ciclovivo.com.br\/wp-content\/uploads\/2021\/08\/asilo-horta-ciclovivo6.jpg\" data-link=\"https:\/\/ciclovivo.com.br\/asilo-horta-ciclovivo6\/\" data-srcset=\"https:\/\/ciclovivo.com.br\/wp-content\/uploads\/2021\/08\/asilo-horta-ciclovivo6.jpg 662w, https:\/\/ciclovivo.com.br\/wp-content\/uploads\/2021\/08\/asilo-horta-ciclovivo6-225x300.jpg 225w, https:\/\/ciclovivo.com.br\/wp-content\/uploads\/2021\/08\/asilo-horta-ciclovivo6-112x150.jpg 112w, https:\/\/ciclovivo.com.br\/wp-content\/uploads\/2021\/08\/asilo-horta-ciclovivo6-315x420.jpg 315w\" data-sizes=\"(max-width: 662px) 100vw, 662px\" data-was-processed=\"true\" \/><\/figure>\n<\/li>\n<li class=\"blocks-gallery-item\">\n<figure><img loading=\"lazy\" class=\"wp-image-97293 lazy loaded\" src=\"https:\/\/ciclovivo.com.br\/wp-content\/uploads\/2021\/08\/asilo-horta-ciclovivo7.jpg?x52381\" sizes=\"(max-width: 931px) 100vw, 931px\" srcset=\"https:\/\/ciclovivo.com.br\/wp-content\/uploads\/2021\/08\/asilo-horta-ciclovivo7.jpg 931w, https:\/\/ciclovivo.com.br\/wp-content\/uploads\/2021\/08\/asilo-horta-ciclovivo7-300x284.jpg 300w, https:\/\/ciclovivo.com.br\/wp-content\/uploads\/2021\/08\/asilo-horta-ciclovivo7-150x142.jpg 150w, https:\/\/ciclovivo.com.br\/wp-content\/uploads\/2021\/08\/asilo-horta-ciclovivo7-768x726.jpg 768w, https:\/\/ciclovivo.com.br\/wp-content\/uploads\/2021\/08\/asilo-horta-ciclovivo7-696x658.jpg 696w, https:\/\/ciclovivo.com.br\/wp-content\/uploads\/2021\/08\/asilo-horta-ciclovivo7-444x420.jpg 444w\" alt=\"\" width=\"639\" height=\"605\" data-src=\"https:\/\/ciclovivo.com.br\/wp-content\/uploads\/2021\/08\/asilo-horta-ciclovivo7.jpg?x52381\" data-id=\"97293\" data-full-url=\"https:\/\/ciclovivo.com.br\/wp-content\/uploads\/2021\/08\/asilo-horta-ciclovivo7.jpg\" data-link=\"https:\/\/ciclovivo.com.br\/asilo-horta-ciclovivo7\/\" data-srcset=\"https:\/\/ciclovivo.com.br\/wp-content\/uploads\/2021\/08\/asilo-horta-ciclovivo7.jpg 931w, https:\/\/ciclovivo.com.br\/wp-content\/uploads\/2021\/08\/asilo-horta-ciclovivo7-300x284.jpg 300w, https:\/\/ciclovivo.com.br\/wp-content\/uploads\/2021\/08\/asilo-horta-ciclovivo7-150x142.jpg 150w, https:\/\/ciclovivo.com.br\/wp-content\/uploads\/2021\/08\/asilo-horta-ciclovivo7-768x726.jpg 768w, https:\/\/ciclovivo.com.br\/wp-content\/uploads\/2021\/08\/asilo-horta-ciclovivo7-696x658.jpg 696w, https:\/\/ciclovivo.com.br\/wp-content\/uploads\/2021\/08\/asilo-horta-ciclovivo7-444x420.jpg 444w\" data-sizes=\"(max-width: 931px) 100vw, 931px\" data-was-processed=\"true\" \/><\/figure>\n<\/li>\n<\/ul>\n<\/figure>\n<p>Outro m\u00e9todo usado pelo asilo para amenizar o isolamento social \u00e9 a organiza\u00e7\u00e3o de pequenos encontros. \u201cTemos recorrido a piqueniques para manter os idosos em contato uns com os outros e com a natureza, de maneira simples e animada, com direito a m\u00fasica e muitas comidas deliciosas\u201d, afirma a institui\u00e7\u00e3o.<\/p>\n<p>Conhe\u00e7a um\u00a0<a href=\"https:\/\/ciclovivo.com.br\/mao-na-massa\/horta\/idosos-cultivarem-hortas-sao-luis\/\" target=\"_blank\" rel=\"noreferrer noopener\">projeto similar realizado em S\u00e3o Lu\u00eds<\/a>, no Maranh\u00e3o. Quem trabalha na \u00e1rea de cuidado e deseja usar a horta como ferramenta terap\u00eautica pode come\u00e7ar com os passos\u00a0<a href=\"https:\/\/ciclovivo.com.br\/mao-na-massa\/horta\/horta-ferramenta-terapeutica-cartilha\/\" target=\"_blank\" rel=\"noreferrer noopener\">desta cartilha<\/a>.<\/p>\n<figure class=\"wp-block-gallery columns-2 is-cropped\">\n<ul class=\"blocks-gallery-grid\">\n<li class=\"blocks-gallery-item\">\n<figure><img loading=\"lazy\" class=\"wp-image-97301 lazy loaded\" src=\"https:\/\/ciclovivo.com.br\/wp-content\/uploads\/2021\/08\/asilo-horta-ciclo7-1024x767.jpg?x52381\" sizes=\"(max-width: 1024px) 100vw, 1024px\" srcset=\"https:\/\/ciclovivo.com.br\/wp-content\/uploads\/2021\/08\/asilo-horta-ciclo7-1024x767.jpg 1024w, https:\/\/ciclovivo.com.br\/wp-content\/uploads\/2021\/08\/asilo-horta-ciclo7-300x225.jpg 300w, https:\/\/ciclovivo.com.br\/wp-content\/uploads\/2021\/08\/asilo-horta-ciclo7-150x112.jpg 150w, https:\/\/ciclovivo.com.br\/wp-content\/uploads\/2021\/08\/asilo-horta-ciclo7-768x576.jpg 768w, https:\/\/ciclovivo.com.br\/wp-content\/uploads\/2021\/08\/asilo-horta-ciclo7-696x522.jpg 696w, https:\/\/ciclovivo.com.br\/wp-content\/uploads\/2021\/08\/asilo-horta-ciclo7-1068x800.jpg 1068w, https:\/\/ciclovivo.com.br\/wp-content\/uploads\/2021\/08\/asilo-horta-ciclo7-560x420.jpg 560w, https:\/\/ciclovivo.com.br\/wp-content\/uploads\/2021\/08\/asilo-horta-ciclo7-80x60.jpg 80w, https:\/\/ciclovivo.com.br\/wp-content\/uploads\/2021\/08\/asilo-horta-ciclo7-265x198.jpg 265w, https:\/\/ciclovivo.com.br\/wp-content\/uploads\/2021\/08\/asilo-horta-ciclo7.jpg 1177w\" alt=\"asilo horta\" width=\"639\" height=\"479\" data-src=\"https:\/\/ciclovivo.com.br\/wp-content\/uploads\/2021\/08\/asilo-horta-ciclo7-1024x767.jpg?x52381\" data-id=\"97301\" data-full-url=\"https:\/\/ciclovivo.com.br\/wp-content\/uploads\/2021\/08\/asilo-horta-ciclo7.jpg\" data-link=\"https:\/\/ciclovivo.com.br\/asilo-horta-ciclo7\/\" data-srcset=\"https:\/\/ciclovivo.com.br\/wp-content\/uploads\/2021\/08\/asilo-horta-ciclo7-1024x767.jpg 1024w, https:\/\/ciclovivo.com.br\/wp-content\/uploads\/2021\/08\/asilo-horta-ciclo7-300x225.jpg 300w, https:\/\/ciclovivo.com.br\/wp-content\/uploads\/2021\/08\/asilo-horta-ciclo7-150x112.jpg 150w, https:\/\/ciclovivo.com.br\/wp-content\/uploads\/2021\/08\/asilo-horta-ciclo7-768x576.jpg 768w, https:\/\/ciclovivo.com.br\/wp-content\/uploads\/2021\/08\/asilo-horta-ciclo7-696x522.jpg 696w, https:\/\/ciclovivo.com.br\/wp-content\/uploads\/2021\/08\/asilo-horta-ciclo7-1068x800.jpg 1068w, https:\/\/ciclovivo.com.br\/wp-content\/uploads\/2021\/08\/asilo-horta-ciclo7-560x420.jpg 560w, https:\/\/ciclovivo.com.br\/wp-content\/uploads\/2021\/08\/asilo-horta-ciclo7-80x60.jpg 80w, https:\/\/ciclovivo.com.br\/wp-content\/uploads\/2021\/08\/asilo-horta-ciclo7-265x198.jpg 265w, https:\/\/ciclovivo.com.br\/wp-content\/uploads\/2021\/08\/asilo-horta-ciclo7.jpg 1177w\" data-sizes=\"(max-width: 1024px) 100vw, 1024px\" data-was-processed=\"true\" \/><\/figure>\n<\/li>\n<li class=\"blocks-gallery-item\">\n<figure><img loading=\"lazy\" class=\"wp-image-97302 lazy loaded\" src=\"https:\/\/ciclovivo.com.br\/wp-content\/uploads\/2021\/08\/asilo-horta-ciclo6-1024x767.jpg?x52381\" sizes=\"(max-width: 1024px) 100vw, 1024px\" srcset=\"https:\/\/ciclovivo.com.br\/wp-content\/uploads\/2021\/08\/asilo-horta-ciclo6-1024x767.jpg 1024w, https:\/\/ciclovivo.com.br\/wp-content\/uploads\/2021\/08\/asilo-horta-ciclo6-300x225.jpg 300w, https:\/\/ciclovivo.com.br\/wp-content\/uploads\/2021\/08\/asilo-horta-ciclo6-150x112.jpg 150w, https:\/\/ciclovivo.com.br\/wp-content\/uploads\/2021\/08\/asilo-horta-ciclo6-768x575.jpg 768w, https:\/\/ciclovivo.com.br\/wp-content\/uploads\/2021\/08\/asilo-horta-ciclo6-696x521.jpg 696w, https:\/\/ciclovivo.com.br\/wp-content\/uploads\/2021\/08\/asilo-horta-ciclo6-1068x800.jpg 1068w, https:\/\/ciclovivo.com.br\/wp-content\/uploads\/2021\/08\/asilo-horta-ciclo6-561x420.jpg 561w, https:\/\/ciclovivo.com.br\/wp-content\/uploads\/2021\/08\/asilo-horta-ciclo6-80x60.jpg 80w, https:\/\/ciclovivo.com.br\/wp-content\/uploads\/2021\/08\/asilo-horta-ciclo6-265x198.jpg 265w, https:\/\/ciclovivo.com.br\/wp-content\/uploads\/2021\/08\/asilo-horta-ciclo6.jpg 1178w\" alt=\"asilo horta\" width=\"639\" height=\"479\" data-src=\"https:\/\/ciclovivo.com.br\/wp-content\/uploads\/2021\/08\/asilo-horta-ciclo6-1024x767.jpg?x52381\" data-id=\"97302\" data-full-url=\"https:\/\/ciclovivo.com.br\/wp-content\/uploads\/2021\/08\/asilo-horta-ciclo6.jpg\" data-link=\"https:\/\/ciclovivo.com.br\/asilo-horta-ciclo6\/\" data-srcset=\"https:\/\/ciclovivo.com.br\/wp-content\/uploads\/2021\/08\/asilo-horta-ciclo6-1024x767.jpg 1024w, https:\/\/ciclovivo.com.br\/wp-content\/uploads\/2021\/08\/asilo-horta-ciclo6-300x225.jpg 300w, https:\/\/ciclovivo.com.br\/wp-content\/uploads\/2021\/08\/asilo-horta-ciclo6-150x112.jpg 150w, https:\/\/ciclovivo.com.br\/wp-content\/uploads\/2021\/08\/asilo-horta-ciclo6-768x575.jpg 768w, https:\/\/ciclovivo.com.br\/wp-content\/uploads\/2021\/08\/asilo-horta-ciclo6-696x521.jpg 696w, https:\/\/ciclovivo.com.br\/wp-content\/uploads\/2021\/08\/asilo-horta-ciclo6-1068x800.jpg 1068w, https:\/\/ciclovivo.com.br\/wp-content\/uploads\/2021\/08\/asilo-horta-ciclo6-561x420.jpg 561w, https:\/\/ciclovivo.com.br\/wp-content\/uploads\/2021\/08\/asilo-horta-ciclo6-80x60.jpg 80w, https:\/\/ciclovivo.com.br\/wp-content\/uploads\/2021\/08\/asilo-horta-ciclo6-265x198.jpg 265w, https:\/\/ciclovivo.com.br\/wp-content\/uploads\/2021\/08\/asilo-horta-ciclo6.jpg 1178w\" data-sizes=\"(max-width: 1024px) 100vw, 1024px\" data-was-processed=\"true\" \/><\/figure>\n<\/li>\n<\/ul>\n<\/figure>\n<p>&nbsp;<\/p>\n<p>Fonte: <a href=\"https:\/\/ciclovivo.com.br\/mao-na-massa\/horta\/asilo-horta-terapia-idosos-pandemia\/\" target=\"_blank\" rel=\"noopener\">CicloVivo<\/a><\/p>\n","protected":false},"excerpt":{"rendered":"<p>Plantar, cuidar e colher alimentos frescos e livres de agrot\u00f3xicos entrou na rotina dos idosos.<\/p>\n","protected":false},"author":1,"featured_media":152571,"comment_status":"closed","ping_status":"open","sticky":false,"template":"","format":"standard","meta":[],"categories":[3],"tags":[],"uagb_featured_image_src":{"full":["https:\/\/espacoecologico.com.br\/arquivo\/wp-content\/uploads\/2021\/09\/horta-asilo-696x388-1.jpg",696,388,false],"thumbnail":["https:\/\/espacoecologico.com.br\/arquivo\/wp-content\/uploads\/2021\/09\/horta-asilo-696x388-1-150x150.jpg",150,150,true],"medium":["https:\/\/espacoecologico.com.br\/arquivo\/wp-content\/uploads\/2021\/09\/horta-asilo-696x388-1-300x167.jpg",300,167,true],"medium_large":["https:\/\/espacoecologico.com.br\/arquivo\/wp-content\/uploads\/2021\/09\/horta-asilo-696x388-1.jpg",640,357,false],"large":["https:\/\/espacoecologico.com.br\/arquivo\/wp-content\/uploads\/2021\/09\/horta-asilo-696x388-1.jpg",640,357,false],"1536x1536":["https:\/\/espacoecologico.com.br\/arquivo\/wp-content\/uploads\/2021\/09\/horta-asilo-696x388-1.jpg",696,388,false],"2048x2048":["https:\/\/espacoecologico.com.br\/arquivo\/wp-content\/uploads\/2021\/09\/horta-asilo-696x388-1.jpg",696,388,false],"cream-magazine-thumbnail-2":["https:\/\/espacoecologico.com.br\/arquivo\/wp-content\/uploads\/2021\/09\/horta-asilo-696x388-1.jpg",696,388,false],"cream-magazine-thumbnail-3":["https:\/\/espacoecologico.com.br\/arquivo\/wp-content\/uploads\/2021\/09\/horta-asilo-696x388-1.jpg",696,388,false],"cream-magazine-thumbnail-4":["https:\/\/espacoecologico.com.br\/arquivo\/wp-content\/uploads\/2021\/09\/horta-asilo-696x388-1-450x388.jpg",450,388,true]},"uagb_author_info":{"display_name":"sabrina","author_link":"https:\/\/espacoecologico.com.br\/arquivo\/author\/sabrina\/"},"uagb_comment_info":0,"uagb_excerpt":"Plantar, cuidar e colher alimentos frescos e livres de agrot\u00f3xicos entrou na rotina dos idosos.","_links":{"self":[{"href":"https:\/\/espacoecologico.com.br\/arquivo\/wp-json\/wp\/v2\/posts\/152570"}],"collection":[{"href":"https:\/\/espacoecologico.com.br\/arquivo\/wp-json\/wp\/v2\/posts"}],"about":[{"href":"https:\/\/espacoecologico.com.br\/arquivo\/wp-json\/wp\/v2\/types\/post"}],"author":[{"embeddable":true,"href":"https:\/\/espacoecologico.com.br\/arquivo\/wp-json\/wp\/v2\/users\/1"}],"replies":[{"embeddable":true,"href":"https:\/\/espacoecologico.com.br\/arquivo\/wp-json\/wp\/v2\/comments?post=152570"}],"version-history":[{"count":1,"href":"https:\/\/espacoecologico.com.br\/arquivo\/wp-json\/wp\/v2\/posts\/152570\/revisions"}],"predecessor-version":[{"id":152572,"href":"https:\/\/espacoecologico.com.br\/arquivo\/wp-json\/wp\/v2\/posts\/152570\/revisions\/152572"}],"wp:featuredmedia":[{"embeddable":true,"href":"https:\/\/espacoecologico.com.br\/arquivo\/wp-json\/wp\/v2\/media\/152571"}],"wp:attachment":[{"href":"https:\/\/espacoecologico.com.br\/arquivo\/wp-json\/wp\/v2\/media?parent=152570"}],"wp:term":[{"taxonomy":"category","embeddable":true,"href":"https:\/\/espacoecologico.com.br\/arquivo\/wp-json\/wp\/v2\/categories?post=152570"},{"taxonomy":"post_tag","embeddable":true,"href":"https:\/\/espacoecologico.com.br\/arquivo\/wp-json\/wp\/v2\/tags?post=152570"}],"curies":[{"name":"wp","href":"https:\/\/api.w.org\/{rel}","templated":true}]}}