{"id":152567,"date":"2021-08-29T15:16:17","date_gmt":"2021-08-29T18:16:17","guid":{"rendered":"https:\/\/espacoecologico.com.br\/arquivo\/?p=152567"},"modified":"2021-09-03T15:54:33","modified_gmt":"2021-09-03T18:54:33","slug":"mar-morto-o-que-e-e-como-foi-formado","status":"publish","type":"post","link":"https:\/\/espacoecologico.com.br\/arquivo\/mar-morto-o-que-e-e-como-foi-formado\/","title":{"rendered":"Mar Morto: o que \u00e9 e como foi formado?"},"content":{"rendered":"<p><img loading=\"lazy\" class=\"\" src=\"https:\/\/images.ecycle.com.br\/wp-content\/uploads\/2021\/04\/30014913\/mar-morto-1.jpg.webp\" alt=\"Mar morto\" width=\"639\" height=\"392\" \/><\/p>\n<p><i>Imagem de\u00a0<a href=\"https:\/\/unsplash.com\/photos\/_IFipWi6cWc\" target=\"_blank\" rel=\"nofollow noopener\">Robert Bye<\/a>\u00a0em\u00a0<a href=\"https:\/\/unsplash.com\/photos\/_IFipWi6cWc\" target=\"_blank\" rel=\"nofollow noopener\">Unsplash<\/a><\/i><\/p>\n<h2 class=\"entry-subtitle font-weight-medium\">O Mar Morto \u00e9 um lago de \u00e1gua extremamente salgada localizado no Oriente M\u00e9dio<\/h2>\n<div class=\"entry-content pt-3 mt-3\">\n<p>O\u00a0<span class=\"Apple-style-span\">Mar Morto<\/span>\u00a0\u00e9 um lago de \u00e1gua salgada que fica localizado entre Palestina, Israel e Jord\u00e2nia. Apesar de seu nome, o\u00a0<span class=\"Apple-style-span\">Mar Morto<\/span>\u00a0n\u00e3o pode ser considerado um mar. Na verdade, ele \u00e9 um lago com uma concentra\u00e7\u00e3o de\u00a0<a href=\"https:\/\/www.ecycle.com.br\/sal\/\" target=\"_blank\" rel=\"noopener\">sal<\/a>\u00a0nove vezes maior que a dos oceanos. Alimentado pelo rio Jord\u00e3o, o\u00a0<span class=\"Apple-style-span\">Mar Morto<\/span> \u00e9 famoso por proporcionar in\u00fameros benef\u00edcios \u00e0 sa\u00fade, tornando-se um local muito visitado por turistas.<\/p>\n<h2><span id=\"Por-que-o-Mar-Morto-recebe-esse-nome\">Por que o Mar Morto recebe esse nome?<\/span><\/h2>\n<p>O\u00a0<span class=\"Apple-style-span\">Mar Morto<\/span>\u00a0recebe esse nome devido \u00e0 grande quantidade de\u00a0<a href=\"https:\/\/www.ecycle.com.br\/sal-marinho\/\" target=\"_blank\" rel=\"noopener\">sal<\/a>\u00a0que possui em sua composi\u00e7\u00e3o. Essa quantidade \u00e9 t\u00e3o grande que praticamente impossibilita a exist\u00eancia de vida. Estudos estimam que existem cerca de 300 gramas de sal para cada litro d\u2019\u00e1gua desse lago. Para se ter uma ideia, os oceanos t\u00eam uma concentra\u00e7\u00e3o de 35 gramas de sal para cada litro desse mesmo l\u00edquido.<\/p>\n<p>Por isso, apenas algumas\u00a0<a href=\"https:\/\/www.ecycle.com.br\/bacterias\/\" target=\"_blank\" rel=\"noopener\">bact\u00e9rias<\/a>\u00a0conseguem sobreviver e se desenvolver no\u00a0<span class=\"Apple-style-span\">Mar Morto<\/span>. Todos os peixes transportados pelo rio Jord\u00e3o morrem quando des\u00e1guam nesse local. Isso acontece porque esses organismos macrosc\u00f3picos se desidratam rapidamente ao entrarem em contato com a \u00e1gua salinizada do lago.<\/p>\n<h2><span id=\"Como-o-Mar-Morto-foi-formado\">Como o Mar Morto foi formado?<\/span><\/h2>\n<p>A forma\u00e7\u00e3o do\u00a0<span class=\"Apple-style-span\">Mar Morto<\/span> est\u00e1 relacionada com a exist\u00eancia de uma falha geol\u00f3gica entre a placa tect\u00f4nica africana e a placa ar\u00e1bica. O movimento entre estas placas \u00e9 do tipo transformante, ou seja, elas deslizam lateralmente entre si. Por conta das intera\u00e7\u00f5es tect\u00f4nicas na regi\u00e3o, formou-se esta grande abertura na crosta terrestre, a qual hoje \u00e9 conhecida como a maior depress\u00e3o absoluta terrestre.<\/p>\n<p>Pesquisadores e cientistas notaram que o\u00a0<span class=\"Apple-style-span\">Mar Morto<\/span>\u00a0est\u00e1 enfrentando evidentes mudan\u00e7as em sua extens\u00e3o. Uma intensa evapora\u00e7\u00e3o das \u00e1guas vem ocorrendo, deixando apenas o sal exposto onde antes era o lago. Isso mostra que, mesmo sendo um ambiente considerado como \u201cmorto\u201d, a regi\u00e3o sofre com as din\u00e2micas naturais em larga escala.<\/p>\n<h2><span id=\"Curiosidades-sobre-o-Mar-Morto\">Curiosidades sobre o Mar Morto<\/span><\/h2>\n<p>O\u00a0<span class=\"Apple-style-span\">Mar Morto<\/span>\u00a0\u00e9 conhecido por apresentar diversas curiosidades, como:<\/p>\n<h3><span id=\"1Ponto-mais-baixo-da-terra\">1.Ponto mais baixo da terra<\/span><\/h3>\n<p>Como dito anteriormente, o\u00a0<span class=\"Apple-style-span\">Mar Morto<\/span>\u00a0est\u00e1 localizado na maior depress\u00e3o absoluta terrestre, a mais de 400 metros abaixo do\u00a0<a title=\"O que \u00e9 n\u00edvel do mar e por que ele est\u00e1 aumentando?\" href=\"https:\/\/www.ecycle.com.br\/nivel-do-mar\/\">n\u00edvel do mar<\/a>. Por isso, ele \u00e9 considerado o ponto mais baixo da terra.<\/p>\n<h3><span id=\"2E-tao-salgado-que-faz-as-pessoas-boiarem\">2.\u00c9 t\u00e3o salgado que faz as pessoas boiarem<\/span><\/h3>\n<p>A grande quantidade de sal em sua composi\u00e7\u00e3o faz com que ele seja muito denso, impedindo que as pessoas afundem ao entrarem em suas \u00e1guas. Al\u00e9m disso, ela tamb\u00e9m facilita a forma\u00e7\u00e3o de cristais na superf\u00edcie do lago. Essas caracter\u00edsticas s\u00e3o respons\u00e1veis por atrair in\u00fameros turistas para a regi\u00e3o do\u00a0<span class=\"Apple-style-span\">Mar Morto<\/span>.<\/p>\n<h3><span id=\"3Filtro-natural\">3.Filtro natural<\/span><\/h3>\n<p>O\u00a0<span class=\"Apple-style-span\">Mar Morto<\/span>\u00a0\u00e9 o lugar mais seguro do mundo para se\u00a0<a href=\"https:\/\/www.ecycle.com.br\/bronzeado-luz-do-sol-serve-para-muito-mais\/\" target=\"_blank\" rel=\"noopener\">bronzear<\/a>. O vapor que sobe da superf\u00edcie do mar atua como um filtro natural para prote\u00e7\u00e3o dos\u00a0<a title=\"Entenda o que \u00e9 radia\u00e7\u00e3o ultravioleta\" href=\"https:\/\/www.ecycle.com.br\/radiacao-ultravioleta\/\">raios ultravioleta<\/a>, potencialmente prejudiciais \u00e0 sa\u00fade.<\/p>\n<h3><span id=\"4Rico-em-sais\">4.Rico em sais<\/span><\/h3>\n<p>As \u00e1guas do\u00a0<span class=\"Apple-style-span\">Mar Morto<\/span> s\u00e3o ricas em sais de cloreto de magn\u00e9sio, s\u00f3dio, pot\u00e1ssio, enxofre, iodo, c\u00e1lcio e bromo. Em contato com o corpo, esses compostos podem desintoxicar e estimular o metabolismo, equilibrar os n\u00edveis de pH e aumentar a prote\u00e7\u00e3o das camadas da pele.<\/p>\n<h3><span id=\"5Rico-em-oxigenio\">5.Rico em oxig\u00eanio<\/span><\/h3>\n<p>Devido \u00e0 alta press\u00e3o barom\u00e9trica, o ar ao redor do\u00a0<span class=\"Apple-style-span\">Mar Morto<\/span>\u00a0\u00e9 cerca de 8% mais rico em\u00a0<a href=\"https:\/\/www.ecycle.com.br\/ciclo-do-oxigenio\/#:~:text=O%20ciclo%20do%20oxig%C3%AAnio%20%C3%A9%20um%20ciclo%20biogeoqu%C3%ADmico%20que%20garante,vivos%20e%20pelo%20meio%20ambiente.&amp;text=O%20oxig%C3%AAnio%20pode%20ser%20encontrado,%3A%20atmosfera%2C%20biosfera%20e%20litosfera.\" target=\"_blank\" rel=\"noopener\">oxig\u00eanio<\/a>\u00a0do que o n\u00edvel do mar. Esse ar seco, rico e livre de \u00e1caros faz desta \u00e1rea um ref\u00fagio para as pessoas com problemas de insufici\u00eancia respirat\u00f3ria.<\/p>\n<h3><span id=\"6Tratamentos-no-Mar-Morto\">6.Tratamentos no Mar Morto<\/span><\/h3>\n<p>Os benef\u00edcios terap\u00eauticos do\u00a0<span class=\"Apple-style-span\">Mar Morto<\/span>\u00a0s\u00e3o conhecidos pelo ser humano h\u00e1 pelo menos dois mil anos. Uma combina\u00e7\u00e3o \u00fanica das condi\u00e7\u00f5es clim\u00e1ticas e elementos t\u00eam sido comprovadas como extremamente ben\u00e9ficas e oferecem tratamentos naturais para doen\u00e7as cr\u00f4nicas, problemas dermatol\u00f3gicos e condi\u00e7\u00f5es respirat\u00f3rias.<\/p>\n<h3><span id=\"7Beneficios-da-lama\">7.Benef\u00edcios da lama<\/span><\/h3>\n<p>A lama do\u00a0<span class=\"Apple-style-span\">Mar Morto<\/span> \u00e9 rica em minerais de sedimentos aluviais. Ela pode ser espalhada sobre o corpo para limpar a pele e aliviar dores reum\u00e1ticas ou ocasionadas por artrites. Al\u00e9m disso, \u00e9 poss\u00edvel encontrar uma variedade de m\u00e1scaras faciais da lama em estabelecimentos em toda a Jord\u00e2nia ou on-line.<\/p>\n<h3><span id=\"8Espiritualidade\">8.Espiritualidade<\/span><\/h3>\n<p>A \u00e1rea ao redor do\u00a0<span class=\"Apple-style-span\">Mar Morto<\/span>\u00a0tamb\u00e9m tem um significado espiritual para os judeus e crist\u00e3os. Isso acontece porque essa regi\u00e3o \u00e9 considerada como a Terra Santa onde Deus deu os seus Dez Mandamentos a Mois\u00e9s, onde J\u00f3 sofreu e foi recompensado por sua f\u00e9, onde Jesus foi batizado por Jo\u00e3o, e onde Jac\u00f3 lutou com o anjo de Deus.<\/p>\n<figure class=\"wp-block-embed is-type-video is-provider-youtube wp-block-embed-youtube wp-embed-aspect-16-9 wp-has-aspect-ratio\">\n<div class=\"wp-block-embed__wrapper\">\n<div class=\"embed-responsive embed-responsive-16by9\"><iframe loading=\"lazy\" title=\"TEM VIDA NO MAR MORTO? Uma viagem incr\u00edvel no lugar mais profundo do planeta!\" src=\"https:\/\/www.youtube.com\/embed\/hRWqjedyoDU?feature=oembed\" width=\"500\" height=\"281\" frameborder=\"0\" allowfullscreen=\"allowfullscreen\" data-mce-fragment=\"1\"><\/iframe><\/div>\n<\/div><figcaption><em>V\u00eddeo do canal\u00a0<a title=\"https:\/\/www.youtube.com\/channel\/UCwM4g999Q94nkJr4gC881AA\" href=\"https:\/\/www.youtube.com\/channel\/UCwM4g999Q94nkJr4gC881AA\">Israel com Aline<\/a><\/em><\/figcaption><\/figure>\n<\/div>\n<p>Fonte: <a href=\"https:\/\/www.ecycle.com.br\/mar-morto\/\" target=\"_blank\" rel=\"noopener\">Equipe Ecycle &#8211; Julia Azevedo<\/a><\/p>\n","protected":false},"excerpt":{"rendered":"<p>Imagem de\u00a0Robert Bye\u00a0em\u00a0Unsplash O Mar Morto \u00e9 um lago de \u00e1gua extremamente salgada localizado no<\/p>\n","protected":false},"author":1,"featured_media":152568,"comment_status":"closed","ping_status":"open","sticky":false,"template":"","format":"standard","meta":[],"categories":[3],"tags":[],"uagb_featured_image_src":{"full":["https:\/\/espacoecologico.com.br\/arquivo\/wp-content\/uploads\/2021\/09\/mar-morto.png",376,232,false],"thumbnail":["https:\/\/espacoecologico.com.br\/arquivo\/wp-content\/uploads\/2021\/09\/mar-morto-150x150.png",150,150,true],"medium":["https:\/\/espacoecologico.com.br\/arquivo\/wp-content\/uploads\/2021\/09\/mar-morto-300x185.png",300,185,true],"medium_large":["https:\/\/espacoecologico.com.br\/arquivo\/wp-content\/uploads\/2021\/09\/mar-morto.png",376,232,false],"large":["https:\/\/espacoecologico.com.br\/arquivo\/wp-content\/uploads\/2021\/09\/mar-morto.png",376,232,false],"1536x1536":["https:\/\/espacoecologico.com.br\/arquivo\/wp-content\/uploads\/2021\/09\/mar-morto.png",376,232,false],"2048x2048":["https:\/\/espacoecologico.com.br\/arquivo\/wp-content\/uploads\/2021\/09\/mar-morto.png",376,232,false],"cream-magazine-thumbnail-2":["https:\/\/espacoecologico.com.br\/arquivo\/wp-content\/uploads\/2021\/09\/mar-morto.png",376,232,false],"cream-magazine-thumbnail-3":["https:\/\/espacoecologico.com.br\/arquivo\/wp-content\/uploads\/2021\/09\/mar-morto.png",376,232,false],"cream-magazine-thumbnail-4":["https:\/\/espacoecologico.com.br\/arquivo\/wp-content\/uploads\/2021\/09\/mar-morto.png",376,232,false]},"uagb_author_info":{"display_name":"sabrina","author_link":"https:\/\/espacoecologico.com.br\/arquivo\/author\/sabrina\/"},"uagb_comment_info":0,"uagb_excerpt":"Imagem de\u00a0Robert Bye\u00a0em\u00a0Unsplash O Mar Morto \u00e9 um lago de \u00e1gua extremamente salgada localizado no","_links":{"self":[{"href":"https:\/\/espacoecologico.com.br\/arquivo\/wp-json\/wp\/v2\/posts\/152567"}],"collection":[{"href":"https:\/\/espacoecologico.com.br\/arquivo\/wp-json\/wp\/v2\/posts"}],"about":[{"href":"https:\/\/espacoecologico.com.br\/arquivo\/wp-json\/wp\/v2\/types\/post"}],"author":[{"embeddable":true,"href":"https:\/\/espacoecologico.com.br\/arquivo\/wp-json\/wp\/v2\/users\/1"}],"replies":[{"embeddable":true,"href":"https:\/\/espacoecologico.com.br\/arquivo\/wp-json\/wp\/v2\/comments?post=152567"}],"version-history":[{"count":1,"href":"https:\/\/espacoecologico.com.br\/arquivo\/wp-json\/wp\/v2\/posts\/152567\/revisions"}],"predecessor-version":[{"id":152569,"href":"https:\/\/espacoecologico.com.br\/arquivo\/wp-json\/wp\/v2\/posts\/152567\/revisions\/152569"}],"wp:featuredmedia":[{"embeddable":true,"href":"https:\/\/espacoecologico.com.br\/arquivo\/wp-json\/wp\/v2\/media\/152568"}],"wp:attachment":[{"href":"https:\/\/espacoecologico.com.br\/arquivo\/wp-json\/wp\/v2\/media?parent=152567"}],"wp:term":[{"taxonomy":"category","embeddable":true,"href":"https:\/\/espacoecologico.com.br\/arquivo\/wp-json\/wp\/v2\/categories?post=152567"},{"taxonomy":"post_tag","embeddable":true,"href":"https:\/\/espacoecologico.com.br\/arquivo\/wp-json\/wp\/v2\/tags?post=152567"}],"curies":[{"name":"wp","href":"https:\/\/api.w.org\/{rel}","templated":true}]}}