{"id":152558,"date":"2021-08-29T15:08:45","date_gmt":"2021-08-29T18:08:45","guid":{"rendered":"https:\/\/espacoecologico.com.br\/arquivo\/?p=152558"},"modified":"2021-09-03T15:54:33","modified_gmt":"2021-09-03T18:54:33","slug":"somos-responsaveis-por-mudancas-drasticas-no-clima-que-nao-tem-precedentes-diz-fisico-paulo-artaxo","status":"publish","type":"post","link":"https:\/\/espacoecologico.com.br\/arquivo\/somos-responsaveis-por-mudancas-drasticas-no-clima-que-nao-tem-precedentes-diz-fisico-paulo-artaxo\/","title":{"rendered":"&#8220;Somos respons\u00e1veis por mudan\u00e7as dr\u00e1sticas no clima que n\u00e3o t\u00eam precedentes&#8221;, diz f\u00edsico Paulo Artaxo"},"content":{"rendered":"<div class=\"row content-head featured \">\n<div class=\"medium-centered subtitle\">\n<h2 class=\"content-head__subtitle\">Membro do IPCC e autoridade em aquecimento global, professor do Instituto de F\u00edsica da Universidade de S\u00e3o Paulo (USP) descreve impacto da crise clim\u00e1tica e pede a\u00e7\u00e3o dos governos<\/h2>\n<\/div>\n<\/div>\n<div class=\"row medium-uncollapsed content-top-image\" data-block-type=\"featured-image\" data-block-id=\"0\">\n<div class=\"column medium-centered medium-22 large-20 desktop \">\n<figure class=\"glb-skeleton-box\"><img loading=\"lazy\" class=\"i-amphtml-fill-content i-amphtml-replaced-content\" src=\"https:\/\/s2.glbimg.com\/t2Mx_yvNCFm0kVAN0NnPv3ilkH8=\/0x0:754x455\/924x0\/smart\/filters:strip_icc()\/i.s3.glbimg.com\/v1\/AUTH_7d5b9b5029304d27b7ef8a7f28b4d70f\/internal_photos\/bs\/2021\/g\/c\/Z2DeAcQsaJROORBJO5wg\/cientistas-brasileiros-entre-os-melhores-05.jpg\" srcset=\"\" alt=\"\" width=\"639\" height=\"386\" \/><\/figure>\n<p><span class=\"rights-holder\">Reprodu\u00e7\u00e3o \/ TV Brasil<\/span><\/p>\n<\/div>\n<\/div>\n<div class=\"mc-article-body\">\n<article>\n<div class=\"mc-column content-text active-extra-styles active-capital-letter\" data-block-type=\"unstyled\" data-block-weight=\"46\" data-block-id=\"2\">\n<p class=\"content-text__container theme-color-primary-first-letter\" data-track-category=\"Link no Texto\" data-track-links=\"\">Considerado um dos maiores especialistas em\u00a0<a href=\"https:\/\/umsoplaneta.globo.com\/clima\/noticia\/2021\/04\/04\/o-que-sao-as-mudancas-climaticas.ghtml\"><strong>mudan\u00e7a clim\u00e1tica<\/strong><\/a>\u00a0e\u00a0<a href=\"https:\/\/umsoplaneta.globo.com\/clima\/noticia\/2021\/04\/04\/bloco-1-o-que-e-o-aquecimento-global.ghtml\"><strong>aquecimento global<\/strong><\/a><strong>\u00a0<\/strong>no Brasil e no mundo,\u00a0<strong>Paulo Artaxo<\/strong>\u00a0n\u00e3o poupa palavras para deixar claro que a situa\u00e7\u00e3o que estamos vivendo \u00e9 cr\u00edtica e que medidas urgentes e significativas s\u00e3o extremamente necess\u00e1rias para evitar os piores cen\u00e1rios.<\/p>\n<\/div>\n<div class=\"wall protected-content\">\n<div class=\"mc-column content-text active-extra-styles \" data-block-type=\"unstyled\" data-block-weight=\"87\" data-block-id=\"3\">\n<p class=\"content-text__container \" data-track-category=\"Link no Texto\" data-track-links=\"\">O professor do Instituto de F\u00edsica da Universidade de S\u00e3o Paulo (USP) coordena o Programa Fapesp de Pesquisa sobre Mudan\u00e7as Clim\u00e1ticas Globais e \u00e9 membro do Painel Intergovernamental sobre Mudan\u00e7as Clim\u00e1ticas (<a href=\"https:\/\/umsoplaneta.globo.com\/clima\/noticia\/2021\/04\/04\/o-que-e-o-ipcc.ghtml\"><strong>IPCC<\/strong><\/a>, na sigla em ingl\u00eas). No\u00a0Sexto Relato\u0301rio de Avaliac\u0327a\u0303o \u2013 AR6, divulgado no dia 9 de agosto, o\u00a0IPCC emitiu um &#8220;alerta vermelho para a humanidade&#8221;, evidenciando que as emiss\u00f5es de\u00a0<a href=\"https:\/\/umsoplaneta.globo.com\/clima\/noticia\/2021\/04\/04\/o-que-e-efeito-estufa.ghtml\"><strong>gases de efeito estufa<\/strong><\/a> da queima de combust\u00edveis f\u00f3sseis e do desmatamento est\u00e3o sufocando nosso Planeta e colocando bilh\u00f5es de pessoas em risco imediato.<\/p>\n<\/div>\n<div class=\"mc-column content-text active-extra-styles \" data-block-type=\"unstyled\" data-block-weight=\"76\" data-block-id=\"5\">\n<p class=\"content-text__container \" data-track-category=\"Link no Texto\" data-track-links=\"\">Deixando claro que o aquecimento global est\u00e1 afetando todas as regi\u00f5es da Terra e muitas das mudan\u00e7as est\u00e3o se tornando irrevers\u00edveis, Artaxo pontua que cabe aos governos agora implementar medidas adequadas para responder aos alertas e recomenda\u00e7\u00f5es do Painel da ONU. &#8220;O IPCC somente compila a ci\u00eancia feita por milhares de pesquisadores em todos os pa\u00edses e em todas as \u00e1reas. Nossa parte n\u00f3s fizemos: agora, \u00e9 com os tomadores de decis\u00e3o&#8221;, descreve o professor.<\/p>\n<\/div>\n<div class=\"mc-column content-text active-extra-styles \" data-block-type=\"unstyled\" data-block-weight=\"47\" data-block-id=\"7\">\n<p class=\"content-text__container \" data-track-category=\"Link no Texto\" data-track-links=\"\">Nesta entrevista, Artaxo, que \u00e9 autor-l\u00edder do cap\u00edtulo 6 do relat\u00f3rio e tamb\u00e9m vice-presidente da Academia de Ci\u00eancias do Estado de S\u00e3o Paulo (Aciesp), analisa as perspectivas e as implica\u00e7\u00f5es que o novo documento traz para o enfrentamento das mudanc\u0327as clima\u0301ticas no Brasil e no Planeta. Confira:<\/p>\n<\/div>\n<div class=\"mc-column content-text active-extra-styles \" data-block-type=\"unstyled\" data-block-weight=\"46\" data-block-id=\"8\">\n<p class=\"content-text__container \" data-track-category=\"Link no Texto\" data-track-links=\"\"><strong>Um S\u00f3 Planeta: O novo relat\u00f3rio do IPCC atinge em cheio o negacionismo e considera &#8220;inequ\u00edvoco&#8221; que a humanidade tenha aquecido a atmosfera, o oceano e a terra, o que gerou mudan\u00e7as generalizadas e r\u00e1pidas no Planeta. O que mais podemos destacar desse documento t\u00e3o importante?<\/strong><\/p>\n<\/div>\n<div class=\"mc-column content-text active-extra-styles \" data-block-type=\"unstyled\" data-block-weight=\"52\" data-block-id=\"9\">\n<p class=\"content-text__container \" data-track-category=\"Link no Texto\" data-track-links=\"\"><strong>Paulo Artaxo:<\/strong>\u00a0H\u00e1 algumas frases fortes. Como &#8220;mudan\u00e7as recentes no clima s\u00e3o generalizadas, r\u00e1pidas e intensificadas e sem precedentes em pelo menos 6,5 mil anos&#8221;. N\u00e3o h\u00e1 recorde de temperatura t\u00e3o alta no Planeta nesse per\u00edodo. \u00c9 um recado claro do IPCC de que as atividades humanas est\u00e3o inequivocadamente alterando o clima.<\/p>\n<\/div>\n<div class=\"mc-column content-text active-extra-styles \" data-block-type=\"unstyled\" data-block-weight=\"56\" data-block-id=\"10\">\n<p class=\"content-text__container \" data-track-category=\"Link no Texto\" data-track-links=\"\">O relat\u00f3rio tamb\u00e9m aponta que, &#8220;a menos que haja redu\u00e7\u00f5es imediatas, r\u00e1pidas e em grande escala nas emiss\u00f5es de gases do efeito estufa, limitar o aquecimento a 1,5\u00baC pode ser imposs\u00edvel&#8221;. Essa \u00e9 a meta do\u00a0<a href=\"https:\/\/umsoplaneta.globo.com\/clima\/noticia\/2021\/04\/04\/o-que-e-o-acordo-de-paris-e-as-ndcs.ghtml\"><strong>Acordo de Paris<\/strong><\/a>, e o IPCC est\u00e1 colocando que o esfor\u00e7o para fazer isso est\u00e1 ficando cada vez mais dif\u00edcil.<\/p>\n<\/div>\n<div class=\"mc-column content-text active-extra-styles \" data-block-type=\"unstyled\" data-block-weight=\"55\" data-block-id=\"11\">\n<p class=\"content-text__container \" data-track-category=\"Link no Texto\" data-track-links=\"\">Vemos tamb\u00e9m que \u00e9 indiscut\u00edvel que as atividades humanas est\u00e3o causando mudan\u00e7as clim\u00e1ticas, tornando\u00a0<a href=\"https:\/\/umsoplaneta.globo.com\/clima\/noticia\/2021\/07\/29\/em-imagens-confira-eventos-climaticos-extremos-pelo-mundo.ghtml\"><strong>eventos clim\u00e1ticos extremos<\/strong><\/a>, incluindo ondas de calor, chuvas fortes e secas, mais frequentes e severas. Estamos vendo isso no mundo todo, inclusive no Brasil central, com essa seca que temos hoje e enchente recorde que estamos tendo na Amaz\u00f4nia em 2021.<\/p>\n<\/div>\n<div class=\"mc-column content-text active-extra-styles \" data-block-type=\"unstyled\" data-block-weight=\"19\" data-block-id=\"12\">\n<p class=\"content-text__container \" data-track-category=\"Link no Texto\" data-track-links=\"\"><strong>Um S\u00f3 Planeta: Fica claro que j\u00e1 \u00e9 mais do que necess\u00e1rio agir com todas as for\u00e7as nesse combate.<br \/>\n<\/strong><\/p>\n<\/div>\n<div class=\"mc-column content-text active-extra-styles \" data-block-type=\"unstyled\" data-block-weight=\"48\" data-block-id=\"13\">\n<p class=\"content-text__container \" data-track-category=\"Link no Texto\" data-track-links=\"\"><strong>Paulo Artaxo:\u00a0<\/strong>A mudan\u00e7a clim\u00e1tica j\u00e1 est\u00e1 afetando todas as regi\u00f5es da Terra, de muitas maneiras. E as mudan\u00e7as que experimentamos v\u00e3o aumentar com qualquer aquecimento adicional. Ou seja: o tempo j\u00e1 est\u00e1 passando, \u00e9 hora de agir imediatamente para reduzir a emiss\u00e3o de gases do efeito estufa.<\/p>\n<\/div>\n<div class=\"row medium-uncollapsed content-media content-photo\" data-block-type=\"backstage-photo\" data-block-id=\"15\">\n<div class=\"mc-column content-media__container\">\n<div class=\"content-media-container glb-skeleton-box\">\n<figure class=\"content-media-figure\"><img loading=\"lazy\" class=\"i-amphtml-fill-content i-amphtml-replaced-content\" src=\"https:\/\/s2.glbimg.com\/Uyz3Qb3zaqrYmUc6701yHcviS78=\/0x0:463x270\/984x0\/smart\/filters:strip_icc()\/i.s3.glbimg.com\/v1\/AUTH_7d5b9b5029304d27b7ef8a7f28b4d70f\/internal_photos\/bs\/2021\/X\/1\/b4If2eQM6NqHcCCX3PGA\/cientistas-brasileiros-entre-os-melhores-00.jpg\" sizes=\"(max-width: 1920px) 648px, 100vw\" srcset=\"https:\/\/s2.glbimg.com\/OjRqAbY-YnyZ2-9_cuEctvsHg3s=\/0x0:463x270\/1000x0\/smart\/filters:strip_icc()\/i.s3.glbimg.com\/v1\/AUTH_7d5b9b5029304d27b7ef8a7f28b4d70f\/internal_photos\/bs\/2021\/X\/1\/b4If2eQM6NqHcCCX3PGA\/cientistas-brasileiros-entre-os-melhores-00.jpg 1000w, https:\/\/s2.glbimg.com\/Uyz3Qb3zaqrYmUc6701yHcviS78=\/0x0:463x270\/984x0\/smart\/filters:strip_icc()\/i.s3.glbimg.com\/v1\/AUTH_7d5b9b5029304d27b7ef8a7f28b4d70f\/internal_photos\/bs\/2021\/X\/1\/b4If2eQM6NqHcCCX3PGA\/cientistas-brasileiros-entre-os-melhores-00.jpg 984w, https:\/\/s2.glbimg.com\/f0biU4dM4MIOdg4SFAvR7aaIFbE=\/0x0:463x270\/640x0\/smart\/filters:strip_icc()\/i.s3.glbimg.com\/v1\/AUTH_7d5b9b5029304d27b7ef8a7f28b4d70f\/internal_photos\/bs\/2021\/X\/1\/b4If2eQM6NqHcCCX3PGA\/cientistas-brasileiros-entre-os-melhores-00.jpg 640w, https:\/\/s2.glbimg.com\/Nv6dNcueOu0JFla8o7wI7EvVbT8=\/0x0:463x270\/600x0\/smart\/filters:strip_icc()\/i.s3.glbimg.com\/v1\/AUTH_7d5b9b5029304d27b7ef8a7f28b4d70f\/internal_photos\/bs\/2021\/X\/1\/b4If2eQM6NqHcCCX3PGA\/cientistas-brasileiros-entre-os-melhores-00.jpg 600w\" alt=\"Paulo Artaxo: combust\u00edveis f\u00f3sseis s\u00e3o causa do aquecimento global e de problemas respirat\u00f3rios, alerta professor. \u2014 Foto: Reprodu\u00e7\u00e3o \/ TV Brasil\" width=\"639\" height=\"373\" \/><\/figure>\n<\/div>\n<p class=\"content-media__description \">Paulo Artaxo: combust\u00edveis f\u00f3sseis s\u00e3o causa do aquecimento global e de problemas respirat\u00f3rios, alerta professor. \u2014 Foto: Reprodu\u00e7\u00e3o \/ TV Brasil<\/p>\n<\/div>\n<\/div>\n<div class=\"mc-column content-text active-extra-styles \" data-block-type=\"unstyled\" data-block-weight=\"35\" data-block-id=\"16\">\n<p class=\"content-text__container \" data-track-category=\"Link no Texto\" data-track-links=\"\"><strong>Um S\u00f3 Planeta: Com isso, o Acordo de Paris, que tem o objetivo de limitar o aumento da temperatura a 1,5\u00baC e evitar que ultrapasse 2\u00baC at\u00e9 o final do s\u00e9culo, j\u00e1 se encontra defasado?<\/strong><\/p>\n<\/div>\n<div class=\"mc-column content-text active-extra-styles \" data-block-type=\"unstyled\" data-block-weight=\"45\" data-block-id=\"17\">\n<p class=\"content-text__container \" data-track-category=\"Link no Texto\" data-track-links=\"\"><strong>Paulo Artaxo:<\/strong>\u00a0O Planeta j\u00e1 se aqueceu, em m\u00e9dia, 1,1\u00baC. Mas isso s\u00f3 conta metade da quest\u00e3o, porque o aquecimento sobre os continentes, onde a nossa estrutura socioecon\u00f4mica est\u00e1 posta, j\u00e1 atingiu 1,6\u00baC. Ent\u00e3o onde nossa sociedade se desenvolveu, j\u00e1 ultrapassamos o limiar de 1,5\u00baC.<\/p>\n<\/div>\n<div class=\"mc-column content-text active-extra-styles \" data-block-type=\"unstyled\" data-block-weight=\"84\" data-block-id=\"18\">\n<p class=\"content-text__container \" data-track-category=\"Link no Texto\" data-track-links=\"\">Mas um ponto importante \u00e9 que os gases de efeito estufa contribu\u00edram com 1,59\u00baC de aquecimento, mas \u2013 e esse &#8220;mas&#8221; \u00e9 muito importante \u2013, as part\u00edculas de aeross\u00f3is atmosf\u00e9ricos [que alteram o balan\u00e7o de energia da Terra ao refletir e espalhar a radia\u00e7\u00e3o solar de volta para o espa\u00e7o, reduzindo a quantidade dessa radia\u00e7\u00e3o que atinge a superf\u00edcie terrestre e, portanto, resfriando-a] est\u00e3o contribuindo com um resfriamento de 0,5\u00baC. Ou seja: n\u00f3s estamos mascarando cerca de um ter\u00e7o do aquecimento que j\u00e1 ocorreu.<\/p>\n<\/div>\n<div class=\"mc-column content-text active-extra-styles \" data-block-type=\"unstyled\" data-block-weight=\"14\" data-block-id=\"19\">\n<p class=\"content-text__container \" data-track-category=\"Link no Texto\" data-track-links=\"\"><strong>Um S\u00f3 Planeta: E que papel t\u00eam esses aeross\u00f3is no aquecimento global j\u00e1 registrado?<\/strong><\/p>\n<\/div>\n<div class=\"mc-column content-text active-extra-styles \" data-block-type=\"unstyled\" data-block-weight=\"86\" data-block-id=\"20\">\n<p class=\"content-text__container \" data-track-category=\"Link no Texto\" data-track-links=\"\"><strong>Paulo Artaxo:<\/strong> Se n\u00f3s eliminarmos a polui\u00e7\u00e3o do ar nas nossas cidades, pararmos de queimar carv\u00e3o e eletrificarmos a frota veicular nas grandes cidades do nosso Planeta, n\u00f3s vamos reduzir, e muito, a emiss\u00e3o de aeross\u00f3is. E, portanto, em um curto espa\u00e7o de tempo, podemos ter 0,5\u00baC de aquecimento adicional que, atualmente, est\u00e1 sendo mascarado pelo resfriamento dos aeross\u00f3is [que t\u00eam um tempo de vida curto na atmosfera, da ordem de dias, se comparados com os gases de efeito estufa, que podem permanecer l\u00e1 por d\u00e9cadas].<\/p>\n<\/div>\n<div class=\"row medium-uncollapsed content-media content-photo\" data-block-type=\"backstage-photo\" data-block-id=\"22\">\n<div class=\"mc-column content-media__container\">\n<div class=\"content-media-container glb-skeleton-box\">\n<figure class=\"content-media-figure\"><img loading=\"lazy\" class=\"i-amphtml-fill-content i-amphtml-replaced-content\" src=\"https:\/\/s2.glbimg.com\/U2g2fXEkezQWW5J904AgBm0j9ns=\/0x0:1198x563\/984x0\/smart\/filters:strip_icc()\/i.s3.glbimg.com\/v1\/AUTH_7d5b9b5029304d27b7ef8a7f28b4d70f\/internal_photos\/bs\/2021\/b\/C\/an11xIQ4uLYkDHt2JqJA\/mapa.jpg\" sizes=\"(max-width: 1920px) 648px, 100vw\" srcset=\"https:\/\/s2.glbimg.com\/UwsjOtuJnRoMqklKc6zxr1emOR8=\/0x0:1198x563\/1000x0\/smart\/filters:strip_icc()\/i.s3.glbimg.com\/v1\/AUTH_7d5b9b5029304d27b7ef8a7f28b4d70f\/internal_photos\/bs\/2021\/b\/C\/an11xIQ4uLYkDHt2JqJA\/mapa.jpg 1000w, https:\/\/s2.glbimg.com\/U2g2fXEkezQWW5J904AgBm0j9ns=\/0x0:1198x563\/984x0\/smart\/filters:strip_icc()\/i.s3.glbimg.com\/v1\/AUTH_7d5b9b5029304d27b7ef8a7f28b4d70f\/internal_photos\/bs\/2021\/b\/C\/an11xIQ4uLYkDHt2JqJA\/mapa.jpg 984w, https:\/\/s2.glbimg.com\/5a0X-eKZCyy0kkDGeQSm5HhmcL0=\/0x0:1198x563\/640x0\/smart\/filters:strip_icc()\/i.s3.glbimg.com\/v1\/AUTH_7d5b9b5029304d27b7ef8a7f28b4d70f\/internal_photos\/bs\/2021\/b\/C\/an11xIQ4uLYkDHt2JqJA\/mapa.jpg 640w, https:\/\/s2.glbimg.com\/b9yaANXIBdXlOeGwClmklSUk4cA=\/0x0:1198x563\/600x0\/smart\/filters:strip_icc()\/i.s3.glbimg.com\/v1\/AUTH_7d5b9b5029304d27b7ef8a7f28b4d70f\/internal_photos\/bs\/2021\/b\/C\/an11xIQ4uLYkDHt2JqJA\/mapa.jpg 600w\" alt=\"Mapa produzido pelo IPCC mostra efeitos previstos para diversas regi\u00f5es do mundo. No Brasil, siglas indicam blocos referentes ao Nordeste da Am\u00e9rica do Sul (NES), Norte da Am\u00e9rica do Sul (NSA), e Sudeste da Am\u00e9rica do Sul (SES) \u2014 Foto: IPCC e Thiago de Jesus \/ Um S\u00f3 Planeta \" width=\"639\" height=\"300\" \/><\/figure>\n<\/div>\n<p class=\"content-media__description \">Mapa produzido pelo IPCC mostra efeitos previstos para diversas regi\u00f5es do mundo. No Brasil, siglas indicam blocos referentes ao Nordeste da Am\u00e9rica do Sul (NES), Norte da Am\u00e9rica do Sul (NSA), e Sudeste da Am\u00e9rica do Sul (SES) \u2014 Foto: IPCC e Thiago de Jesus \/ Um S\u00f3 Planeta<\/p>\n<\/div>\n<\/div>\n<div class=\"mc-column content-text active-extra-styles \" data-block-type=\"unstyled\" data-block-weight=\"40\" data-block-id=\"23\">\n<p class=\"content-text__container \" data-track-category=\"Link no Texto\" data-track-links=\"\"><strong>Um S\u00f3 Planeta: O que temos visto, e com especial incid\u00eancia nesses \u00faltimos meses, \u00e9 assustador. Massivos inc\u00eandios florestais, enchentes muito intensas, secas hist\u00f3ricas, recordes de calor, neve onde esse fen\u00f4meno n\u00e3o era t\u00e3o frequente. S\u00e3o efeitos da crise clim\u00e1tica?<\/strong><\/p>\n<\/div>\n<div class=\"mc-column content-text active-extra-styles \" data-block-type=\"unstyled\" data-block-weight=\"80\" data-block-id=\"24\">\n<p class=\"content-text__container \" data-track-category=\"Link no Texto\" data-track-links=\"\"><strong>Paulo Artaxo<\/strong>: Claramente. Em todo o mundo, a chuva nos continentes aumentou desde 1950, mas algumas regi\u00f5es sofreram significativa redu\u00e7\u00e3o na chuva. O aquecimento que n\u00f3s estamos fazendo atualmente n\u00e3o tem precedentes nos \u00faltimos 2 mil anos. \u00c9 uma mensagem muito importante: n\u00e3o se trata de uma variabilidade clim\u00e1tica natural, que sempre existe. \u00c9 uma mudan\u00e7a dr\u00e1stica no clima que n\u00e3o tem precedentes para o funcionamento dos ecossistemas. E o aquecimento observado \u00e9 provocado por emiss\u00f5es antropog\u00eanicas [causadas pela humanidade].<\/p>\n<\/div>\n<div class=\"mc-column content-text active-extra-styles \" data-block-type=\"unstyled\" data-block-weight=\"36\" data-block-id=\"25\">\n<p class=\"content-text__container \" data-track-category=\"Link no Texto\" data-track-links=\"\"><strong>Um S\u00f3 Planeta: Atualmente, j\u00e1 n\u00e3o se pode mais dizer que as mudan\u00e7as clim\u00e1ticas est\u00e3o distantes de n\u00f3s, atingindo pequenas ilhas remotas pelo mundo. Essa crise j\u00e1 atinge, de fato, a maior parte da popula\u00e7\u00e3o mundial?<\/strong><\/p>\n<\/div>\n<div class=\"mc-column content-text active-extra-styles \" data-block-type=\"unstyled\" data-block-weight=\"70\" data-block-id=\"26\">\n<p class=\"content-text__container \" data-track-category=\"Link no Texto\" data-track-links=\"\"><strong>Paulo Artaxo:\u00a0<\/strong>A mudan\u00e7a clim\u00e1tica j\u00e1 est\u00e1 afetando todas as regi\u00f5es habitadas do Planeta. Estamos observando extremos de calor em praticamente todas as regi\u00f5es do mundo, e a mudan\u00e7a no n\u00famero de extremos de chuva pesada est\u00e1 acontecendo significativamente na Europa, na \u00c1sia e no sudeste da Am\u00e9rica do Sul. As mudan\u00e7as clim\u00e1ticas chegaram e atingiram todo o Planeta. N\u00e3o h\u00e1 canto no Planeta onde isso n\u00e3o seja sentido hoje.<\/p>\n<\/div>\n<div class=\"mc-column content-text active-extra-styles \" data-block-type=\"unstyled\" data-block-weight=\"17\" data-block-id=\"28\">\n<p class=\"content-text__container \" data-track-category=\"Link no Texto\" data-track-links=\"\"><strong>Um S\u00f3 Planeta: De que maneira os cen\u00e1rios previstos pelo relat\u00f3rio do IPCC podem afetar o Brasil?<\/strong><\/p>\n<\/div>\n<div class=\"mc-column content-text active-extra-styles \" data-block-type=\"unstyled\" data-block-weight=\"79\" data-block-id=\"29\">\n<p class=\"content-text__container \" data-track-category=\"Link no Texto\" data-track-links=\"\"><strong>Paulo Artaxo:<\/strong>\u00a0Espera-se, em um cen\u00e1rio m\u00e9dio, o aumento de temperatura no Brasil de 3\u00baC a 4\u00baC em regi\u00f5es significativas. Obviamente, isso traz impactos muito importantes, inclusive para a economia brasileira. Todos os cen\u00e1rios do IPCC colocam que o pa\u00eds vai se tornar, principalmente no Brasil central e na parte leste da Amaz\u00f4nia, uma regi\u00e3o mais seca, com redu\u00e7\u00e3o de 10% a 20% na precipita\u00e7\u00e3o. Ent\u00e3o \u00e9 uma redu\u00e7\u00e3o importante, com impactos como, por exemplo, na umidade do solo.<\/p>\n<\/div>\n<div class=\"row medium-uncollapsed content-media content-photo\" data-block-type=\"backstage-photo\" data-block-id=\"30\">\n<div class=\"mc-column content-media__container\">\n<div class=\"content-media-container glb-skeleton-box\">\n<figure class=\"content-media-figure\"><img loading=\"lazy\" class=\"i-amphtml-fill-content i-amphtml-replaced-content\" src=\"https:\/\/s2.glbimg.com\/bO6lTyp8XMI6vOS2KGSmssanMEE=\/0x0:1529x962\/984x0\/smart\/filters:strip_icc()\/i.s3.glbimg.com\/v1\/AUTH_7d5b9b5029304d27b7ef8a7f28b4d70f\/internal_photos\/bs\/2021\/H\/V\/FRqc7ASliT9N0nPAXa9A\/grafico-ipcc.jpg\" sizes=\"(max-width: 1920px) 648px, 100vw\" srcset=\"https:\/\/s2.glbimg.com\/6croWA7uLf06t1q_h0w-xlSSpsY=\/0x0:1529x962\/1000x0\/smart\/filters:strip_icc()\/i.s3.glbimg.com\/v1\/AUTH_7d5b9b5029304d27b7ef8a7f28b4d70f\/internal_photos\/bs\/2021\/H\/V\/FRqc7ASliT9N0nPAXa9A\/grafico-ipcc.jpg 1000w, https:\/\/s2.glbimg.com\/bO6lTyp8XMI6vOS2KGSmssanMEE=\/0x0:1529x962\/984x0\/smart\/filters:strip_icc()\/i.s3.glbimg.com\/v1\/AUTH_7d5b9b5029304d27b7ef8a7f28b4d70f\/internal_photos\/bs\/2021\/H\/V\/FRqc7ASliT9N0nPAXa9A\/grafico-ipcc.jpg 984w, https:\/\/s2.glbimg.com\/aA8ttg05U9G5f8YbY4Fnr9QDWkk=\/0x0:1529x962\/640x0\/smart\/filters:strip_icc()\/i.s3.glbimg.com\/v1\/AUTH_7d5b9b5029304d27b7ef8a7f28b4d70f\/internal_photos\/bs\/2021\/H\/V\/FRqc7ASliT9N0nPAXa9A\/grafico-ipcc.jpg 640w, https:\/\/s2.glbimg.com\/Va7ytS0mp4_7nZ1lTPTEzPo5INI=\/0x0:1529x962\/600x0\/smart\/filters:strip_icc()\/i.s3.glbimg.com\/v1\/AUTH_7d5b9b5029304d27b7ef8a7f28b4d70f\/internal_photos\/bs\/2021\/H\/V\/FRqc7ASliT9N0nPAXa9A\/grafico-ipcc.jpg 600w\" alt=\"IPCC: Ssem mudan\u00e7as dr\u00e1sticas, aquecimento global pode ultrapassar 4\u00baC neste s\u00e9culo, com uma s\u00e9rie de mudan\u00e7as em diferentes n\u00edveis. \u2014 Foto: IPCC e Thiago de Jesus \/ Um S\u00f3 Planeta \" width=\"637\" height=\"401\" \/><\/figure>\n<\/div>\n<p class=\"content-media__description \">IPCC: Ssem mudan\u00e7as dr\u00e1sticas, aquecimento global pode ultrapassar 4\u00baC neste s\u00e9culo, com uma s\u00e9rie de mudan\u00e7as em diferentes n\u00edveis. \u2014 Foto: IPCC e Thiago de Jesus \/ Um S\u00f3 Planeta<\/p>\n<\/div>\n<\/div>\n<div class=\"mc-column content-text active-extra-styles \" data-block-type=\"unstyled\" data-block-weight=\"12\" data-block-id=\"31\">\n<p class=\"content-text__container \" data-track-category=\"Link no Texto\" data-track-links=\"\"><strong>Um S\u00f3 Planeta: E quais os efeitos para a Amaz\u00f4nia, em espec\u00edfico?<\/strong><\/p>\n<\/div>\n<div class=\"mc-column content-text active-extra-styles \" data-block-type=\"unstyled\" data-block-weight=\"58\" data-block-id=\"32\">\n<p class=\"content-text__container \" data-track-category=\"Link no Texto\" data-track-links=\"\"><strong>Paulo Artaxo<\/strong>: A Amaz\u00f4nia pode come\u00e7ar a perder cerca de 1kg de\u00a0<a href=\"https:\/\/umsoplaneta.globo.com\/clima\/noticia\/2021\/06\/04\/carbono-o-que-e-sua-funcao-e-importancia.ghtml\"><strong>carbono<\/strong><\/a>\u00a0por m\u00b2 para cada grau adicional de aquecimento. Portanto, dentro dessas proje\u00e7\u00f5es, a Amaz\u00f4nia pode come\u00e7ar a perder carbono para a atmosfera, de acordo com os modelos. E trabalhos recentes tamb\u00e9m indicam que a\u00a0Amaz\u00f4nia est\u00e1 come\u00e7ando a perder carbono e realimentando o aquecimento global.<\/p>\n<\/div>\n<div class=\"mc-column content-text active-extra-styles \" data-block-type=\"unstyled\" data-block-weight=\"10\" data-block-id=\"33\">\n<p class=\"content-text__container \" data-track-category=\"Link no Texto\" data-track-links=\"\"><strong>Um S\u00f3 Planeta: Ainda h\u00e1 tempo de evitar o pior?<br \/>\n<\/strong><\/p>\n<\/div>\n<div class=\"mc-column content-text active-extra-styles \" data-block-type=\"unstyled\" data-block-weight=\"45\" data-block-id=\"34\">\n<p class=\"content-text__container \" data-track-category=\"Link no Texto\" data-track-links=\"\"><strong>Paulo Artaxo<\/strong>: Algumas mudan\u00e7as clim\u00e1ticas j\u00e1 s\u00e3o irrevers\u00edveis. No entanto, algumas mudan\u00e7as podem ser retardadas e outras podem ser interrompidas se limitarmos as emiss\u00f5es. Ent\u00e3o \u00e9 um chamado aos tomadores de decis\u00e3o para implementar pol\u00edticas p\u00fablicas de redu\u00e7\u00e3o de emiss\u00e3o de gases do efeito estufa.<\/p>\n<\/div>\n<div class=\"content-ads content-ads--reveal\" data-block-type=\"ads\" data-block-id=\"35\"><\/div>\n<div class=\"mc-column content-text active-extra-styles \" data-block-type=\"unstyled\" data-block-weight=\"50\" data-block-id=\"36\">\n<p class=\"content-text__container \" data-track-category=\"Link no Texto\" data-track-links=\"\">Para limitar o aquecimento global, s\u00e3o necess\u00e1rias redu\u00e7\u00f5es fortes, r\u00e1pidas e sustentadas de CO2, metano e outros gases de efeito estufa. Isso n\u00e3o s\u00f3 reduziria as consequ\u00eancias das mudan\u00e7as clim\u00e1ticas, mas tamb\u00e9m melhoraria a polui\u00e7\u00e3o do ar nas cidades e traria benef\u00edcios enormes para todos os ecossistemas do nosso Planeta.<\/p>\n<\/div>\n<\/div>\n<\/article>\n<\/div>\n<p>&nbsp;<\/p>\n<p>Fonte: <a href=\"https:\/\/umsoplaneta.globo.com\/clima\/noticia\/2021\/08\/25\/somos-responsaveis-por-mudancas-drasticas-no-clima-que-nao-tem-precedentes-diz-fisico-paulo-artaxo.ghtml\" target=\"_blank\" rel=\"noopener\">Um S\u00f3 Planeta &#8211; Por Guilherme Justino<\/a><\/p>\n","protected":false},"excerpt":{"rendered":"<p>Membro do IPCC e autoridade em aquecimento global, professor do Instituto de F\u00edsica da Universidade<\/p>\n","protected":false},"author":1,"featured_media":152559,"comment_status":"closed","ping_status":"open","sticky":false,"template":"","format":"standard","meta":[],"categories":[3],"tags":[],"uagb_featured_image_src":{"full":["https:\/\/espacoecologico.com.br\/arquivo\/wp-content\/uploads\/2021\/09\/cientistas-brasileiros-entre-os-melhores-05.jpg",924,558,false],"thumbnail":["https:\/\/espacoecologico.com.br\/arquivo\/wp-content\/uploads\/2021\/09\/cientistas-brasileiros-entre-os-melhores-05-150x150.jpg",150,150,true],"medium":["https:\/\/espacoecologico.com.br\/arquivo\/wp-content\/uploads\/2021\/09\/cientistas-brasileiros-entre-os-melhores-05-300x181.jpg",300,181,true],"medium_large":["https:\/\/espacoecologico.com.br\/arquivo\/wp-content\/uploads\/2021\/09\/cientistas-brasileiros-entre-os-melhores-05-768x464.jpg",640,387,true],"large":["https:\/\/espacoecologico.com.br\/arquivo\/wp-content\/uploads\/2021\/09\/cientistas-brasileiros-entre-os-melhores-05.jpg",640,386,false],"1536x1536":["https:\/\/espacoecologico.com.br\/arquivo\/wp-content\/uploads\/2021\/09\/cientistas-brasileiros-entre-os-melhores-05.jpg",924,558,false],"2048x2048":["https:\/\/espacoecologico.com.br\/arquivo\/wp-content\/uploads\/2021\/09\/cientistas-brasileiros-entre-os-melhores-05.jpg",924,558,false],"cream-magazine-thumbnail-2":["https:\/\/espacoecologico.com.br\/arquivo\/wp-content\/uploads\/2021\/09\/cientistas-brasileiros-entre-os-melhores-05-800x450.jpg",800,450,true],"cream-magazine-thumbnail-3":["https:\/\/espacoecologico.com.br\/arquivo\/wp-content\/uploads\/2021\/09\/cientistas-brasileiros-entre-os-melhores-05-720x540.jpg",720,540,true],"cream-magazine-thumbnail-4":["https:\/\/espacoecologico.com.br\/arquivo\/wp-content\/uploads\/2021\/09\/cientistas-brasileiros-entre-os-melhores-05-450x558.jpg",450,558,true]},"uagb_author_info":{"display_name":"sabrina","author_link":"https:\/\/espacoecologico.com.br\/arquivo\/author\/sabrina\/"},"uagb_comment_info":0,"uagb_excerpt":"Membro do IPCC e autoridade em aquecimento global, professor do Instituto de F\u00edsica da Universidade","_links":{"self":[{"href":"https:\/\/espacoecologico.com.br\/arquivo\/wp-json\/wp\/v2\/posts\/152558"}],"collection":[{"href":"https:\/\/espacoecologico.com.br\/arquivo\/wp-json\/wp\/v2\/posts"}],"about":[{"href":"https:\/\/espacoecologico.com.br\/arquivo\/wp-json\/wp\/v2\/types\/post"}],"author":[{"embeddable":true,"href":"https:\/\/espacoecologico.com.br\/arquivo\/wp-json\/wp\/v2\/users\/1"}],"replies":[{"embeddable":true,"href":"https:\/\/espacoecologico.com.br\/arquivo\/wp-json\/wp\/v2\/comments?post=152558"}],"version-history":[{"count":1,"href":"https:\/\/espacoecologico.com.br\/arquivo\/wp-json\/wp\/v2\/posts\/152558\/revisions"}],"predecessor-version":[{"id":152560,"href":"https:\/\/espacoecologico.com.br\/arquivo\/wp-json\/wp\/v2\/posts\/152558\/revisions\/152560"}],"wp:featuredmedia":[{"embeddable":true,"href":"https:\/\/espacoecologico.com.br\/arquivo\/wp-json\/wp\/v2\/media\/152559"}],"wp:attachment":[{"href":"https:\/\/espacoecologico.com.br\/arquivo\/wp-json\/wp\/v2\/media?parent=152558"}],"wp:term":[{"taxonomy":"category","embeddable":true,"href":"https:\/\/espacoecologico.com.br\/arquivo\/wp-json\/wp\/v2\/categories?post=152558"},{"taxonomy":"post_tag","embeddable":true,"href":"https:\/\/espacoecologico.com.br\/arquivo\/wp-json\/wp\/v2\/tags?post=152558"}],"curies":[{"name":"wp","href":"https:\/\/api.w.org\/{rel}","templated":true}]}}