{"id":152555,"date":"2021-08-29T15:06:13","date_gmt":"2021-08-29T18:06:13","guid":{"rendered":"https:\/\/espacoecologico.com.br\/arquivo\/?p=152555"},"modified":"2021-09-03T15:54:33","modified_gmt":"2021-09-03T18:54:33","slug":"rede-de-supermercados-transforma-lixo-organico-em-efluente-para-reduzir-custos-e-co2","status":"publish","type":"post","link":"https:\/\/espacoecologico.com.br\/arquivo\/rede-de-supermercados-transforma-lixo-organico-em-efluente-para-reduzir-custos-e-co2\/","title":{"rendered":"Rede de supermercados transforma lixo org\u00e2nico em &#8220;efluente&#8221; para reduzir custos e CO2"},"content":{"rendered":"<h2 class=\"content-head__subtitle\"><a href=\"https:\/\/espacoecologiconoar.com.br\/rede-de-supermercados-transforma-lixo-organico-em-efluente-para-reduzir-custos-e-co2\/alimentos-211\/\" rel=\"attachment wp-att-152513\"><img loading=\"lazy\" class=\"alignleft size-medium wp-image-152513\" src=\"http:\/\/espacoecologiconoar.com.br\/wp-content\/uploads\/2021\/08\/alimentos-2-300x192.jpg\" alt=\"\" width=\"300\" height=\"192\" \/><\/a>Recentemente adquirida pelo grupo Carrefour, rede Big inaugura biodigestor que ajuda a reduzir envio de res\u00edduos org\u00e2nicos para os aterros sanit\u00e1rios e, por tabela, a pegada de carbono do neg\u00f3cio<\/h2>\n<div class=\"mc-column content-text active-extra-styles active-capital-letter\" data-block-type=\"unstyled\" data-block-weight=\"36\" data-block-id=\"2\">\n<p class=\"content-text__container theme-color-primary-first-letter\" data-track-category=\"Link no Texto\" data-track-links=\"\">Comprada em maio pelo grupo franc\u00eas Carrefour, a\u00a0<strong>rede de supermercados BIG<\/strong>\u00a0inaugurou neste m\u00eas um projeto piloto na loja de Osasco, em S\u00e3o Paulo, para otimizar o processamento do lixo org\u00e2nico gerado no espa\u00e7o.<\/p>\n<\/div>\n<div class=\"wall protected-content\">\n<div class=\"mc-column content-text active-extra-styles \" data-block-type=\"unstyled\" data-block-weight=\"35\" data-block-id=\"3\">\n<p class=\"content-text__container \" data-track-category=\"Link no Texto\" data-track-links=\"\">Agora, produtos vencidos da ala de padaria, carne, ovos, massas, frutas, legumes e verduras entre outros perec\u00edveis s\u00e3o transformados por uma m\u00e1quina biodigestora em efluentes que podem ser enviados diretamente para a rede de esgoto.<\/p>\n<\/div>\n<div class=\"mc-column content-text active-extra-styles \" data-block-type=\"unstyled\" data-block-weight=\"32\" data-block-id=\"4\">\n<p class=\"content-text__container \" data-track-category=\"Link no Texto\" data-track-links=\"\">Com a solu\u00e7\u00e3o, a rede economiza nos custos de envio dos res\u00edduos aos aterros sanit\u00e1rios e tamb\u00e9m reduz sua\u00a0<a href=\"https:\/\/umsoplaneta.globo.com\/clima\/noticia\/2021\/04\/04\/o-que-e-a-pegada-de-carbono.ghtml\"><strong>pegada de carbono<\/strong><\/a><strong>\u00a0<\/strong>ao<strong>\u00a0<\/strong>diminuir o n\u00famero de viagens para transporte do lixo.<\/p>\n<\/div>\n<div class=\"mc-column content-text active-extra-styles \" data-block-type=\"unstyled\" data-block-weight=\"33\" data-block-id=\"5\">\n<p class=\"content-text__container \" data-track-category=\"Link no Texto\" data-track-links=\"\">Pelos c\u00e1lculos da empresa, no decorrer de um ano, o processamento de res\u00edduos pode evitar a emiss\u00e3o de 571 toneladas de CO2 na atmosfera ou o equivalente ao plantio de 9.518 \u00e1rvores.<\/p>\n<\/div>\n<div class=\"mc-column content-text active-extra-styles \" data-block-type=\"unstyled\" data-block-weight=\"41\" data-block-id=\"7\">\n<p class=\"content-text__container \" data-track-category=\"Link no Texto\" data-track-links=\"\">O equipamento foi desenvolvido pela empresa de biotecnologia Bioconverter, que come\u00e7ou a operar em meio \u00e0 pandemia de Covid-19 no Brasil. Ele \u00e9 capaz de &#8220;digerir&#8221; at\u00e9 uma tonelada de res\u00edduos org\u00e2nicos por dia com ajuda de um mix de bact\u00e9rias.<\/p>\n<\/div>\n<div class=\"mc-column content-text active-extra-styles \" data-block-type=\"unstyled\" data-block-weight=\"36\" data-block-id=\"8\">\n<p class=\"content-text__container \" data-track-category=\"Link no Texto\" data-track-links=\"\">Est\u00e1 prevista a implanta\u00e7\u00e3o do sistema em mais 21 unidades at\u00e9 o final de outubro. Al\u00e9m dos hipermercados BIG e BIG Bompre\u00e7o, al\u00e9m das lojas Maxxi Atacado e Sam\u2019s Club das regi\u00f5es Sudeste, Nordeste e Sul.<\/p>\n<\/div>\n<div class=\"mc-column content-text active-extra-styles \" data-block-type=\"unstyled\" data-block-weight=\"30\" data-block-id=\"10\">\n<p class=\"content-text__container \" data-track-category=\"Link no Texto\" data-track-links=\"\">A rede de supermercado diz que tamb\u00e9m possui iniciativas para reduzir a perda de alimentos, mas explicou que n\u00e3o detalha as medidas adotadas por se tratar de tema &#8220;estrat\u00e9gico&#8221;.<\/p>\n<\/div>\n<\/div>\n<p>Fonte: <a href=\"https:\/\/umsoplaneta.globo.com\/financas\/negocios\/noticia\/2021\/08\/29\/rede-de-supermercados-transforma-lixo-organico-em-efluente-para-reduzir-custos-e-co2.ghtml\" target=\"_blank\" rel=\"noopener\">Um S\u00f3 Planeta<\/a><\/p>\n","protected":false},"excerpt":{"rendered":"<p>Recentemente adquirida pelo grupo Carrefour, rede Big inaugura biodigestor que ajuda a reduzir envio de<\/p>\n","protected":false},"author":1,"featured_media":152556,"comment_status":"closed","ping_status":"open","sticky":false,"template":"","format":"standard","meta":[],"categories":[3],"tags":[],"uagb_featured_image_src":{"full":["https:\/\/espacoecologico.com.br\/arquivo\/wp-content\/uploads\/2021\/09\/alimentos-2-300x192-1.jpg",300,192,false],"thumbnail":["https:\/\/espacoecologico.com.br\/arquivo\/wp-content\/uploads\/2021\/09\/alimentos-2-300x192-1-150x150.jpg",150,150,true],"medium":["https:\/\/espacoecologico.com.br\/arquivo\/wp-content\/uploads\/2021\/09\/alimentos-2-300x192-1.jpg",300,192,false],"medium_large":["https:\/\/espacoecologico.com.br\/arquivo\/wp-content\/uploads\/2021\/09\/alimentos-2-300x192-1.jpg",300,192,false],"large":["https:\/\/espacoecologico.com.br\/arquivo\/wp-content\/uploads\/2021\/09\/alimentos-2-300x192-1.jpg",300,192,false],"1536x1536":["https:\/\/espacoecologico.com.br\/arquivo\/wp-content\/uploads\/2021\/09\/alimentos-2-300x192-1.jpg",300,192,false],"2048x2048":["https:\/\/espacoecologico.com.br\/arquivo\/wp-content\/uploads\/2021\/09\/alimentos-2-300x192-1.jpg",300,192,false],"cream-magazine-thumbnail-2":["https:\/\/espacoecologico.com.br\/arquivo\/wp-content\/uploads\/2021\/09\/alimentos-2-300x192-1.jpg",300,192,false],"cream-magazine-thumbnail-3":["https:\/\/espacoecologico.com.br\/arquivo\/wp-content\/uploads\/2021\/09\/alimentos-2-300x192-1.jpg",300,192,false],"cream-magazine-thumbnail-4":["https:\/\/espacoecologico.com.br\/arquivo\/wp-content\/uploads\/2021\/09\/alimentos-2-300x192-1.jpg",300,192,false]},"uagb_author_info":{"display_name":"sabrina","author_link":"https:\/\/espacoecologico.com.br\/arquivo\/author\/sabrina\/"},"uagb_comment_info":0,"uagb_excerpt":"Recentemente adquirida pelo grupo Carrefour, rede Big inaugura biodigestor que ajuda a reduzir envio de","_links":{"self":[{"href":"https:\/\/espacoecologico.com.br\/arquivo\/wp-json\/wp\/v2\/posts\/152555"}],"collection":[{"href":"https:\/\/espacoecologico.com.br\/arquivo\/wp-json\/wp\/v2\/posts"}],"about":[{"href":"https:\/\/espacoecologico.com.br\/arquivo\/wp-json\/wp\/v2\/types\/post"}],"author":[{"embeddable":true,"href":"https:\/\/espacoecologico.com.br\/arquivo\/wp-json\/wp\/v2\/users\/1"}],"replies":[{"embeddable":true,"href":"https:\/\/espacoecologico.com.br\/arquivo\/wp-json\/wp\/v2\/comments?post=152555"}],"version-history":[{"count":1,"href":"https:\/\/espacoecologico.com.br\/arquivo\/wp-json\/wp\/v2\/posts\/152555\/revisions"}],"predecessor-version":[{"id":152557,"href":"https:\/\/espacoecologico.com.br\/arquivo\/wp-json\/wp\/v2\/posts\/152555\/revisions\/152557"}],"wp:featuredmedia":[{"embeddable":true,"href":"https:\/\/espacoecologico.com.br\/arquivo\/wp-json\/wp\/v2\/media\/152556"}],"wp:attachment":[{"href":"https:\/\/espacoecologico.com.br\/arquivo\/wp-json\/wp\/v2\/media?parent=152555"}],"wp:term":[{"taxonomy":"category","embeddable":true,"href":"https:\/\/espacoecologico.com.br\/arquivo\/wp-json\/wp\/v2\/categories?post=152555"},{"taxonomy":"post_tag","embeddable":true,"href":"https:\/\/espacoecologico.com.br\/arquivo\/wp-json\/wp\/v2\/tags?post=152555"}],"curies":[{"name":"wp","href":"https:\/\/api.w.org\/{rel}","templated":true}]}}