{"id":152552,"date":"2021-08-29T15:04:08","date_gmt":"2021-08-29T18:04:08","guid":{"rendered":"https:\/\/espacoecologico.com.br\/arquivo\/?p=152552"},"modified":"2021-09-03T15:54:33","modified_gmt":"2021-09-03T18:54:33","slug":"em-experimento-inedito-chile-realiza-show-so-para-vacinados","status":"publish","type":"post","link":"https:\/\/espacoecologico.com.br\/arquivo\/em-experimento-inedito-chile-realiza-show-so-para-vacinados\/","title":{"rendered":"Em experimento in\u00e9dito, Chile realiza show s\u00f3 para vacinados"},"content":{"rendered":"<p class=\"intro\"><a href=\"https:\/\/espacoecologiconoar.com.br\/em-experimento-inedito-chile-realiza-show-so-para-vacinados\/festa-2\/\" rel=\"attachment wp-att-152509\"><img loading=\"lazy\" class=\"alignleft size-medium wp-image-152509\" src=\"http:\/\/espacoecologiconoar.com.br\/wp-content\/uploads\/2021\/08\/festa-300x192.jpg\" alt=\"\" width=\"300\" height=\"192\" \/><\/a>Para participar, os volunt\u00e1rios tiveram que apresentar comprovante de vacina\u00e7\u00e3o, usar m\u00e1scaras e submeter-se a testes de PCR antes e depois do evento.<\/p>\n<div id=\"sharing-bar\" class=\"min\">\n<p>Chilenos devidamente vacinados compareceram a um show em Santiago na noite da \u00faltima quinta-feira (26\/08), como parte de um experimento cient\u00edfico que visa a analisar a viabilidade da realiza\u00e7\u00e3o de eventos de massa em tempos de pandemia de covid-19.<\/p>\n<p>O objetivo dos pesquisadores \u00e9 avaliar os riscos de cont\u00e1gio em tais eventos e tentar assim recuperar a ind\u00fastria cultural do pa\u00eds ap\u00f3s uma paraliza\u00e7\u00e3o de 17 meses do setor.<\/p>\n<p>&#8220;Aqui todos os fatores s\u00e3o absolutamente controlados. \u00c9 um ensaio cl\u00ednico com r\u00edgidos protocolos de sa\u00fade e um posterior acompanhamento dos participantes&#8221;, disse \u00e0 ag\u00eancia EFE o imunologista respons\u00e1vel pelo estudo, Alejandro Afani.<\/p>\n<p>&#8220;Esperamos obter assim dados que nos permitam desenhar um protocolo que sirva para reativar a atividade musical e art\u00edstica do pa\u00eds,&#8221; completou.<\/p>\n<h2>R\u00edgido protocolo de controle<\/h2>\n<p>Para participar, os volunt\u00e1rios tiveram que apresentar comprovante de vacina\u00e7\u00e3o, usar m\u00e1scaras e submeter-se a testes de PCR antes do evento \u2013 al\u00e9m de um novo teste que dever\u00e1 ser realizado oito dias depois. Os resultados preliminares ser\u00e3o divulgados em setembro.<\/p>\n<p>O experimento tamb\u00e9m prev\u00ea a tomada de temperatura de todos os participantes, incluindo equipe t\u00e9cnica, higieniza\u00e7\u00e3o das m\u00e3os, troca da m\u00e1scara e apresenta\u00e7\u00e3o do passe de mobilidade \u2013 documento entregue pelas autoridades sanit\u00e1rias que credenciam a vacina\u00e7\u00e3o completa.<\/p>\n<div class=\"picBox full rechts \">\n<p><a class=\"overlayLink init\" href=\"https:\/\/www.dw.com\/pt-br\/em-experimento-in%C3%A9dito-chile-realiza-show-s%C3%B3-para-vacinados\/a-59007871#\" rel=\"nofollow\"><img loading=\"lazy\" class=\"\" title=\"Chilenos vacinados assistem \u00e0 apresenta\u00e7\u00e3o da banda Chancho en Piedra em Santiago, Chile, em 26 de agosto de 2021, como parte de um estudo do Hospital Clinico da Universidade do Chile sobre a pandemia de coronav\u00edrus.\" src=\"https:\/\/static.dw.com\/image\/59005992_401.jpg\" alt=\"Chilenos vacinados assistem \u00e0 apresenta\u00e7\u00e3o da banda Chancho en Piedra em Santiago, Chile, em 26 de agosto de 2021, como parte de um estudo do Hospital Clinico da Universidade do Chile sobre a pandemia de coronav\u00edrus.\" width=\"640\" height=\"360\" \/><\/a>P\u00fablico teve que permanecer de m\u00e1scara durante o show<\/p>\n<\/div>\n<p>Batizado de &#8220;A M\u00fasica Ensaia&#8221;, o projeto partiu da Sociedade Chilena de Autores e Int\u00e9rpretes Musicais (SCD) e o Hospital das Cl\u00ednicas da Universidade do Chile.<\/p>\n<p>A \u00e1rea art\u00edstica tem sido uma das mais atingidas pelos longos confinamentos decretados em decorr\u00eancia da pandemia de covid-19 \u2013 at\u00e9 2020, cerca de 80% de suas atividades haviam sido interrompidas.<\/p>\n<h2>Ensaio cl\u00ednico em tr\u00eas etapas<\/h2>\n<p>O concerto de quinta-feira foi apenas o primeiro de uma s\u00e9rie de tr\u00eas shows da banda local Chanchoen Piedra previstos para os pr\u00f3ximos tr\u00eas meses. Para cada um deles, foram disponibilizados 200 assentos em um local cuidadosamente ventilado na capital.<\/p>\n<p>Eduardo Ibeas, vocalista da banda, disse esperar que os participantes levem outras medidas de prote\u00e7\u00e3o a s\u00e9rio. &#8220;Queremos que isso tenha um resultado positivo, para que para que os shows ao vivo possam recome\u00e7ar o mais r\u00e1pido poss\u00edvel&#8221;, disse em entrevista \u00e0 ag\u00eancia Reuters.<\/p>\n<p>Embora a melhora dos \u00edndices sanit\u00e1rios no pa\u00eds tenha permitido a realiza\u00e7\u00e3o de concertos limitados nas \u00faltimas semanas, o novo estudo \u00e9 o primeiro a se dedicar \u00e0 coleta de dados epidemiol\u00f3gicos concretos que propiciem a reativa\u00e7\u00e3o do setor.<\/p>\n<h2>Outros estudos pelo mundo<\/h2>\n<p>Estudos semelhantes j\u00e1 foram realizados em shows de rock com p\u00fablicos de milhares de pessoas em\u00a0<a href=\"https:\/\/www.dw.com\/pt-br\/show-em-barcelona-traz-esperan%C3%A7a-para-m%C3%BAsica-p%C3%B3s-pandemia\/a-57033816\">Barcelona<\/a>\u00a0e\u00a0<a href=\"https:\/\/www.dw.com\/pt-br\/sem-m%C3%A1scara-e-distanciamento-rave-re%C3%BAne-3-mil-em-liverpool\/a-57398777\">Liverpool<\/a>, revelando uma taxa de cont\u00e1gio relativamente baixa \u2013 ainda que no caso de Liverpool, menos da metade dos participantes tenha voltado para se submeter ao teste p\u00f3s-concerto.<\/p>\n<p>A diferen\u00e7a do experimento chileno, por\u00e9m, \u00e9 que ele contempla apenas pessoas vacinadas \u2013 algo favorecido pelo fato de o pa\u00eds sul-americano ostentar uma das maiores taxas de vacina\u00e7\u00e3o do mundo, com 70% de sua popula\u00e7\u00e3o de 19 milh\u00f5es de habitantes completamente imunizada.<\/p>\n<p>At\u00e9 o momento, o Chile j\u00e1 registrou 1,6 milh\u00e3o de pessoas infectadas com o Sars-Cov-2, e mais de 45 mil \u00f3bitos, considerando casos confirmados e suspeitos, de acordo com o Departamento de Estat\u00edstica e Informa\u00e7\u00e3o do Minist\u00e9rio da Sa\u00fade do pa\u00eds.<\/p>\n<p>ip (Reuters, AFP, Efe<\/p>\n<\/div>\n<p>&nbsp;<\/p>\n<p>Fonte: <a href=\"https:\/\/www.dw.com\/pt-br\/em-experimento-in%C3%A9dito-chile-realiza-show-s%C3%B3-para-vacinados\/a-59007871\" target=\"_blank\" rel=\"noopener\">Deutsche Welle<\/a><\/p>\n","protected":false},"excerpt":{"rendered":"<p>Para participar, os volunt\u00e1rios tiveram que apresentar comprovante de vacina\u00e7\u00e3o, usar m\u00e1scaras e submeter-se a<\/p>\n","protected":false},"author":1,"featured_media":152553,"comment_status":"closed","ping_status":"open","sticky":false,"template":"","format":"standard","meta":[],"categories":[3],"tags":[],"uagb_featured_image_src":{"full":["https:\/\/espacoecologico.com.br\/arquivo\/wp-content\/uploads\/2021\/09\/festa-300x192-1.jpg",300,192,false],"thumbnail":["https:\/\/espacoecologico.com.br\/arquivo\/wp-content\/uploads\/2021\/09\/festa-300x192-1-150x150.jpg",150,150,true],"medium":["https:\/\/espacoecologico.com.br\/arquivo\/wp-content\/uploads\/2021\/09\/festa-300x192-1.jpg",300,192,false],"medium_large":["https:\/\/espacoecologico.com.br\/arquivo\/wp-content\/uploads\/2021\/09\/festa-300x192-1.jpg",300,192,false],"large":["https:\/\/espacoecologico.com.br\/arquivo\/wp-content\/uploads\/2021\/09\/festa-300x192-1.jpg",300,192,false],"1536x1536":["https:\/\/espacoecologico.com.br\/arquivo\/wp-content\/uploads\/2021\/09\/festa-300x192-1.jpg",300,192,false],"2048x2048":["https:\/\/espacoecologico.com.br\/arquivo\/wp-content\/uploads\/2021\/09\/festa-300x192-1.jpg",300,192,false],"cream-magazine-thumbnail-2":["https:\/\/espacoecologico.com.br\/arquivo\/wp-content\/uploads\/2021\/09\/festa-300x192-1.jpg",300,192,false],"cream-magazine-thumbnail-3":["https:\/\/espacoecologico.com.br\/arquivo\/wp-content\/uploads\/2021\/09\/festa-300x192-1.jpg",300,192,false],"cream-magazine-thumbnail-4":["https:\/\/espacoecologico.com.br\/arquivo\/wp-content\/uploads\/2021\/09\/festa-300x192-1.jpg",300,192,false]},"uagb_author_info":{"display_name":"sabrina","author_link":"https:\/\/espacoecologico.com.br\/arquivo\/author\/sabrina\/"},"uagb_comment_info":0,"uagb_excerpt":"Para participar, os volunt\u00e1rios tiveram que apresentar comprovante de vacina\u00e7\u00e3o, usar m\u00e1scaras e submeter-se a","_links":{"self":[{"href":"https:\/\/espacoecologico.com.br\/arquivo\/wp-json\/wp\/v2\/posts\/152552"}],"collection":[{"href":"https:\/\/espacoecologico.com.br\/arquivo\/wp-json\/wp\/v2\/posts"}],"about":[{"href":"https:\/\/espacoecologico.com.br\/arquivo\/wp-json\/wp\/v2\/types\/post"}],"author":[{"embeddable":true,"href":"https:\/\/espacoecologico.com.br\/arquivo\/wp-json\/wp\/v2\/users\/1"}],"replies":[{"embeddable":true,"href":"https:\/\/espacoecologico.com.br\/arquivo\/wp-json\/wp\/v2\/comments?post=152552"}],"version-history":[{"count":1,"href":"https:\/\/espacoecologico.com.br\/arquivo\/wp-json\/wp\/v2\/posts\/152552\/revisions"}],"predecessor-version":[{"id":152554,"href":"https:\/\/espacoecologico.com.br\/arquivo\/wp-json\/wp\/v2\/posts\/152552\/revisions\/152554"}],"wp:featuredmedia":[{"embeddable":true,"href":"https:\/\/espacoecologico.com.br\/arquivo\/wp-json\/wp\/v2\/media\/152553"}],"wp:attachment":[{"href":"https:\/\/espacoecologico.com.br\/arquivo\/wp-json\/wp\/v2\/media?parent=152552"}],"wp:term":[{"taxonomy":"category","embeddable":true,"href":"https:\/\/espacoecologico.com.br\/arquivo\/wp-json\/wp\/v2\/categories?post=152552"},{"taxonomy":"post_tag","embeddable":true,"href":"https:\/\/espacoecologico.com.br\/arquivo\/wp-json\/wp\/v2\/tags?post=152552"}],"curies":[{"name":"wp","href":"https:\/\/api.w.org\/{rel}","templated":true}]}}