{"id":152546,"date":"2021-08-29T15:00:55","date_gmt":"2021-08-29T18:00:55","guid":{"rendered":"https:\/\/espacoecologico.com.br\/arquivo\/?p=152546"},"modified":"2021-09-03T15:54:33","modified_gmt":"2021-09-03T18:54:33","slug":"saiba-o-que-seu-habito-de-escovar-os-dentes-diz-sobre-a-saude-do-seu-coracao","status":"publish","type":"post","link":"https:\/\/espacoecologico.com.br\/arquivo\/saiba-o-que-seu-habito-de-escovar-os-dentes-diz-sobre-a-saude-do-seu-coracao\/","title":{"rendered":"Saiba o que seu h\u00e1bito de escovar os dentes diz sobre a sa\u00fade do seu cora\u00e7\u00e3o"},"content":{"rendered":"<p><a href=\"https:\/\/espacoecologiconoar.com.br\/saiba-o-que-seu-habito-de-escovar-os-dentes-diz-sobre-a-saude-do-seu-coracao\/higiene_bucal\/\" rel=\"attachment wp-att-152501\"><img loading=\"lazy\" class=\"alignleft size-medium wp-image-152501\" src=\"http:\/\/espacoecologiconoar.com.br\/wp-content\/uploads\/2021\/08\/higiene_bucal-300x192.jpg\" alt=\"\" width=\"300\" height=\"192\" \/><\/a>Um estudo descobriu uma poss\u00edvel\u00a0liga\u00e7\u00e3o entre a higiene bucal e a sa\u00fade do cora\u00e7\u00e3o de uma pessoa. O relat\u00f3rio sugere que a doen\u00e7a gengival e a perda dent\u00e1ria est\u00e3o intimamente ligadas ao nosso sistema cardiovascular.<\/p>\n<p>A pesquisa\u00a0aponta que, durante um acompanhamento de 10,5 anos, adultos entre 40 e 79 anos que escovaram os dentes tr\u00eas ou mais vezes ao dia tiveram um risco 10% menor de fibrila\u00e7\u00e3o atrial (um tipo de arritmia card\u00edaca) e um risco 12% menor de insufici\u00eancia card\u00edaca.<\/p>\n<p>Quando se trata do ac\u00famulo de placa em nossas art\u00e9rias, a placa bacteriana\u00a0dos nossos dentes tamb\u00e9m parece ter import\u00e2ncia.\u00a0Uma teoria \u00e9 que as bact\u00e9rias que vivem sobre os dentes e as gengivas podem entrar na corrente sangu\u00ednea e alterar o microbioma intestinal, o que pode ent\u00e3o desencadear a inflama\u00e7\u00e3o sist\u00eamica, conhecida por facilitar les\u00f5es nas v\u00e1lvulas, danos ao mioc\u00e1rdio, endocardite e at\u00e9 mesmo insufici\u00eancia card\u00edaca.<\/p>\n<section class=\"bloco-txt-destaque\">Quer ficar por dentro das melhores not\u00edcias de tecnologia do dia?\u00a0<strong>Acesse e se inscreva no nosso novo canal no youtube, o Canaltech News.<\/strong>\u00a0Todos os dias um resumo das principais not\u00edcias do mundo tech para voc\u00ea!<\/section>\n<figure class=\"image\"><img style=\"width: 640px; height: 507px;\" src=\"https:\/\/t.ctcdn.com.br\/a6Yzm4AqTBXJPkrc497Em5epS68=\/1024x0\/smart\/i393710.jpeg\" alt=\"\" data-ivi=\"c4fz\" \/><figcaption>(Imagem: Alexandru Acea\/Unsplash)<\/figcaption><\/figure>\n<p>No entanto, no momento, n\u00e3o h\u00e1 provas suficientes de que o tratamento de doen\u00e7as gengivais evite doen\u00e7as cardiovasculares. Considerando os resultados do estudo, os especialistas\u00a0dizem que\u00a0a liga\u00e7\u00e3o potencial \u00e9 apenas mais um motivo para ficar vigilante sobre sua sa\u00fade bucal. Mas ainda h\u00e1 uma longa trajet\u00f3ria at\u00e9 entender se h\u00e1 realmente uma liga\u00e7\u00e3o entre a sa\u00fade bucal e a sa\u00fade card\u00edaca.\u00a0O estudo completo pode ser encontrado\u00a0<a href=\"https:\/\/journals.sagepub.com\/doi\/10.1177\/2047487319886018\" target=\"_blank\" rel=\"nofollow noopener\">aqui<\/a>.<\/p>\n<p>&nbsp;<\/p>\n<p>Fonte: <a href=\"https:\/\/canaltech.com.br\/saude\/saiba-o-que-seu-habito-de-escovar-os-dentes-diz-sobre-a-saude-do-seu-coracao-193934\/\" target=\"_blank\" rel=\"noopener\">Canal Tech<\/a> &#8211; Por Nathan Vieira | Editado por Luciana Zaramela &#8211; Science Alert<\/p>\n","protected":false},"excerpt":{"rendered":"<p>Um estudo descobriu uma poss\u00edvel\u00a0liga\u00e7\u00e3o entre a higiene bucal e a sa\u00fade do cora\u00e7\u00e3o de<\/p>\n","protected":false},"author":1,"featured_media":152547,"comment_status":"closed","ping_status":"open","sticky":false,"template":"","format":"standard","meta":[],"categories":[3],"tags":[],"uagb_featured_image_src":{"full":["https:\/\/espacoecologico.com.br\/arquivo\/wp-content\/uploads\/2021\/09\/higiene_bucal-300x192-1.jpg",300,192,false],"thumbnail":["https:\/\/espacoecologico.com.br\/arquivo\/wp-content\/uploads\/2021\/09\/higiene_bucal-300x192-1-150x150.jpg",150,150,true],"medium":["https:\/\/espacoecologico.com.br\/arquivo\/wp-content\/uploads\/2021\/09\/higiene_bucal-300x192-1.jpg",300,192,false],"medium_large":["https:\/\/espacoecologico.com.br\/arquivo\/wp-content\/uploads\/2021\/09\/higiene_bucal-300x192-1.jpg",300,192,false],"large":["https:\/\/espacoecologico.com.br\/arquivo\/wp-content\/uploads\/2021\/09\/higiene_bucal-300x192-1.jpg",300,192,false],"1536x1536":["https:\/\/espacoecologico.com.br\/arquivo\/wp-content\/uploads\/2021\/09\/higiene_bucal-300x192-1.jpg",300,192,false],"2048x2048":["https:\/\/espacoecologico.com.br\/arquivo\/wp-content\/uploads\/2021\/09\/higiene_bucal-300x192-1.jpg",300,192,false],"cream-magazine-thumbnail-2":["https:\/\/espacoecologico.com.br\/arquivo\/wp-content\/uploads\/2021\/09\/higiene_bucal-300x192-1.jpg",300,192,false],"cream-magazine-thumbnail-3":["https:\/\/espacoecologico.com.br\/arquivo\/wp-content\/uploads\/2021\/09\/higiene_bucal-300x192-1.jpg",300,192,false],"cream-magazine-thumbnail-4":["https:\/\/espacoecologico.com.br\/arquivo\/wp-content\/uploads\/2021\/09\/higiene_bucal-300x192-1.jpg",300,192,false]},"uagb_author_info":{"display_name":"sabrina","author_link":"https:\/\/espacoecologico.com.br\/arquivo\/author\/sabrina\/"},"uagb_comment_info":0,"uagb_excerpt":"Um estudo descobriu uma poss\u00edvel\u00a0liga\u00e7\u00e3o entre a higiene bucal e a sa\u00fade do cora\u00e7\u00e3o de","_links":{"self":[{"href":"https:\/\/espacoecologico.com.br\/arquivo\/wp-json\/wp\/v2\/posts\/152546"}],"collection":[{"href":"https:\/\/espacoecologico.com.br\/arquivo\/wp-json\/wp\/v2\/posts"}],"about":[{"href":"https:\/\/espacoecologico.com.br\/arquivo\/wp-json\/wp\/v2\/types\/post"}],"author":[{"embeddable":true,"href":"https:\/\/espacoecologico.com.br\/arquivo\/wp-json\/wp\/v2\/users\/1"}],"replies":[{"embeddable":true,"href":"https:\/\/espacoecologico.com.br\/arquivo\/wp-json\/wp\/v2\/comments?post=152546"}],"version-history":[{"count":1,"href":"https:\/\/espacoecologico.com.br\/arquivo\/wp-json\/wp\/v2\/posts\/152546\/revisions"}],"predecessor-version":[{"id":152548,"href":"https:\/\/espacoecologico.com.br\/arquivo\/wp-json\/wp\/v2\/posts\/152546\/revisions\/152548"}],"wp:featuredmedia":[{"embeddable":true,"href":"https:\/\/espacoecologico.com.br\/arquivo\/wp-json\/wp\/v2\/media\/152547"}],"wp:attachment":[{"href":"https:\/\/espacoecologico.com.br\/arquivo\/wp-json\/wp\/v2\/media?parent=152546"}],"wp:term":[{"taxonomy":"category","embeddable":true,"href":"https:\/\/espacoecologico.com.br\/arquivo\/wp-json\/wp\/v2\/categories?post=152546"},{"taxonomy":"post_tag","embeddable":true,"href":"https:\/\/espacoecologico.com.br\/arquivo\/wp-json\/wp\/v2\/tags?post=152546"}],"curies":[{"name":"wp","href":"https:\/\/api.w.org\/{rel}","templated":true}]}}