{"id":152540,"date":"2021-08-29T14:56:31","date_gmt":"2021-08-29T17:56:31","guid":{"rendered":"https:\/\/espacoecologico.com.br\/arquivo\/?p=152540"},"modified":"2021-09-03T15:54:33","modified_gmt":"2021-09-03T18:54:33","slug":"com-mordida-mais-forte-do-que-a-de-um-leao-tartaruga-aligator-e-encontrada","status":"publish","type":"post","link":"https:\/\/espacoecologico.com.br\/arquivo\/com-mordida-mais-forte-do-que-a-de-um-leao-tartaruga-aligator-e-encontrada\/","title":{"rendered":"Com mordida mais forte do que a de um le\u00e3o, tartaruga-alig\u00e1tor \u00e9 encontrada"},"content":{"rendered":"<p><a href=\"https:\/\/espacoecologiconoar.com.br\/com-mordida-mais-forte-do-que-a-de-um-leao-tartaruga-aligator-e-encontrada\/tartaruga-120\/\" rel=\"attachment wp-att-152493\"><img loading=\"lazy\" class=\"alignleft size-medium wp-image-152493\" src=\"http:\/\/espacoecologiconoar.com.br\/wp-content\/uploads\/2021\/08\/tartaruga-3-300x192.jpg\" alt=\"\" width=\"300\" height=\"192\" \/><\/a>Uma\u00a0<strong>tartaruga-alig\u00e1tor<\/strong>\u00a0(<em>Macrochelys temminckii<\/em>) foi encontrada na \u00faltima quinta-feira (26) por um estudante\u00a0na beira de uma estrada rural de terra, pr\u00f3ximo \u00e0 represa do Rio Santo Anast\u00e1cio\u00a0em Presidente Prudente, interior de S\u00e3o Paulo. O jovem levou o r\u00e9ptil\u00a0at\u00e9 a sede da Pol\u00edcia Ambiental.<\/p>\n<p>De acordo com Pol\u00edcia Militar Ambiental, a for\u00e7a da mordida do animal pode ultrapassar 600 quilos, sendo capaz de quebrar ossos humanos com facilidade. Em termos de compara\u00e7\u00e3o, a mordida de\u00a0um le\u00e3o gira em torno dos 400 quilos.<\/p>\n<p>Ainda segundo a pol\u00edcia, a esp\u00e9cia \u00e9 uma das maiores e mais agressivas tartarugas do mundo, podendo pesar at\u00e9 159 quilos.\u00a0&#8220;Estou feliz por ainda ter os cinco dedos da m\u00e3o com que eu a acariciei&#8221;, disse em entrevista ao\u00a0<strong>G1\u00a0<\/strong>o estudante Jo\u00e3o Pedro Rodrigues Paes, 20, que resgatou o animal.<\/p>\n<p>&#8220;Fiquei com d\u00f3 e parei o carro para evitar que algu\u00e9m atropelasse a tartaruga. Liguei para a Pol\u00edcia Militar e para a Pol\u00edcia Ambiental. Inicialmente, acharam que era um jabuti e que era para deixar o bicho no local. Mas eu sei como \u00e9 um jabuti&#8221;, conta. Jo\u00e3o explica que n\u00e3o notou que o animal era agressivo.<\/p>\n<p>&#8220;Parecia d\u00f3cil. Eu at\u00e9 fiz carinho na tartaruga sem saber que era brava. Ela estava bem calma&#8221;, continua. Com a ajuda de um motociclista que passava pela estrada, colocou o animal na carroceria do carro e levou at\u00e9 a pol\u00edcia. Apenas conversando com as autoridades \u00e9 que descobriu o risco que correu ao passar a m\u00e3o no animal.<\/p>\n<p>O r\u00e9ptil \u00e9 origin\u00e1rio das am\u00e9ricas do Norte e Central e, de acordo com a pol\u00edcia, n\u00e3o h\u00e1 registro da presen\u00e7a do animal no Oeste Paulista e ainda n\u00e3o se sabe como a tartaruga apareceu\u00a0no interior do Estado de S\u00e3o Paulo.<\/p>\n<p>&nbsp;<\/p>\n<p>Fonte: <a href=\"https:\/\/www.msn.com\/pt-br\/noticias\/meio-ambiente\/com-mordida-mais-forte-do-que-a-de-um-le%C3%A3o-tartaruga-alig%C3%A1tor-%C3%A9-encontrada-no-interior-de-sp\/ar-AANS1nB?ocid=mailsignout\" target=\"_blank\" rel=\"noopener\">MSN &#8211; Veja S\u00e3o Paulo<\/a> &#8211; \u00a9 Pol\u00edcia Ambiental\/Divulga\u00e7\u00e3o<\/p>\n","protected":false},"excerpt":{"rendered":"<p>Uma\u00a0tartaruga-alig\u00e1tor\u00a0(Macrochelys temminckii) foi encontrada na \u00faltima quinta-feira (26) por um estudante\u00a0na beira de uma estrada<\/p>\n","protected":false},"author":1,"featured_media":152541,"comment_status":"closed","ping_status":"open","sticky":false,"template":"","format":"standard","meta":[],"categories":[3],"tags":[],"uagb_featured_image_src":{"full":["https:\/\/espacoecologico.com.br\/arquivo\/wp-content\/uploads\/2021\/09\/tartaruga-3-300x192-1.jpg",300,192,false],"thumbnail":["https:\/\/espacoecologico.com.br\/arquivo\/wp-content\/uploads\/2021\/09\/tartaruga-3-300x192-1-150x150.jpg",150,150,true],"medium":["https:\/\/espacoecologico.com.br\/arquivo\/wp-content\/uploads\/2021\/09\/tartaruga-3-300x192-1.jpg",300,192,false],"medium_large":["https:\/\/espacoecologico.com.br\/arquivo\/wp-content\/uploads\/2021\/09\/tartaruga-3-300x192-1.jpg",300,192,false],"large":["https:\/\/espacoecologico.com.br\/arquivo\/wp-content\/uploads\/2021\/09\/tartaruga-3-300x192-1.jpg",300,192,false],"1536x1536":["https:\/\/espacoecologico.com.br\/arquivo\/wp-content\/uploads\/2021\/09\/tartaruga-3-300x192-1.jpg",300,192,false],"2048x2048":["https:\/\/espacoecologico.com.br\/arquivo\/wp-content\/uploads\/2021\/09\/tartaruga-3-300x192-1.jpg",300,192,false],"cream-magazine-thumbnail-2":["https:\/\/espacoecologico.com.br\/arquivo\/wp-content\/uploads\/2021\/09\/tartaruga-3-300x192-1.jpg",300,192,false],"cream-magazine-thumbnail-3":["https:\/\/espacoecologico.com.br\/arquivo\/wp-content\/uploads\/2021\/09\/tartaruga-3-300x192-1.jpg",300,192,false],"cream-magazine-thumbnail-4":["https:\/\/espacoecologico.com.br\/arquivo\/wp-content\/uploads\/2021\/09\/tartaruga-3-300x192-1.jpg",300,192,false]},"uagb_author_info":{"display_name":"sabrina","author_link":"https:\/\/espacoecologico.com.br\/arquivo\/author\/sabrina\/"},"uagb_comment_info":0,"uagb_excerpt":"Uma\u00a0tartaruga-alig\u00e1tor\u00a0(Macrochelys temminckii) foi encontrada na \u00faltima quinta-feira (26) por um estudante\u00a0na beira de uma estrada","_links":{"self":[{"href":"https:\/\/espacoecologico.com.br\/arquivo\/wp-json\/wp\/v2\/posts\/152540"}],"collection":[{"href":"https:\/\/espacoecologico.com.br\/arquivo\/wp-json\/wp\/v2\/posts"}],"about":[{"href":"https:\/\/espacoecologico.com.br\/arquivo\/wp-json\/wp\/v2\/types\/post"}],"author":[{"embeddable":true,"href":"https:\/\/espacoecologico.com.br\/arquivo\/wp-json\/wp\/v2\/users\/1"}],"replies":[{"embeddable":true,"href":"https:\/\/espacoecologico.com.br\/arquivo\/wp-json\/wp\/v2\/comments?post=152540"}],"version-history":[{"count":1,"href":"https:\/\/espacoecologico.com.br\/arquivo\/wp-json\/wp\/v2\/posts\/152540\/revisions"}],"predecessor-version":[{"id":152542,"href":"https:\/\/espacoecologico.com.br\/arquivo\/wp-json\/wp\/v2\/posts\/152540\/revisions\/152542"}],"wp:featuredmedia":[{"embeddable":true,"href":"https:\/\/espacoecologico.com.br\/arquivo\/wp-json\/wp\/v2\/media\/152541"}],"wp:attachment":[{"href":"https:\/\/espacoecologico.com.br\/arquivo\/wp-json\/wp\/v2\/media?parent=152540"}],"wp:term":[{"taxonomy":"category","embeddable":true,"href":"https:\/\/espacoecologico.com.br\/arquivo\/wp-json\/wp\/v2\/categories?post=152540"},{"taxonomy":"post_tag","embeddable":true,"href":"https:\/\/espacoecologico.com.br\/arquivo\/wp-json\/wp\/v2\/tags?post=152540"}],"curies":[{"name":"wp","href":"https:\/\/api.w.org\/{rel}","templated":true}]}}