{"id":152537,"date":"2021-08-29T14:53:01","date_gmt":"2021-08-29T17:53:01","guid":{"rendered":"https:\/\/espacoecologico.com.br\/arquivo\/?p=152537"},"modified":"2021-09-03T15:54:33","modified_gmt":"2021-09-03T18:54:33","slug":"novo-guia-promove-manejo-de-florestas-focado-em-recursos-hidricos","status":"publish","type":"post","link":"https:\/\/espacoecologico.com.br\/arquivo\/novo-guia-promove-manejo-de-florestas-focado-em-recursos-hidricos\/","title":{"rendered":"Novo guia promove manejo de florestas focado em recursos h\u00eddricos"},"content":{"rendered":"<div class=\"styled-body selectionShareable\">\n<div class=\"clearfix text-formatted field field--name-field-text-intro field--type-text-long field--label-hidden field__item selectionShareable\">\n<ul>\n<li>A Organiza\u00e7\u00e3o das Na\u00e7\u00f5es Unidas para a Alimenta\u00e7\u00e3o e a Agricultura (FAO) lan\u00e7ou uma publica\u00e7\u00e3o sobre o<a href=\"https:\/\/espacoecologiconoar.com.br\/novo-guia-promove-manejo-de-florestas-focado-em-recursos-hidricos\/floresta-101\/\" rel=\"attachment wp-att-152489\"><img loading=\"lazy\" class=\"alignleft size-medium wp-image-152489\" src=\"http:\/\/espacoecologiconoar.com.br\/wp-content\/uploads\/2021\/08\/floresta-1-300x192.jpg\" alt=\"\" width=\"300\" height=\"192\" \/><\/a> centrado em recursos h\u00eddricos.<\/li>\n<li>A seguran\u00e7a h\u00eddrica \u00e9 hoje um desafio global significativo, com repercuss\u00f5es em setores como agricultura, produ\u00e7\u00e3o de energia, necessidades b\u00e1sicas e ecossistemas de apoio.<\/li>\n<li>Lan\u00e7ado na Semana Mundial da \u00c1gua, o guia destaca a\u00a0contribui\u00e7\u00e3o de florestas e \u00e1rvores como vital para o ciclo da \u00e1gua, que inclui regular a quantidade, a qualidade e o tempo de uso do recurso.<\/li>\n<\/ul>\n<\/div>\n<\/div>\n<div class=\"styled-body selectionShareable\">\n<div class=\"clearfix text-formatted field field--name-body field--type-text-with-summary field--label-hidden field__item selectionShareable\">\n<figure class=\"embedded-entity caption\" role=\"group\" data-embed-button=\"images\" data-entity-embed-display=\"undg_view_mode:media.regular_image\" data-entity-embed-display-settings=\"A restaura\u00e7\u00e3o de ecossistemas \u00e9 a solu\u00e7\u00e3o natural para lidar com quest\u00f5es como seguran\u00e7a h\u00eddrica e ajuda a garantir uma qualidade suficiente de \u00e1gua para apoiar comunidades e ecossistemas resilientes\" data-entity-type=\"media\" data-entity-uuid=\"9e3f7808-a5ee-42f2-96c0-3ca645ffcbdf\" data-langcode=\"pt-br\">\n<article class=\"media media--type-image media--view-mode-regular-image\">\n<div class=\"field field--name-field-media-image field--type-image field--label-hidden field__item selectionShareable\">\n<p class=\"selectionShareable\">A\u00a0<a href=\"https:\/\/news.un.org\/pt\/story\/2021\/08\/1761132\">Organiza\u00e7\u00e3o das Na\u00e7\u00f5es Unidas para a Alimenta\u00e7\u00e3o e a Agricultura (FAO)<\/a>\u00a0lan\u00e7ou nesta semana a primeira\u00a0<a href=\"http:\/\/www.fao.org\/documents\/card\/en\/c\/cb6473en\">publica\u00e7\u00e3o<\/a> global que orienta a contribui\u00e7\u00e3o florestal centrada em recursos h\u00eddricos. A apresenta\u00e7\u00e3o foi feita por ocasi\u00e3o da Semana Mundial da \u00c1gua, que terminou na \u00faltima sexta-feira (27).<\/p>\n<p class=\"selectionShareable\">As matas protegem os solos e as \u00e1reas costeiras da eros\u00e3o, bem como de inunda\u00e7\u00f5es e avalanches. Juntos, estes recursos s\u00e3o conhecidos como servi\u00e7os ecossist\u00eamicos relacionados \u00e0 \u00e1gua.<\/p>\n<p class=\"selectionShareable\">A contribui\u00e7\u00e3o de florestas e \u00e1rvores \u00e9 vital para o ciclo da \u00e1gua, que inclui regular a quantidade, a qualidade e o tempo de uso do recurso.\u00a0As matas podem ser a solu\u00e7\u00e3o natural para lidar com quest\u00f5es como seguran\u00e7a h\u00eddrica e ajudam a garantir uma qualidade suficiente de \u00e1gua para apoiar comunidades e ecossistemas resilientes.<\/p>\n<p class=\"selectionShareable\"><strong>Prote\u00e7\u00e3o &#8211;\u00a0<\/strong>O guia defende que haja prioridade no manejo florestal com foco em quest\u00f5es como gest\u00e3o, monitoramento e avalia\u00e7\u00e3o das matas. De acordo com a ag\u00eancia, tr\u00eas quartos da \u00e1gua doce acess\u00edvel do mundo v\u00eam de bacias florestais. Mas somente 12% das matas do mundo est\u00e3o especialmente reservadas para a prote\u00e7\u00e3o do solo e das \u00e1guas.<\/p>\n<p class=\"selectionShareable\">O uso da \u00e1gua para fins agr\u00edcolas, industriais, ambientais e dom\u00e9sticos est\u00e1 entre as maiores contribui\u00e7\u00f5es das bacias hidrogr\u00e1ficas num momento em que grandes cidades globais dependem cada vez mais de bacias hidrogr\u00e1ficas florestadas.<\/p>\n<p class=\"selectionShareable\">A ag\u00eancia destaca ainda que dois ter\u00e7os de suprimentos urbanos do recurso melhoraram de qualidade com a\u00e7\u00f5es de manejo florestal como prote\u00e7\u00e3o, restaura\u00e7\u00e3o ou redu\u00e7\u00e3o de combust\u00edvel florestal para minimizar o risco de inc\u00eandios.<\/p>\n<p class=\"selectionShareable\"><strong>Risco &#8211;\u00a0<\/strong>Para a vice-diretora-geral da FAO, Maria Helena Semedo, a seguran\u00e7a h\u00eddrica \u00e9 um desafio global significativo, com repercuss\u00f5es em setores como agricultura, produ\u00e7\u00e3o de energia, necessidades b\u00e1sicas e ecossistemas de apoio. Ela apontou os desafios da mudan\u00e7a clim\u00e1tica e crescimento da popula\u00e7\u00e3o como fatores que est\u00e3o aumentando a press\u00e3o sobre os ecossistemas.<\/p>\n<p class=\"selectionShareable\">Semedo lembrou que \u00e9 preciso reconhecer que as florestas desempenham um papel essencial na seguran\u00e7a da \u00e1gua e priorizar o recurso no manejo florestal e nas decis\u00f5es de governan\u00e7a.\u201d A conex\u00e3o florestal e h\u00eddrica \u00e9 essencial para o cumprimento da Agenda 2030 para o Desenvolvimento Sustent\u00e1vel.<\/p>\n<p class=\"selectionShareable\"><a href=\"http:\/\/www.fao.org\/documents\/card\/en\/c\/cb6473en\">Acesse o guia<\/a>.<\/p>\n<\/div>\n<\/article>\n<\/figure>\n<\/div>\n<\/div>\n<p>Fonte: <a href=\"https:\/\/brasil.un.org\/pt-br\/142066-novo-guia-promove-manejo-de-florestas-focado-em-recursos-hidricos\" target=\"_blank\" rel=\"noopener\">OnuBr<\/a> &#8211; Foto: \u00a9 Moej\/UNESCO<\/p>\n","protected":false},"excerpt":{"rendered":"<p>A Organiza\u00e7\u00e3o das Na\u00e7\u00f5es Unidas para a Alimenta\u00e7\u00e3o e a Agricultura (FAO) lan\u00e7ou uma publica\u00e7\u00e3o<\/p>\n","protected":false},"author":1,"featured_media":152538,"comment_status":"closed","ping_status":"open","sticky":false,"template":"","format":"standard","meta":[],"categories":[3],"tags":[],"uagb_featured_image_src":{"full":["https:\/\/espacoecologico.com.br\/arquivo\/wp-content\/uploads\/2021\/09\/floresta-1-300x192-1.jpg",300,192,false],"thumbnail":["https:\/\/espacoecologico.com.br\/arquivo\/wp-content\/uploads\/2021\/09\/floresta-1-300x192-1-150x150.jpg",150,150,true],"medium":["https:\/\/espacoecologico.com.br\/arquivo\/wp-content\/uploads\/2021\/09\/floresta-1-300x192-1.jpg",300,192,false],"medium_large":["https:\/\/espacoecologico.com.br\/arquivo\/wp-content\/uploads\/2021\/09\/floresta-1-300x192-1.jpg",300,192,false],"large":["https:\/\/espacoecologico.com.br\/arquivo\/wp-content\/uploads\/2021\/09\/floresta-1-300x192-1.jpg",300,192,false],"1536x1536":["https:\/\/espacoecologico.com.br\/arquivo\/wp-content\/uploads\/2021\/09\/floresta-1-300x192-1.jpg",300,192,false],"2048x2048":["https:\/\/espacoecologico.com.br\/arquivo\/wp-content\/uploads\/2021\/09\/floresta-1-300x192-1.jpg",300,192,false],"cream-magazine-thumbnail-2":["https:\/\/espacoecologico.com.br\/arquivo\/wp-content\/uploads\/2021\/09\/floresta-1-300x192-1.jpg",300,192,false],"cream-magazine-thumbnail-3":["https:\/\/espacoecologico.com.br\/arquivo\/wp-content\/uploads\/2021\/09\/floresta-1-300x192-1.jpg",300,192,false],"cream-magazine-thumbnail-4":["https:\/\/espacoecologico.com.br\/arquivo\/wp-content\/uploads\/2021\/09\/floresta-1-300x192-1.jpg",300,192,false]},"uagb_author_info":{"display_name":"sabrina","author_link":"https:\/\/espacoecologico.com.br\/arquivo\/author\/sabrina\/"},"uagb_comment_info":0,"uagb_excerpt":"A Organiza\u00e7\u00e3o das Na\u00e7\u00f5es Unidas para a Alimenta\u00e7\u00e3o e a Agricultura (FAO) lan\u00e7ou uma publica\u00e7\u00e3o","_links":{"self":[{"href":"https:\/\/espacoecologico.com.br\/arquivo\/wp-json\/wp\/v2\/posts\/152537"}],"collection":[{"href":"https:\/\/espacoecologico.com.br\/arquivo\/wp-json\/wp\/v2\/posts"}],"about":[{"href":"https:\/\/espacoecologico.com.br\/arquivo\/wp-json\/wp\/v2\/types\/post"}],"author":[{"embeddable":true,"href":"https:\/\/espacoecologico.com.br\/arquivo\/wp-json\/wp\/v2\/users\/1"}],"replies":[{"embeddable":true,"href":"https:\/\/espacoecologico.com.br\/arquivo\/wp-json\/wp\/v2\/comments?post=152537"}],"version-history":[{"count":1,"href":"https:\/\/espacoecologico.com.br\/arquivo\/wp-json\/wp\/v2\/posts\/152537\/revisions"}],"predecessor-version":[{"id":152539,"href":"https:\/\/espacoecologico.com.br\/arquivo\/wp-json\/wp\/v2\/posts\/152537\/revisions\/152539"}],"wp:featuredmedia":[{"embeddable":true,"href":"https:\/\/espacoecologico.com.br\/arquivo\/wp-json\/wp\/v2\/media\/152538"}],"wp:attachment":[{"href":"https:\/\/espacoecologico.com.br\/arquivo\/wp-json\/wp\/v2\/media?parent=152537"}],"wp:term":[{"taxonomy":"category","embeddable":true,"href":"https:\/\/espacoecologico.com.br\/arquivo\/wp-json\/wp\/v2\/categories?post=152537"},{"taxonomy":"post_tag","embeddable":true,"href":"https:\/\/espacoecologico.com.br\/arquivo\/wp-json\/wp\/v2\/tags?post=152537"}],"curies":[{"name":"wp","href":"https:\/\/api.w.org\/{rel}","templated":true}]}}