{"id":152534,"date":"2021-08-29T14:50:03","date_gmt":"2021-08-29T17:50:03","guid":{"rendered":"https:\/\/espacoecologico.com.br\/arquivo\/?p=152534"},"modified":"2021-09-03T15:54:33","modified_gmt":"2021-09-03T18:54:33","slug":"aleitamento-materno-e-bom-para-a-saude-da-mulher-e-previne-a-mortalidade-infantil","status":"publish","type":"post","link":"https:\/\/espacoecologico.com.br\/arquivo\/aleitamento-materno-e-bom-para-a-saude-da-mulher-e-previne-a-mortalidade-infantil\/","title":{"rendered":"Aleitamento materno \u00e9 bom para a sa\u00fade da mulher e previne a mortalidade infantil"},"content":{"rendered":"<div class=\"entry-content pt-3 mt-3\">\n<h2 class=\"entry-subtitle font-weight-medium\"><a href=\"https:\/\/espacoecologiconoar.com.br\/aleitamento-materno-e-bom-para-a-saude-da-mulher-e-previne-a-mortalidade-infantil\/leite_materno-9\/\" rel=\"attachment wp-att-152485\"><img loading=\"lazy\" class=\"alignleft size-medium wp-image-152485\" src=\"http:\/\/espacoecologiconoar.com.br\/wp-content\/uploads\/2021\/08\/leite_materno-300x192.jpg\" alt=\"\" width=\"300\" height=\"192\" \/><\/a>Fab\u00edola Roberta Marim Bianchini explica que m\u00e3es vacinadas contra a covid-19 protegem seus filhos contra a doen\u00e7a, porque recente pesquisa mostrou a presen\u00e7a de anticorpos no leite materno<\/h2>\n<p>O alimento mais completo para o rec\u00e9m-nascido \u00e9 o leite materno, por isso a amamenta\u00e7\u00e3o deve ser feita na primeira hora de vida do beb\u00ea. O ato \u00e9 o mais importante para a m\u00e3e porque auxilia nas contra\u00e7\u00f5es uterinas, diminuindo o risco de hemorragia, e, para o beb\u00ea, previne a mortalidade infantil, al\u00e9m de v\u00e1rias doen\u00e7as, segundo a pediatra neonatal, Fab\u00edola Roberta Marim Bianchini, m\u00e9dica assistente do Centro de Terapia Intensiva Neonatal do Hospital das Cl\u00ednicas da Faculdade de Medicina da USP (HC-FMUSP). O aleitamento materno reduz em 13% a mortalidade at\u00e9 os 5 anos.<\/p>\n<p>A produ\u00e7\u00e3o de leite \u00e9 diferente de m\u00e3e para m\u00e3e. Mas nem todas as m\u00e3es conseguem produzir leite. \u00c9 muito importante que a mulher tenha um ambiente tranquilo, alimenta\u00e7\u00e3o saud\u00e1vel e muita ingest\u00e3o de l\u00edquidos. Por\u00e9m, se nada disso ajudar, existe o banco de leite. Fab\u00edola Bianchini alerta que \u201ca mulher que n\u00e3o tiver produ\u00e7\u00e3o de leite suficiente para atender \u00e0 demanda alimentar de seu beb\u00ea deve procurar um banco de leite e a orienta\u00e7\u00e3o do pediatra\u201d, conclui.<\/p>\n<p>O direito de amamentar \u00e9 individual e leg\u00edtimo, por isso a pediatra alerta que todos podem ajudar uma mulher nesse momento, desde uma palavra amiga at\u00e9 o ato de liberar um acento p\u00fablico. \u201cEsperamos que todos sejam capazes de olhar uma mulher que esteja amamentando e entender a necessidade de garantir seguran\u00e7a a ela para que possa manter essa a\u00e7\u00e3o\u201d, orienta a m\u00e9dica.<\/p>\n<p>Em tempos de pandemia da covid-19, um estudo recente feito pelo Instituto da Crian\u00e7a e do Adolescente (ICr) da USP mostrou a presen\u00e7a de anticorpos anticoronavirus no leite das mulheres que estavam amamentando e receberam a CoronaVac.<\/p>\n<p>As d\u00favidas mais frequentes sobre aleitamento materno podem ser esclarecidas no site do Instituto da Crian\u00e7a e do Adolescentes (ICr) do Hospital das Cl\u00ednicas da Faculdade de Medicina da USP, no link abaixo:<\/p>\n<p><a href=\"https:\/\/icr.usp.br\/aleitamento-materno-2021\/\">Aleitamento Materno 2021<\/a><\/p>\n<p><strong>Jornal da USP no Ar\u00a0<\/strong><br \/>\n<a href=\"https:\/\/jornal.usp.br\/editorias\/radio-usp\/jornal-da-usp-no-ar\/\">Jornal da USP no Ar<\/a>\u00a0\u00e9 uma parceria da\u00a0<a href=\"http:\/\/jornal.usp.br\/radio\/\">R\u00e1dio USP<\/a>\u00a0com a Escola Polit\u00e9cnica, a Faculdade de Medicina e o Instituto de Estudos Avan\u00e7ados. No ar, pela Rede USP de R\u00e1dio, de segunda a sexta-feira: 1\u00aa edi\u00e7\u00e3o das 7h30 \u00e0s 9h, com apresenta\u00e7\u00e3o de Roxane R\u00e9, e demais edi\u00e7\u00f5es \u00e0s 10h45, 14h, 15h e \u00e0s 16h45. Em Ribeir\u00e3o Preto, a edi\u00e7\u00e3o regional vai ao ar das 12 \u00e0s 12h30, com apresenta\u00e7\u00e3o de Mel Vieira e Ferraz Junior. Voc\u00ea pode sintonizar a R\u00e1dio USP em S\u00e3o Paulo FM 93.7, em Ribeir\u00e3o Preto FM 107.9, pela internet em\u00a0<a href=\"http:\/\/www.jornal.usp.br\/\">www.jornal.usp.br<\/a> ou pelo aplicativo do Jornal da USP no celular.<\/p>\n<\/div>\n<p>&nbsp;<\/p>\n<p>Fonte: <a href=\"https:\/\/www.ecycle.com.br\/aleitamento-materno-e-bom-para-a-saude-da-mulher-e-previne-a-mortalidade-infantil\/\" target=\"_blank\" rel=\"noopener\">Equipe Ecycle &#8211; Sandra Capomaccio<\/a> &#8211; Imagem de PublicDomainPictures por Pixabay<\/p>\n","protected":false},"excerpt":{"rendered":"<p>Fab\u00edola Roberta Marim Bianchini explica que m\u00e3es vacinadas contra a covid-19 protegem seus filhos contra<\/p>\n","protected":false},"author":1,"featured_media":152535,"comment_status":"closed","ping_status":"open","sticky":false,"template":"","format":"standard","meta":[],"categories":[3],"tags":[],"uagb_featured_image_src":{"full":["https:\/\/espacoecologico.com.br\/arquivo\/wp-content\/uploads\/2021\/09\/leite_materno-300x192-1.jpg",300,192,false],"thumbnail":["https:\/\/espacoecologico.com.br\/arquivo\/wp-content\/uploads\/2021\/09\/leite_materno-300x192-1-150x150.jpg",150,150,true],"medium":["https:\/\/espacoecologico.com.br\/arquivo\/wp-content\/uploads\/2021\/09\/leite_materno-300x192-1.jpg",300,192,false],"medium_large":["https:\/\/espacoecologico.com.br\/arquivo\/wp-content\/uploads\/2021\/09\/leite_materno-300x192-1.jpg",300,192,false],"large":["https:\/\/espacoecologico.com.br\/arquivo\/wp-content\/uploads\/2021\/09\/leite_materno-300x192-1.jpg",300,192,false],"1536x1536":["https:\/\/espacoecologico.com.br\/arquivo\/wp-content\/uploads\/2021\/09\/leite_materno-300x192-1.jpg",300,192,false],"2048x2048":["https:\/\/espacoecologico.com.br\/arquivo\/wp-content\/uploads\/2021\/09\/leite_materno-300x192-1.jpg",300,192,false],"cream-magazine-thumbnail-2":["https:\/\/espacoecologico.com.br\/arquivo\/wp-content\/uploads\/2021\/09\/leite_materno-300x192-1.jpg",300,192,false],"cream-magazine-thumbnail-3":["https:\/\/espacoecologico.com.br\/arquivo\/wp-content\/uploads\/2021\/09\/leite_materno-300x192-1.jpg",300,192,false],"cream-magazine-thumbnail-4":["https:\/\/espacoecologico.com.br\/arquivo\/wp-content\/uploads\/2021\/09\/leite_materno-300x192-1.jpg",300,192,false]},"uagb_author_info":{"display_name":"sabrina","author_link":"https:\/\/espacoecologico.com.br\/arquivo\/author\/sabrina\/"},"uagb_comment_info":0,"uagb_excerpt":"Fab\u00edola Roberta Marim Bianchini explica que m\u00e3es vacinadas contra a covid-19 protegem seus filhos contra","_links":{"self":[{"href":"https:\/\/espacoecologico.com.br\/arquivo\/wp-json\/wp\/v2\/posts\/152534"}],"collection":[{"href":"https:\/\/espacoecologico.com.br\/arquivo\/wp-json\/wp\/v2\/posts"}],"about":[{"href":"https:\/\/espacoecologico.com.br\/arquivo\/wp-json\/wp\/v2\/types\/post"}],"author":[{"embeddable":true,"href":"https:\/\/espacoecologico.com.br\/arquivo\/wp-json\/wp\/v2\/users\/1"}],"replies":[{"embeddable":true,"href":"https:\/\/espacoecologico.com.br\/arquivo\/wp-json\/wp\/v2\/comments?post=152534"}],"version-history":[{"count":1,"href":"https:\/\/espacoecologico.com.br\/arquivo\/wp-json\/wp\/v2\/posts\/152534\/revisions"}],"predecessor-version":[{"id":152536,"href":"https:\/\/espacoecologico.com.br\/arquivo\/wp-json\/wp\/v2\/posts\/152534\/revisions\/152536"}],"wp:featuredmedia":[{"embeddable":true,"href":"https:\/\/espacoecologico.com.br\/arquivo\/wp-json\/wp\/v2\/media\/152535"}],"wp:attachment":[{"href":"https:\/\/espacoecologico.com.br\/arquivo\/wp-json\/wp\/v2\/media?parent=152534"}],"wp:term":[{"taxonomy":"category","embeddable":true,"href":"https:\/\/espacoecologico.com.br\/arquivo\/wp-json\/wp\/v2\/categories?post=152534"},{"taxonomy":"post_tag","embeddable":true,"href":"https:\/\/espacoecologico.com.br\/arquivo\/wp-json\/wp\/v2\/tags?post=152534"}],"curies":[{"name":"wp","href":"https:\/\/api.w.org\/{rel}","templated":true}]}}