{"id":152531,"date":"2021-08-29T14:47:09","date_gmt":"2021-08-29T17:47:09","guid":{"rendered":"https:\/\/espacoecologico.com.br\/arquivo\/?p=152531"},"modified":"2021-09-03T15:55:12","modified_gmt":"2021-09-03T18:55:12","slug":"onde-a-escassez-de-agua-ja-provoca-guerras-no-mundo-e-quais-as-areas-sob-risco-iminente","status":"publish","type":"post","link":"https:\/\/espacoecologico.com.br\/arquivo\/onde-a-escassez-de-agua-ja-provoca-guerras-no-mundo-e-quais-as-areas-sob-risco-iminente\/","title":{"rendered":"Onde a escassez de \u00e1gua j\u00e1 provoca guerras no mundo (e quais as \u00e1reas sob risco iminente)"},"content":{"rendered":"<div class=\"bbc-19j92fr e57qer20\" dir=\"ltr\">\n<p class=\"bbc-bm53ic e1cc2ql70\" dir=\"ltr\"><b><a href=\"https:\/\/espacoecologiconoar.com.br\/onde-a-escassez-de-agua-ja-provoca-guerras-no-mundo-e-quais-as-areas-sob-risco-iminente\/agua-97\/\" rel=\"attachment wp-att-152481\"><img loading=\"lazy\" class=\"alignleft size-medium wp-image-152481\" src=\"http:\/\/espacoecologiconoar.com.br\/wp-content\/uploads\/2021\/08\/agua-3-300x192.jpg\" alt=\"\" width=\"300\" height=\"192\" \/><\/a>Em entrevista \u00e0 BBC via Zoom de seu apartamento em Amsterd\u00e3, Ali al Sadr faz uma pausa para beber de um copo de \u00e1gua filtrada e limpa.<\/b><\/p>\n<\/div>\n<div class=\"bbc-19j92fr e57qer20\" dir=\"ltr\">\n<p class=\"bbc-bm53ic e1cc2ql70\" dir=\"ltr\">Percebendo a ironia, ele solta uma risada. &#8220;Antes de deixar o Iraque, eu lutava todos os dias para encontrar \u00e1gua pot\u00e1vel&#8221;, diz ele. Tr\u00eas anos antes, al Sadr participou de protestos de rua em sua cidade natal, Basra. Os manifestantes exigiam a\u00e7\u00f5es concretas das autoridades diante da crescente crise de \u00e1gua na cidade.<\/p>\n<\/div>\n<div class=\"bbc-19j92fr e57qer20\" dir=\"ltr\">\n<p class=\"bbc-bm53ic e1cc2ql70\" dir=\"ltr\">&#8220;Antes da guerra, Basra era um lugar bonito&#8221;, acrescenta o jovem de 29 anos. &#8220;Eles costumavam nos chamar de Veneza do Oriente.&#8221;<\/p>\n<\/div>\n<div class=\"bbc-19j92fr e57qer20\" dir=\"ltr\">\n<p class=\"bbc-bm53ic e1cc2ql70\" dir=\"ltr\">Limitada de um lado pelo rio Shatt al Arab, a cidade \u00e9 cortada por uma rede de canais.<\/p>\n<\/div>\n<div class=\"bbc-19j92fr e57qer20\" dir=\"ltr\">\n<p class=\"bbc-bm53ic e1cc2ql70\" dir=\"ltr\">Sadr diz que adorava trabalhar ao lado dos canais como estivador. &#8220;Mas quando sa\u00ed, eles estavam jogando esgoto n\u00e3o tratado nos cursos d&#8217;\u00e1gua. N\u00e3o pod\u00edamos nos lavar, o cheiro me deu enxaqueca e, quando finalmente fiquei doente, passei quatro dias na cama.&#8221;<\/p>\n<\/div>\n<div class=\"bbc-19j92fr e57qer20\" dir=\"ltr\">\n<p class=\"bbc-bm53ic e1cc2ql70\" dir=\"ltr\">No ver\u00e3o de 2018, a \u00e1gua contaminada enviou 120 mil residentes aos hospitais da cidade e, quando a pol\u00edcia abriu fogo contra os manifestantes, Al Sadr teve sorte de escapar com vida. &#8220;Em um m\u00eas, fiz as malas e fui para a Europa&#8221;, conta.<\/p>\n<\/div>\n<div class=\"bbc-19j92fr e57qer20\" dir=\"ltr\">\n<p class=\"bbc-bm53ic e1cc2ql70\" dir=\"ltr\">Hist\u00f3rias como a de Al Sadr est\u00e3o se tornando muito comuns em todo o mundo. Um quarto da popula\u00e7\u00e3o mundial enfrenta agora uma grave escassez de \u00e1gua por pelo menos um m\u00eas por ano e, como no caso de Al Sadr, a crise est\u00e1 levando muitos a buscar uma vida mais segura no exterior.<\/p>\n<\/div>\n<div class=\"bbc-1ka88fa e57qer20\" dir=\"ltr\">\n<figure class=\"bbc-1qdcvv9 e6bmn90\">\n<div class=\"bbc-172p16q e57qer20\" dir=\"ltr\">\n<div class=\"bbc-172p16q e57qer20\" dir=\"ltr\">\n<div class=\"bbc-189y18v e57qer20\" dir=\"ltr\">\n<div class=\"bbc-1k5hvrj e1whu0\" data-e2e=\"image-placeholder\">\n<div class=\"lazyload-wrapper \"><img loading=\"lazy\" class=\"eehpdyc0 css-oabvne e1enwo3v0\" src=\"https:\/\/ichef.bbci.co.uk\/news\/640\/cpsprodpb\/158FE\/production\/_119981388_agua9b.jpg\" srcset=\"https:\/\/ichef.bbci.co.uk\/news\/240\/cpsprodpb\/158FE\/production\/_119981388_agua9b.jpg 240w, https:\/\/ichef.bbci.co.uk\/news\/320\/cpsprodpb\/158FE\/production\/_119981388_agua9b.jpg 320w, https:\/\/ichef.bbci.co.uk\/news\/480\/cpsprodpb\/158FE\/production\/_119981388_agua9b.jpg 480w, https:\/\/ichef.bbci.co.uk\/news\/624\/cpsprodpb\/158FE\/production\/_119981388_agua9b.jpg 624w, https:\/\/ichef.bbci.co.uk\/news\/800\/cpsprodpb\/158FE\/production\/_119981388_agua9b.jpg 800w\" alt=\"protestos exigindo \u00e1gua pot\u00e1vel\" width=\"640\" height=\"360\" \/><\/div>\n<p class=\"bbc-1s1cxbv etq3yw90\" role=\"text\"><span class=\"bbc-1gnhmg2 e1yt7oin0\">CR\u00c9DITO,<\/span><span lang=\"en-GB\">HAIDAR MOHAMMED ALI\/AFP VIA GETTY IMAGES <\/span>Legenda da foto, Protestos em Basra em 2018 por causa da contamina\u00e7\u00e3o da \u00e1gua na cidade<\/p>\n<\/div>\n<\/div>\n<\/div>\n<\/div>\n<\/figure>\n<\/div>\n<div class=\"bbc-19j92fr e57qer20\" dir=\"ltr\">\n<p class=\"bbc-bm53ic e1cc2ql70\" dir=\"ltr\">&#8220;Se n\u00e3o tem \u00e1gua, as pessoas come\u00e7am a ir embora&#8221;, disse Kitty Van Der Heijden, chefe de coopera\u00e7\u00e3o internacional do Minist\u00e9rio de Rela\u00e7\u00f5es Exteriores dos Pa\u00edses Baixos e especialista em hidropol\u00edtica.<\/p>\n<\/div>\n<div class=\"bbc-19j92fr e57qer20\" dir=\"ltr\">\n<p class=\"bbc-bm53ic e1cc2ql70\" dir=\"ltr\">A escassez de \u00e1gua afeta aproximadamente 40% da popula\u00e7\u00e3o mundial e, segundo estimativas das Na\u00e7\u00f5es Unidas e do Banco Mundial, secas poderiam colocar 700 milh\u00f5es de pessoas em risco de deslocamento em 2030.<\/p>\n<\/div>\n<div class=\"bbc-19j92fr e57qer20\" dir=\"ltr\">\n<p class=\"bbc-bm53ic e1cc2ql70\" dir=\"ltr\">Muitos observadores como Van der Heijden est\u00e3o preocupados pelo que poderia acontecer. &#8220;Se n\u00e3o h\u00e1 \u00e1gua, os pol\u00edticos v\u00e3o tentar controlar esse recurso e \u00e9 poss\u00edvel que comecem a brigar por ele.&#8221;<\/p>\n<\/div>\n<div class=\"bbc-19j92fr e57qer20\" dir=\"ltr\">\n<p class=\"bbc-bm53ic e1cc2ql70\" dir=\"ltr\">Ao longo do s\u00e9culo 20, o uso mundial de \u00e1gua cresceu mais do que o dobro da taxa de crescimento populacional. Essa disson\u00e2ncia est\u00e1 levando atualmente muitas cidades a racionar \u00e1gua, de Roma e Cidade do Cabo a Lima e munic\u00edpios do Brasil.<\/p>\n<\/div>\n<div class=\"bbc-19j92fr e57qer20\" dir=\"ltr\">\n<p class=\"bbc-bm53ic e1cc2ql70\" dir=\"ltr\">A crise da \u00e1gua tem estado todos os anos, desde 2012, entre os cinco maiores perigos na lista de Riscos Globais por Impacto do Foro Econ\u00f4mico Mundial.<\/p>\n<\/div>\n<div class=\"bbc-19j92fr e57qer20\" dir=\"ltr\">\n<p class=\"bbc-bm53ic e1cc2ql70\" dir=\"ltr\">Em 2017, secas severas contribu\u00edram para a pior crise humanit\u00e1ria desde a Segunda Guerra Mundial, com 20 milh\u00f5es de pessoas na \u00c1frica e Oriente M\u00e9dio se vendo obrigadas a abandonar suas casas devido \u00e0 escassez de alimentos e aos conflitos envolvendo acesso a \u00e1gua.<\/p>\n<\/div>\n<div class=\"bbc-19j92fr e57qer20\" dir=\"ltr\">\n<h2 id=\"A-rela\u00e7\u00e3o-entre-guerra-e-\u00e1gua\" class=\"bbc-l3e97o e14hemmw0\" tabindex=\"-1\">A rela\u00e7\u00e3o entre guerra e \u00e1gua<\/h2>\n<\/div>\n<div class=\"bbc-19j92fr e57qer20\" dir=\"ltr\">\n<p class=\"bbc-bm53ic e1cc2ql70\" dir=\"ltr\">Peter Gleick, diretor do Pacific Institute, com sede em Oakland, Calif\u00f3rnia, passou as \u00faltimas tr\u00eas d\u00e9cadas estudando o v\u00ednculo entre a escassez de \u00e1gua, guerras e migra\u00e7\u00e3o. Ele acredita que os conflitos por \u00e1gua est\u00e3o aumentando. &#8220;Com raras exce\u00e7\u00f5es, ningu\u00e9m morre literalmente de sede&#8221;, disse Gleick.<\/p>\n<\/div>\n<div class=\"bbc-19j92fr e57qer20\" dir=\"ltr\">\n<p class=\"bbc-bm53ic e1cc2ql70\" dir=\"ltr\">&#8220;Mas cada vez mais pessoas morrem por causa de \u00e1gua contaminada ou devido a conflitos por acesso a \u00e1gua.&#8221;<\/p>\n<\/div>\n<div class=\"bbc-1ka88fa e57qer20\" dir=\"ltr\">\n<figure class=\"bbc-1qdcvv9 e6bmn90\">\n<div class=\"bbc-172p16q e57qer20\" dir=\"ltr\">\n<div class=\"bbc-172p16q e57qer20\" dir=\"ltr\">\n<div class=\"bbc-189y18v e57qer20\" dir=\"ltr\">\n<div class=\"bbc-1k5hvrj e1whu0\" data-e2e=\"image-placeholder\">\n<div class=\"lazyload-wrapper \"><img loading=\"lazy\" class=\"eehpdyc0 css-oabvne e1enwo3v0\" src=\"https:\/\/ichef.bbci.co.uk\/news\/640\/cpsprodpb\/207E\/production\/_119981380_agua1b.jpg\" srcset=\"https:\/\/ichef.bbci.co.uk\/news\/240\/cpsprodpb\/207E\/production\/_119981380_agua1b.jpg 240w, https:\/\/ichef.bbci.co.uk\/news\/320\/cpsprodpb\/207E\/production\/_119981380_agua1b.jpg 320w, https:\/\/ichef.bbci.co.uk\/news\/480\/cpsprodpb\/207E\/production\/_119981380_agua1b.jpg 480w, https:\/\/ichef.bbci.co.uk\/news\/624\/cpsprodpb\/207E\/production\/_119981380_agua1b.jpg 624w, https:\/\/ichef.bbci.co.uk\/news\/800\/cpsprodpb\/207E\/production\/_119981380_agua1b.jpg 800w\" alt=\"Pescador no Iraque\" width=\"640\" height=\"360\" \/><\/div>\n<p class=\"bbc-1s1cxbv etq3yw90\" role=\"text\"><span class=\"bbc-1gnhmg2 e1yt7oin0\">CR\u00c9DITO,<\/span><span lang=\"en-GB\">HAIDAR MOHAMMED ALI\/AFP\/GETTY IMAGES <\/span>Legenda da foto, Represas constru\u00eddas pela Turquia reduziram o fluxo de \u00e1gua at\u00e9 o Iraque<\/p>\n<\/div>\n<\/div>\n<\/div>\n<\/div>\n<\/figure>\n<\/div>\n<div class=\"bbc-19j92fr e57qer20\" dir=\"ltr\">\n<p class=\"bbc-bm53ic e1cc2ql70\" dir=\"ltr\">Gleick e sua equipe est\u00e3o por tr\u00e1s de uma cronologia de conflitos por \u00e1gua chamada\u00a0<a class=\"bbc-n8oauk e1cs6q200\" href=\"http:\/\/www.worldwater.org\/conflict\/map\/\" aria-label=\"Water Conflict Chronology, externo\">Water Conflict Chronology<\/a>. Trata-se de um registro de 925 conflitos h\u00eddricos, grandes e pequenos, que remontam aos dias do rei babil\u00f4nico Hammurabi. A lista n\u00e3o \u00e9 exaustiva e os conflitos enumerados variam de guerras a disputas de vizinhos. Mas o que a cronologia revela \u00e9 que a rela\u00e7\u00e3o entre \u00e1gua e conflitos \u00e9 complexa.<\/p>\n<\/div>\n<div class=\"bbc-19j92fr e57qer20\" dir=\"ltr\">\n<p class=\"bbc-bm53ic e1cc2ql70\" dir=\"ltr\">&#8220;Classificamos os conflitos por \u00e1gua em tr\u00eas grupos&#8221;, diz Gleick. &#8220;Como um &#8216;desencadeador&#8217; do conflito, onde a viol\u00eancia se associa a disputas sobre o acesso e o controle da \u00e1gua; como uma &#8216;arma&#8217; do conflito, onde a \u00e1gua \u00e9 utilizada como arsenal, inclusive mediante o uso de represas que ret\u00eam \u00e1gua ou inundam comunidades rio abaixo; e como um &#8216;alvo&#8217; de conflitos, onde recursos h\u00eddricos ou esta\u00e7\u00f5es de tratamento ou dutos s\u00e3o alvos de ataque.&#8221;<\/p>\n<\/div>\n<div class=\"bbc-19j92fr e57qer20\" dir=\"ltr\">\n<h2 id=\"Agricultura-\u00e9-principal-foco\" class=\"bbc-l3e97o e14hemmw0\" tabindex=\"-1\">Agricultura \u00e9 principal foco<\/h2>\n<\/div>\n<div class=\"bbc-19j92fr e57qer20\" dir=\"ltr\">\n<p class=\"bbc-bm53ic e1cc2ql70\" dir=\"ltr\">No entanto, ao ver os registros que Gleick e seus colegas compilaram, fica claro que a maior parte dos conflitos est\u00e1 relacionada \u00e0 agricultura. Talvez isso n\u00e3o seja surpreendente j\u00e1 que a agricultura representa 70% do uso da \u00e1gua doce no planeta.<\/p>\n<\/div>\n<div class=\"bbc-19j92fr e57qer20\" dir=\"ltr\">\n<p class=\"bbc-bm53ic e1cc2ql70\" dir=\"ltr\">Na regi\u00e3o de Sahel, na \u00c1frica, por exemplo, h\u00e1 registros frequentes de violentos enfrentamentos entre pastores e agricultores devido \u00e0 escassez de \u00e1gua para seus animais e cultivos.<\/p>\n<\/div>\n<div class=\"bbc-19j92fr e57qer20\" dir=\"ltr\">\n<p class=\"bbc-bm53ic e1cc2ql70\" dir=\"ltr\">\u00c0 medida que aumenta a demanda por \u00e1gua, tamb\u00e9m cresce a escala dos potenciais conflitos. &#8220;As \u00faltimas pesquisas sobre o tema mostram que a viol\u00eancia relacionada com a \u00e1gua est\u00e1 aumentando com o tempo&#8221;, destacou Charles Iceland, diretor global de \u00e1gua do World Resources Institute.<\/p>\n<\/div>\n<div class=\"bbc-19j92fr e57qer20\" dir=\"ltr\">\n<p class=\"bbc-bm53ic e1cc2ql70\" dir=\"ltr\">&#8220;O crescimento da popula\u00e7\u00e3o e o desenvolvimento econ\u00f4mico est\u00e3o impulsionando a crescente demanda por \u00e1gua no mundo todo. Ao mesmo tempo, as mudan\u00e7as clim\u00e1ticas est\u00e3o diminuindo o abastecimento de \u00e1gua ou fazendo com que as chuvas sejam mais err\u00e1ticas em muitos lugares.&#8221;<\/p>\n<\/div>\n<div class=\"bbc-19j92fr e57qer20\" dir=\"ltr\">\n<p class=\"bbc-bm53ic e1cc2ql70\" dir=\"ltr\">Em nenhum lugar o efeito duplo de estresse h\u00eddrico e mudan\u00e7a clim\u00e1tica \u00e9 mais evidente do que na ampla bacia dos rios Tigre e Eufrates, que inclui Turquia, S\u00edria, Iraque e oeste do Ir\u00e3. Segundo imagens de sat\u00e9lite, a regi\u00e3o est\u00e1 perdendo \u00e1gua subterr\u00e2nea mais r\u00e1pido que quase qualquer outro lugar do mundo.<\/p>\n<\/div>\n<div class=\"bbc-19j92fr e57qer20\" dir=\"ltr\">\n<p class=\"bbc-bm53ic e1cc2ql70\" dir=\"ltr\">E enquanto alguns pa\u00edses fazem tentativas desesperadas para garantir seu abastecimento de \u00e1gua, suas a\u00e7\u00f5es est\u00e3o prejudicando seus vizinhos.<\/p>\n<\/div>\n<div class=\"bbc-1ka88fa e57qer20\" dir=\"ltr\">\n<figure class=\"bbc-1qdcvv9 e6bmn90\">\n<div class=\"bbc-172p16q e57qer20\" dir=\"ltr\">\n<div class=\"bbc-172p16q e57qer20\" dir=\"ltr\">\n<div class=\"bbc-189y18v e57qer20\" dir=\"ltr\">\n<div class=\"bbc-1k5hvrj e1whu0\" data-e2e=\"image-placeholder\">\n<div class=\"lazyload-wrapper \"><img loading=\"lazy\" class=\"eehpdyc0 css-oabvne e1enwo3v0\" src=\"https:\/\/ichef.bbci.co.uk\/news\/640\/cpsprodpb\/1D4E\/production\/_120020570_agua7b.jpg\" srcset=\"https:\/\/ichef.bbci.co.uk\/news\/240\/cpsprodpb\/1D4E\/production\/_120020570_agua7b.jpg 240w, https:\/\/ichef.bbci.co.uk\/news\/320\/cpsprodpb\/1D4E\/production\/_120020570_agua7b.jpg 320w, https:\/\/ichef.bbci.co.uk\/news\/480\/cpsprodpb\/1D4E\/production\/_120020570_agua7b.jpg 480w, https:\/\/ichef.bbci.co.uk\/news\/624\/cpsprodpb\/1D4E\/production\/_120020570_agua7b.jpg 624w, https:\/\/ichef.bbci.co.uk\/news\/800\/cpsprodpb\/1D4E\/production\/_120020570_agua7b.jpg 800w\" alt=\"\u00e1gua chegando em cisterna na Calif\u00f3rnia\" width=\"638\" height=\"359\" \/><\/div>\n<p class=\"bbc-1s1cxbv etq3yw90\" role=\"text\"><span class=\"bbc-1gnhmg2 e1yt7oin0\">CR\u00c9DITO,<\/span><span lang=\"en-GB\">ROBYN BECK\/AFP VIA GETTY IMAGES <\/span>Legenda da foto, A escassez de \u00e1gua afeta aproximadamente 40% da popula\u00e7\u00e3o mundial<\/p>\n<\/div>\n<\/div>\n<\/div>\n<\/div>\n<\/figure>\n<\/div>\n<div class=\"bbc-19j92fr e57qer20\" dir=\"ltr\">\n<p class=\"bbc-bm53ic e1cc2ql70\" dir=\"ltr\">Durante junho de 2019, quando as cidades iraquianas sofreram uma onda de calor de 50\u00b0 C, a Turquia disse que come\u00e7aria a encher o reservat\u00f3rio de sua barragem de Ilisu, nas origens do Tigre.<\/p>\n<\/div>\n<div class=\"bbc-19j92fr e57qer20\" dir=\"ltr\">\n<p class=\"bbc-bm53ic e1cc2ql70\" dir=\"ltr\">A represa \u00e9 parte de um projeto de longa dura\u00e7\u00e3o da Turquia para construir 22 grandes diques e centrais el\u00e9tricas ao largo do Tigre e do Eufrates que, segundo um informe da Ag\u00eancia Internacional Francesa de \u00c1gua, est\u00e1 afetando significativamente o fluxo de \u00e1gua at\u00e9 a S\u00edria, Iraque e Ir\u00e3.<\/p>\n<\/div>\n<div class=\"bbc-19j92fr e57qer20\" dir=\"ltr\">\n<p class=\"bbc-bm53ic e1cc2ql70\" dir=\"ltr\">De acordo com a mesma fonte, esse projeto turco, chamado GAP (Guneydogu Anadolu Projesi), deve incluir a constru\u00e7\u00e3o de at\u00e9 90 represas e 60 centrais el\u00e9tricas quando for finalizado.<\/p>\n<\/div>\n<div class=\"bbc-19j92fr e57qer20\" dir=\"ltr\">\n<p class=\"bbc-bm53ic e1cc2ql70\" dir=\"ltr\">Como o n\u00edvel da \u00e1gua subiu atr\u00e1s da barragem de Ilisu, de mais de 1,5 km de largura, o fluxo do rio para o Iraque foi cortado pela metade. A milhares de quil\u00f4metros de dist\u00e2ncia, em Basra, no Iraque, al-Sadr e seus vizinhos viram a qualidade da \u00e1gua se deteriorar.<\/p>\n<\/div>\n<div class=\"bbc-19j92fr e57qer20\" dir=\"ltr\">\n<p class=\"bbc-bm53ic e1cc2ql70\" dir=\"ltr\">Em agosto de 2018, centenas de pessoas come\u00e7aram a chegar aos hospitais de Basra com erup\u00e7\u00f5es cut\u00e2neas, dores abdominais, v\u00f4mitos, diarreia e at\u00e9 c\u00f3lera, de acordo com a Human Rights Watch.<\/p>\n<\/div>\n<div class=\"bbc-19j92fr e57qer20\" dir=\"ltr\">\n<p class=\"bbc-bm53ic e1cc2ql70\" dir=\"ltr\">&#8220;Na verdade, a hist\u00f3ria de Basra tem duas partes&#8221;, destaca Charles Iceland. &#8220;Primeiro, h\u00e1 o despejo de esgoto nos cursos d&#8217;\u00e1gua locais sem nenhum tratamento. Mas a constru\u00e7\u00e3o de barragens na fronteira com a Turquia tamb\u00e9m deve ser considerada: com menos \u00e1gua doce descendo o Tigre e o Eufrates, a \u00e1gua salgada (do Golfo persa) est\u00e1 se infiltrando rio acima. Com o passar do tempo, est\u00e1 arruinando as colheitas e deixando as pessoas doentes.&#8221;<\/p>\n<\/div>\n<div class=\"bbc-19j92fr e57qer20\" dir=\"ltr\">\n<h2 id=\"Como-prever-conflitos-por-\u00e1gua\" class=\"bbc-l3e97o e14hemmw0\" tabindex=\"-1\">Como prever conflitos por \u00e1gua<\/h2>\n<\/div>\n<div class=\"bbc-19j92fr e57qer20\" dir=\"ltr\">\n<p class=\"bbc-bm53ic e1cc2ql70\" dir=\"ltr\">\u00c9 um problema complexo, mas essa capacidade de enxergar v\u00ednculos entre eventos aparentemente d\u00edspares ajudou orientar o trabalho de Charles Island com a associa\u00e7\u00e3o \u00c1gua, Paz e Seguran\u00e7a (Water, Peace and Security), uma iniciativa financiada pelo governo holand\u00eas e um grupo de seis ONGs americanas e europeias, incluindo o Pacific Institute e o World Resources Institute.<\/p>\n<\/div>\n<div class=\"bbc-19j92fr e57qer20\" dir=\"ltr\">\n<p class=\"bbc-bm53ic e1cc2ql70\" dir=\"ltr\">Eles desenvolveram uma Ferramenta Global de Alerta Precoce, que usa intelig\u00eancia artificial para prever conflitos. O sistema combina dados sobre chuva, safras ruins, densidade populacional, riqueza, produ\u00e7\u00e3o agr\u00edcola, n\u00edveis de corrup\u00e7\u00e3o, secas e inunda\u00e7\u00f5es, entre muitas outras fontes de dados, para produzir alertas de conflito.<\/p>\n<\/div>\n<div class=\"bbc-19j92fr e57qer20\" dir=\"ltr\">\n<p class=\"bbc-bm53ic e1cc2ql70\" dir=\"ltr\">Os potenciais conflitos s\u00e3o mostrados em uma proje\u00e7\u00e3o de Mercator com pontos vermelhos e laranja at\u00e9 o n\u00edvel do distrito administrativo. Atualmente este sistema alerta para cerca de 2.000 poss\u00edveis pontos de conflito, com uma taxa de acerto de 86%.<\/p>\n<\/div>\n<div class=\"bbc-19j92fr e57qer20\" dir=\"ltr\">\n<figure class=\"bbc-1qdcvv9 e6bmn90\">\n<div class=\"bbc-37mmq3 e57qer20\" dir=\"ltr\">\n<div class=\"bbc-37mmq3 e57qer20\" dir=\"ltr\">\n<div class=\"bbc-189y18v e57qer20\" dir=\"ltr\">\n<div class=\"bbc-zt0c33 e1whu0\" data-e2e=\"image-placeholder\">\n<div class=\"lazyload-wrapper \"><img loading=\"lazy\" class=\"eehpdyc0 css-oabvne e1enwo3v0\" src=\"https:\/\/ichef.bbci.co.uk\/news\/640\/cpsprodpb\/95AE\/production\/_119981383_agua2b.jpg\" srcset=\"https:\/\/ichef.bbci.co.uk\/news\/240\/cpsprodpb\/95AE\/production\/_119981383_agua2b.jpg 240w, https:\/\/ichef.bbci.co.uk\/news\/320\/cpsprodpb\/95AE\/production\/_119981383_agua2b.jpg 320w, https:\/\/ichef.bbci.co.uk\/news\/480\/cpsprodpb\/95AE\/production\/_119981383_agua2b.jpg 480w, https:\/\/ichef.bbci.co.uk\/news\/549\/cpsprodpb\/95AE\/production\/_119981383_agua2b.jpg 549w\" alt=\"Barco no rio Indo\" width=\"640\" height=\"640\" \/><\/div>\n<p class=\"bbc-1s1cxbv etq3yw90\" role=\"text\"><span class=\"bbc-1gnhmg2 e1yt7oin0\">CR\u00c9DITO,<\/span><span lang=\"en-GB\">NADEEM KHAWAR\/GETTY IMAGES <\/span>Legenda da foto, O rio Indo \u00e9 fonte vital de \u00e1gua para a \u00cdndia e o Paquist\u00e3o, mas se origina nas montanhas do Tibete, controladas pela China<\/p>\n<\/div>\n<\/div>\n<\/div>\n<\/div>\n<\/figure>\n<\/div>\n<div class=\"bbc-19j92fr e57qer20\" dir=\"ltr\">\n<p class=\"bbc-bm53ic e1cc2ql70\" dir=\"ltr\">Embora a ferramenta de previs\u00e3o identifique conflitos em potencial, ela tamb\u00e9m pode ajudar a entender o que est\u00e1 acontecendo em \u00e1reas que j\u00e1 est\u00e3o enfrentando disputas devido \u00e0 escassez de \u00e1gua.<\/p>\n<\/div>\n<div class=\"bbc-19j92fr e57qer20\" dir=\"ltr\">\n<p class=\"bbc-bm53ic e1cc2ql70\" dir=\"ltr\">As plan\u00edcies do norte da \u00cdndia, por exemplo, s\u00e3o uma das \u00e1reas agr\u00edcolas mais f\u00e9rteis do mundo. No entanto, essa regi\u00e3o \u00e9 palco de frequentes confrontos entre agricultores devido \u00e0 escassez de \u00e1gua.<\/p>\n<\/div>\n<div class=\"bbc-19j92fr e57qer20\" dir=\"ltr\">\n<p class=\"bbc-bm53ic e1cc2ql70\" dir=\"ltr\">Os dados revelam que o crescimento populacional e os altos n\u00edveis de irriga\u00e7\u00e3o j\u00e1 ultrapassaram os suprimentos de \u00e1gua subterr\u00e2nea dispon\u00edveis. Apesar das exuberantes terras agr\u00edcolas na \u00e1rea, o mapa de \u00c1gua, Paz e Seguran\u00e7a classifica quase todos os distritos no norte da \u00cdndia como &#8220;extremamente alto&#8221; em termos de estresse h\u00eddrico.<\/p>\n<\/div>\n<div class=\"bbc-19j92fr e57qer20\" dir=\"ltr\">\n<p class=\"bbc-bm53ic e1cc2ql70\" dir=\"ltr\">V\u00e1rios rios importantes que alimentam a \u00e1rea, o Indo, o Ganges e o Sutlej, originam-se no lado tibetano da fronteira, mas s\u00e3o vitais para o abastecimento de \u00e1gua na \u00cdndia e no Paquist\u00e3o. V\u00e1rios conflitos na fronteira eclodiram recentemente entre \u00cdndia e China, por reivindica\u00e7\u00f5es de \u00e1reas de acesso ao rio.<\/p>\n<\/div>\n<div class=\"bbc-19j92fr e57qer20\" dir=\"ltr\">\n<p class=\"bbc-bm53ic e1cc2ql70\" dir=\"ltr\">Um violento confronto em maio do ano passado no vale de Galwan, por onde passa um afluente do Indo, deixou 20 soldados indianos mortos. Menos de um m\u00eas depois, houve relatos de que a China estava construindo &#8220;estruturas&#8221; que poderiam reduzir o fluxo do rio para a \u00cdndia.<\/p>\n<\/div>\n<div class=\"bbc-1ka88fa e57qer20\" dir=\"ltr\">\n<figure class=\"bbc-1qdcvv9 e6bmn90\">\n<div class=\"bbc-172p16q e57qer20\" dir=\"ltr\">\n<div class=\"bbc-172p16q e57qer20\" dir=\"ltr\">\n<div class=\"bbc-189y18v e57qer20\" dir=\"ltr\">\n<div class=\"bbc-1k5hvrj e1whu0\" data-e2e=\"image-placeholder\">\n<div class=\"lazyload-wrapper \"><img loading=\"lazy\" class=\"eehpdyc0 css-oabvne e1enwo3v0\" src=\"https:\/\/ichef.bbci.co.uk\/news\/640\/cpsprodpb\/BCBE\/production\/_119981384_agua3b.jpg\" srcset=\"https:\/\/ichef.bbci.co.uk\/news\/240\/cpsprodpb\/BCBE\/production\/_119981384_agua3b.jpg 240w, https:\/\/ichef.bbci.co.uk\/news\/320\/cpsprodpb\/BCBE\/production\/_119981384_agua3b.jpg 320w, https:\/\/ichef.bbci.co.uk\/news\/480\/cpsprodpb\/BCBE\/production\/_119981384_agua3b.jpg 480w, https:\/\/ichef.bbci.co.uk\/news\/624\/cpsprodpb\/BCBE\/production\/_119981384_agua3b.jpg 624w, https:\/\/ichef.bbci.co.uk\/news\/800\/cpsprodpb\/BCBE\/production\/_119981384_agua3b.jpg 800w\" alt=\"Volunt\u00e1rios coletando garrafas de pl\u00e1stico em rio\" width=\"640\" height=\"360\" \/><\/div>\n<p class=\"bbc-1s1cxbv etq3yw90\" role=\"text\"><span class=\"bbc-1gnhmg2 e1yt7oin0\">CR\u00c9DITO,<\/span><span lang=\"en-GB\">KHALED DESOUKI\/AFP\/GETTY IMAGES<\/span>Legenda da foto, A escassez de \u00e1gua n\u00e3o se deve somente \u00e0 seca, mas tamb\u00e9m \u00e0 contamina\u00e7\u00e3o e \u00e0 polui\u00e7\u00e3o; acima, volunt\u00e1rios coletando garrafas de pl\u00e1stico em rio<\/p>\n<\/div>\n<\/div>\n<\/div>\n<\/div>\n<\/figure>\n<\/div>\n<div class=\"bbc-19j92fr e57qer20\" dir=\"ltr\">\n<h2 id=\"O-impacto-da-coes\u00e3o-social-no-grau-de-conflito\" class=\"bbc-l3e97o e14hemmw0\" tabindex=\"-1\">O impacto da coes\u00e3o social no grau de conflito<\/h2>\n<\/div>\n<div class=\"bbc-19j92fr e57qer20\" dir=\"ltr\">\n<p class=\"bbc-bm53ic e1cc2ql70\" dir=\"ltr\">Mas os dados capturados pela ferramenta de alerta tamb\u00e9m revelam tend\u00eancias surpreendentes, como migra\u00e7\u00e3o populacional para algumas das \u00e1reas com maior estresse h\u00eddrico.<\/p>\n<\/div>\n<div class=\"bbc-19j92fr e57qer20\" dir=\"ltr\">\n<p class=\"bbc-bm53ic e1cc2ql70\" dir=\"ltr\">Om\u00e3, por exemplo, sofre de n\u00edveis mais altos de seca do que o Iraque, mas antes da pandemia recebia centenas de milhares de migrantes por ano. Isso porque Om\u00e3 tem melhor classifica\u00e7\u00e3o em termos de corrup\u00e7\u00e3o, infraestrutura h\u00eddrica, fracionamento \u00e9tnico e tens\u00e3o hidropol\u00edtica.<\/p>\n<\/div>\n<div class=\"bbc-19j92fr e57qer20\" dir=\"ltr\">\n<p class=\"bbc-bm53ic e1cc2ql70\" dir=\"ltr\">&#8220;A vulnerabilidade de uma comunidade \u00e0 seca \u00e9 mais importante que a seca em si&#8221;, afirmou Lina Eklund, pesquisadora de Geografia F\u00edsica na Universidade de Lund, na Su\u00e9cia.<\/p>\n<\/div>\n<div class=\"bbc-19j92fr e57qer20\" dir=\"ltr\">\n<p class=\"bbc-bm53ic e1cc2ql70\" dir=\"ltr\">O v\u00ednculo entre escassez de \u00e1gua e conflitos, em outras palavras, n\u00e3o \u00e9 t\u00e3o simples como parece. Mesmo quando existe uma seca grave, uma combina\u00e7\u00e3o complexa de fatores vai determinar se realmente isso levar\u00e1 a um conflito: a coes\u00e3o social \u00e9 um dos mais importantes.<\/p>\n<\/div>\n<div class=\"bbc-19j92fr e57qer20\" dir=\"ltr\">\n<p class=\"bbc-bm53ic e1cc2ql70\" dir=\"ltr\">Peguemos a regi\u00e3o do Curdist\u00e3o iraquiano, no norte do Iraque, por exemplo &#8211; uma \u00e1rea que sofreu uma seca de cinco anos que empurrou 1,5 milh\u00e3o de agricultores s\u00edrios a centros urbanos em mar\u00e7o de 2011. A comunidade curda, com seus v\u00ednculos fortes, n\u00e3o passou pelo mesmo \u00eaxodo, descontentamento ou lutas internas.<\/p>\n<\/div>\n<div class=\"bbc-19j92fr e57qer20\" dir=\"ltr\">\n<p class=\"bbc-bm53ic e1cc2ql70\" dir=\"ltr\">Jessica Hartog, chefe de gest\u00e3o de recursos naturais e mudan\u00e7as clim\u00e1ticas da International Alert, uma ONG com sede em Londres, explica que o governo s\u00edrio, que aspirava a autossufici\u00eancia alimentar, apoiou durante muito tempo a agricultura, com subven\u00e7\u00f5es de combust\u00edvel, fertilizantes e extra\u00e7\u00e3o de \u00e1gua subterr\u00e2nea.<\/p>\n<\/div>\n<div class=\"bbc-19j92fr e57qer20\" dir=\"ltr\">\n<p class=\"bbc-bm53ic e1cc2ql70\" dir=\"ltr\">Quando Damasco eliminou abruptamente essas ajudas em meio \u00e0 seca, as fam\u00edlias rurais se viram obrigadas a migrar em massa aos centros urbanos. A crise causou desconfian\u00e7a no regime de Bashir al Assad e isso, por sua vez, impulsionou a guerra civil que tem dizimado o pa\u00eds.<\/p>\n<\/div>\n<div class=\"bbc-1ka88fa e57qer20\" dir=\"ltr\">\n<figure class=\"bbc-1qdcvv9 e6bmn90\">\n<div class=\"bbc-172p16q e57qer20\" dir=\"ltr\">\n<div class=\"bbc-172p16q e57qer20\" dir=\"ltr\">\n<div class=\"bbc-189y18v e57qer20\" dir=\"ltr\">\n<div class=\"bbc-1k5hvrj e1whu0\" data-e2e=\"image-placeholder\">\n<div class=\"lazyload-wrapper \"><img loading=\"lazy\" class=\"eehpdyc0 css-oabvne e1enwo3v0\" src=\"https:\/\/ichef.bbci.co.uk\/news\/640\/cpsprodpb\/927E\/production\/_120020573_agua11b.jpg\" srcset=\"https:\/\/ichef.bbci.co.uk\/news\/240\/cpsprodpb\/927E\/production\/_120020573_agua11b.jpg 240w, https:\/\/ichef.bbci.co.uk\/news\/320\/cpsprodpb\/927E\/production\/_120020573_agua11b.jpg 320w, https:\/\/ichef.bbci.co.uk\/news\/480\/cpsprodpb\/927E\/production\/_120020573_agua11b.jpg 480w, https:\/\/ichef.bbci.co.uk\/news\/624\/cpsprodpb\/927E\/production\/_120020573_agua11b.jpg 624w, https:\/\/ichef.bbci.co.uk\/news\/800\/cpsprodpb\/927E\/production\/_120020573_agua11b.jpg 800w\" alt=\"Planta dessalinizadora de Jubail na Ar\u00e1bia Saudita\" width=\"640\" height=\"360\" \/><\/div>\n<p class=\"bbc-1s1cxbv etq3yw90\" role=\"text\"><span class=\"bbc-1gnhmg2 e1yt7oin0\">CR\u00c9DITO,<\/span><span lang=\"en-GB\">GIUSEPPE CACACE\/AFP VIA GETTY IMAGES<\/span>Legenda da foto, A Ar\u00e1bia Saudita atende 50% das suas necessidades de \u00e1gua com plantas dessalinizadoras<\/p>\n<\/div>\n<\/div>\n<\/div>\n<\/div>\n<\/figure>\n<\/div>\n<div class=\"bbc-19j92fr e57qer20\" dir=\"ltr\">\n<h2 id=\"Como-impedir-confrontos-por-\u00e1gua\" class=\"bbc-l3e97o e14hemmw0\" tabindex=\"-1\">Como impedir confrontos por \u00e1gua<\/h2>\n<\/div>\n<div class=\"bbc-19j92fr e57qer20\" dir=\"ltr\">\n<p class=\"bbc-bm53ic e1cc2ql70\" dir=\"ltr\">Mas se conflitos potenciais de \u00e1gua podem ser identificados, \u00e9 poss\u00edvel fazer algo para impedir que eles ocorram?<\/p>\n<\/div>\n<div class=\"bbc-19j92fr e57qer20\" dir=\"ltr\">\n<p class=\"bbc-bm53ic e1cc2ql70\" dir=\"ltr\">Infelizmente, n\u00e3o existe uma solu\u00e7\u00e3o \u00fanica que possa ser aplicada a v\u00e1rias situa\u00e7\u00f5es. Em muitos pa\u00edses, a simples redu\u00e7\u00e3o de vazamentos no encanamento pode fazer uma grande diferen\u00e7a: o Iraque perde at\u00e9 dois ter\u00e7os da \u00e1gua tratada devido \u00e0 infraestrutura danificada.<\/p>\n<\/div>\n<div class=\"bbc-19j92fr e57qer20\" dir=\"ltr\">\n<p class=\"bbc-bm53ic e1cc2ql70\" dir=\"ltr\">O World Resource Institute tamb\u00e9m sugere abordar a corrup\u00e7\u00e3o e reduzir a extra\u00e7\u00e3o desmedida para agricultura. Charles Iceland prop\u00f5e at\u00e9 mesmo aumentar o pre\u00e7o da \u00e1gua para refletir o verdadeiro custo de fornec\u00ea-la. Em muitas partes do mundo, as pessoas se acostumaram a ver a \u00e1gua como um recurso abundante e barato, e n\u00e3o algo que deveria ser valorizado como um tesouro.<\/p>\n<\/div>\n<div class=\"bbc-19j92fr e57qer20\" dir=\"ltr\">\n<p class=\"bbc-bm53ic e1cc2ql70\" dir=\"ltr\">O n\u00edvel de \u00e1gua dispon\u00edvel tamb\u00e9m pode ser aumentado por t\u00e9cnicas como a dessaliniza\u00e7\u00e3o da \u00e1gua do mar. Atualmente, a Ar\u00e1bia Saudita atende 50% de suas necessidades de \u00e1gua por meio desse processo.<\/p>\n<\/div>\n<div class=\"bbc-19j92fr e57qer20\" dir=\"ltr\">\n<p class=\"bbc-bm53ic e1cc2ql70\" dir=\"ltr\">A reciclagem de \u00e1guas residuais tamb\u00e9m pode oferecer uma alternativa de baixo custo e f\u00e1cil de implementar que pode ajudar as comunidades agr\u00edcolas afetadas pelas secas.<\/p>\n<\/div>\n<div class=\"bbc-19j92fr e57qer20\" dir=\"ltr\">\n<p class=\"bbc-bm53ic e1cc2ql70\" dir=\"ltr\">Uma avalia\u00e7\u00e3o da dessaliniza\u00e7\u00e3o e do tratamento de \u00e1guas residuais estima que o aumento do uso dessas t\u00e9cnicas poderia reduzir a propor\u00e7\u00e3o da popula\u00e7\u00e3o mundial que sofre de severa escassez de \u00e1gua de 40% para 14%.<\/p>\n<\/div>\n<div class=\"bbc-1ka88fa e57qer20\" dir=\"ltr\">\n<figure class=\"bbc-1qdcvv9 e6bmn90\">\n<div class=\"bbc-172p16q e57qer20\" dir=\"ltr\">\n<div class=\"bbc-172p16q e57qer20\" dir=\"ltr\">\n<div class=\"bbc-189y18v e57qer20\" dir=\"ltr\">\n<div class=\"bbc-1k5hvrj e1whu0\" data-e2e=\"image-placeholder\">\n<div class=\"lazyload-wrapper \"><img loading=\"lazy\" class=\"eehpdyc0 css-oabvne e1enwo3v0\" src=\"https:\/\/ichef.bbci.co.uk\/news\/640\/cpsprodpb\/445E\/production\/_120020571_agua8b.jpg\" srcset=\"https:\/\/ichef.bbci.co.uk\/news\/240\/cpsprodpb\/445E\/production\/_120020571_agua8b.jpg 240w, https:\/\/ichef.bbci.co.uk\/news\/320\/cpsprodpb\/445E\/production\/_120020571_agua8b.jpg 320w, https:\/\/ichef.bbci.co.uk\/news\/480\/cpsprodpb\/445E\/production\/_120020571_agua8b.jpg 480w, https:\/\/ichef.bbci.co.uk\/news\/624\/cpsprodpb\/445E\/production\/_120020571_agua8b.jpg 624w, https:\/\/ichef.bbci.co.uk\/news\/800\/cpsprodpb\/445E\/production\/_120020571_agua8b.jpg 800w\" alt=\"Cultivos en California\" width=\"640\" height=\"359\" \/><\/div>\n<p class=\"bbc-1s1cxbv etq3yw90\" role=\"text\"><span class=\"bbc-1gnhmg2 e1yt7oin0\">CR\u00c9DITO,<\/span><span lang=\"en-GB\">GEORGE ROSE\/GETTY IMAGES <\/span>Legenda da foto, A agricultura representa 70% do uso de \u00e1gua doce do planeta<\/p>\n<\/div>\n<\/div>\n<\/div>\n<\/div>\n<\/figure>\n<\/div>\n<div class=\"bbc-19j92fr e57qer20\" dir=\"ltr\">\n<p class=\"bbc-bm53ic e1cc2ql70\" dir=\"ltr\">Em \u00e2mbito internacional, \u00e9 prov\u00e1vel que grandes represas de pa\u00edses a montante aumentem o risco de disputas com pessoas que dependem desses recursos rio abaixo.<\/p>\n<\/div>\n<div class=\"bbc-19j92fr e57qer20\" dir=\"ltr\">\n<p class=\"bbc-bm53ic e1cc2ql70\" dir=\"ltr\">No entanto, Susanne Schmeier, professora de Direito e Diplomacia da \u00c1gua, no instituto IHE Delft para a Educa\u00e7\u00e3o sobre \u00c1gua, nos Pa\u00edses Baixos, destaca que os conflitos ribeirinhos entre pa\u00edses s\u00e3o mais f\u00e1ceis de detectar e menos prov\u00e1veis de chegar a um ponto cr\u00edtico.<\/p>\n<\/div>\n<div class=\"bbc-19j92fr e57qer20\" dir=\"ltr\">\n<p class=\"bbc-bm53ic e1cc2ql70\" dir=\"ltr\">&#8220;Os conflitos locais s\u00e3o muito mais dif\u00edceis de controlar e tendem a aumentar rapidamente, diferentemente dos conflitos transfronteiri\u00e7os, onde as rela\u00e7\u00f5es entre os Estados muitas vezes limitam a escalada dos conflitos relacionados com a \u00e1gua&#8221;, disse Schmeier.<\/p>\n<\/div>\n<div class=\"bbc-19j92fr e57qer20\" dir=\"ltr\">\n<p class=\"bbc-bm53ic e1cc2ql70\" dir=\"ltr\">No entanto, existem muitos exemplos em todo o mundo onde as tens\u00f5es s\u00e3o altas: o conflito do Mar de Aral, envolvendo Cazaquist\u00e3o, Uzbequist\u00e3o, Turcomenist\u00e3o, Tadjiquist\u00e3o e Quirguist\u00e3o; o conflito do rio Jord\u00e3o entre os estados levantinos; e a disputa do rio Mekong entre a China e seus vizinhos do sudeste asi\u00e1tico.<\/p>\n<\/div>\n<div class=\"bbc-19j92fr e57qer20\" dir=\"ltr\">\n<p class=\"bbc-bm53ic e1cc2ql70\" dir=\"ltr\">Nenhuma dessas disc\u00f3rdias se transformou em conflito, mas Schmeier menciona uma disputa que poderia desencadear um confronto. Egito, Sud\u00e3o e Eti\u00f3pia dependem do rio Nilo e, durante muito tempo, trocam acusa\u00e7\u00f5es sobre o projeto da Grande Represa do Renascimento da Eti\u00f3pia (Great Ethiopian Renaissance Dam ou GERD)- uma obra de US$5 bilh\u00f5es e tr\u00eas vezes o tamanho do Lago Tana.<\/p>\n<\/div>\n<div class=\"bbc-19j92fr e57qer20\" dir=\"ltr\">\n<p class=\"bbc-bm53ic e1cc2ql70\" dir=\"ltr\">Quando o governo et\u00edope anunciou o plano de seguir adiante com o projeto, Egito e Sud\u00e3o promoveram exerc\u00edcios de guerra conjuntos em maio deste ano, que chamaram deliberadamente de &#8220;Guardi\u00e3es do Nilo&#8221;.<\/p>\n<\/div>\n<div class=\"bbc-19j92fr e57qer20\" dir=\"ltr\">\n<p class=\"bbc-bm53ic e1cc2ql70\" dir=\"ltr\">Essa disputa talvez seja, atualmente, a de maior risco de se converter numa guerra pela \u00e1gua, mas h\u00e1 v\u00e1rios outros locais em estado cr\u00edtico de tens\u00e3o.<\/p>\n<\/div>\n<div class=\"bbc-19j92fr e57qer20\" dir=\"ltr\">\n<p class=\"bbc-bm53ic e1cc2ql70\" dir=\"ltr\">Funcion\u00e1rios paquistaneses, por exemplo, t\u00eam se referido \u00e0 estrat\u00e9gia de uso das \u00e1guas que cruzam a fronteira com a \u00cdndia de &#8220;guerra da quinta gera\u00e7\u00e3o&#8221;, enquanto o ex-presidente do Uzbequist\u00e3o Islam Karimov advertiu que disputas regionais por \u00e1gua poderiam provocar uma guerra.<\/p>\n<\/div>\n<div class=\"bbc-19j92fr e57qer20\" dir=\"ltr\">\n<p class=\"bbc-bm53ic e1cc2ql70\" dir=\"ltr\">&#8220;N\u00e3o vou citar pa\u00edses espec\u00edficos, mas tudo isso poderia se deteriorar ao ponto de o resultado ser n\u00e3o s\u00f3 um confronto, mas tamb\u00e9m guerras&#8221;, disse Karimov, que governou o pa\u00eds de 1991 at\u00e9 a sua morte em 2016.<\/p>\n<\/div>\n<div class=\"bbc-1ka88fa e57qer20\" dir=\"ltr\">\n<figure class=\"bbc-1qdcvv9 e6bmn90\">\n<div class=\"bbc-172p16q e57qer20\" dir=\"ltr\">\n<div class=\"bbc-172p16q e57qer20\" dir=\"ltr\">\n<div class=\"bbc-189y18v e57qer20\" dir=\"ltr\">\n<div class=\"bbc-1k5hvrj e1whu0\" data-e2e=\"image-placeholder\">\n<div class=\"lazyload-wrapper \"><img loading=\"lazy\" class=\"eehpdyc0 css-oabvne e1enwo3v0\" src=\"https:\/\/ichef.bbci.co.uk\/news\/640\/cpsprodpb\/E3CE\/production\/_119981385_agua4b.jpg\" srcset=\"https:\/\/ichef.bbci.co.uk\/news\/240\/cpsprodpb\/E3CE\/production\/_119981385_agua4b.jpg 240w, https:\/\/ichef.bbci.co.uk\/news\/320\/cpsprodpb\/E3CE\/production\/_119981385_agua4b.jpg 320w, https:\/\/ichef.bbci.co.uk\/news\/480\/cpsprodpb\/E3CE\/production\/_119981385_agua4b.jpg 480w, https:\/\/ichef.bbci.co.uk\/news\/624\/cpsprodpb\/E3CE\/production\/_119981385_agua4b.jpg 624w, https:\/\/ichef.bbci.co.uk\/news\/800\/cpsprodpb\/E3CE\/production\/_119981385_agua4b.jpg 800w\" alt=\"Grande Represa do Renascimento\" width=\"640\" height=\"360\" \/><\/div>\n<p class=\"bbc-1s1cxbv etq3yw90\" role=\"text\"><span class=\"bbc-1gnhmg2 e1yt7oin0\">CR\u00c9DITO,<\/span><span lang=\"en-GB\">EDUARDO SOTERAS\/AFP\/GETTY IMAGES <\/span>Legenda da foto, A Grande Represa do Renascimento, constru\u00edda na Eti\u00f3pia, \u00e9 ponto de tens\u00e3o crescente com o Egito e o Sud\u00e3o<\/p>\n<\/div>\n<\/div>\n<\/div>\n<\/div>\n<\/figure>\n<\/div>\n<div class=\"bbc-19j92fr e57qer20\" dir=\"ltr\">\n<p class=\"bbc-bm53ic e1cc2ql70\" dir=\"ltr\">Os acordos para compartilhar a \u00e1gua s\u00e3o uma forma comum de acalmar esse tipo de disputa. Foram firmados mais de 200 acordos desse tipo desde o final da Segunda Guerra Mundial, como o Tratado de \u00c1guas do Indo de 1960, entre \u00cdndia e Paquist\u00e3o, e o acordo entre Israel e Jord\u00e2nia firmado antes do tratado de paz.<\/p>\n<\/div>\n<div class=\"bbc-19j92fr e57qer20\" dir=\"ltr\">\n<h2 id=\"Dificuldade-de-negocia\u00e7\u00e3o\" class=\"bbc-l3e97o e14hemmw0\" tabindex=\"-1\">Dificuldade de negocia\u00e7\u00e3o<\/h2>\n<\/div>\n<div class=\"bbc-19j92fr e57qer20\" dir=\"ltr\">\n<p class=\"bbc-bm53ic e1cc2ql70\" dir=\"ltr\">Mas uma tentativa de mais de uma d\u00e9cada da ONU de introduzir uma Conven\u00e7\u00e3o Global da \u00c1gua sobre rios e lagos transfronteiri\u00e7os s\u00f3 conseguiu que 43 pa\u00edses aderissem \u00e0 iniciativa.<\/p>\n<\/div>\n<div class=\"bbc-19j92fr e57qer20\" dir=\"ltr\">\n<p class=\"bbc-bm53ic e1cc2ql70\" dir=\"ltr\">Hartog diz que os tratados modernos provavelmente precisar\u00e3o incluir protocolos de mitiga\u00e7\u00e3o de secas para acalmar os temores entre pa\u00edses de que na\u00e7\u00f5es vizinhas restrinjam o acesso a rios durante uma crise. Os acordos tamb\u00e9m devem conter mecanismos de resolu\u00e7\u00e3o de disputas.<\/p>\n<\/div>\n<div class=\"bbc-19j92fr e57qer20\" dir=\"ltr\">\n<p class=\"bbc-bm53ic e1cc2ql70\" dir=\"ltr\">Um exemplo positivo \u00e9 o de Lesoto, \u00c1frica do Sul, Botswana e Nam\u00edbia que, ap\u00f3s um aumento perigoso nas tens\u00f5es por acesso a \u00e1gua no ano 2000, intensificaram a coopera\u00e7\u00e3o atrav\u00e9s da chamada Comiss\u00e3o do Rio Orange-Senqu (Orasecom).<\/p>\n<\/div>\n<div class=\"bbc-19j92fr e57qer20\" dir=\"ltr\">\n<p class=\"bbc-bm53ic e1cc2ql70\" dir=\"ltr\">Neste caso, a negocia\u00e7\u00e3o de acordos, com a consagra\u00e7\u00e3o dos princ\u00edpios de uso razo\u00e1vel da \u00e1gua, foi suficiente para aliviar a situa\u00e7\u00e3o.<\/p>\n<\/div>\n<div class=\"bbc-19j92fr e57qer20\" dir=\"ltr\">\n<h2 id=\"Dessaliniza\u00e7\u00e3o-\u00e9-estrat\u00e9gia-mais-eficiente\" class=\"bbc-l3e97o e14hemmw0\" tabindex=\"-1\">Dessaliniza\u00e7\u00e3o \u00e9 estrat\u00e9gia mais eficiente<\/h2>\n<\/div>\n<div class=\"bbc-19j92fr e57qer20\" dir=\"ltr\">\n<p class=\"bbc-bm53ic e1cc2ql70\" dir=\"ltr\">Mas, quando se trata de liberar recursos adicionais, os estudos indicam mais uma vez que a dessaliniza\u00e7\u00e3o e o tratamento de \u00e1guas residuais s\u00e3o as estrat\u00e9gias mais eficientes.<\/p>\n<\/div>\n<div class=\"bbc-19j92fr e57qer20\" dir=\"ltr\">\n<p class=\"bbc-bm53ic e1cc2ql70\" dir=\"ltr\">Talvez o Egito esteja prestando aten\u00e7\u00e3o a isso. No ano passado, o governo eg\u00edpcio negociou uma s\u00e9rie de acordos para construir at\u00e9 47 novas plantas de dessaliniza\u00e7\u00e3o, al\u00e9m da maior planta de tratamento de \u00e1guas residuais do mundo.<\/p>\n<\/div>\n<div class=\"bbc-19j92fr e57qer20\" dir=\"ltr\">\n<p class=\"bbc-bm53ic e1cc2ql70\" dir=\"ltr\">No entanto, ainda que autoridades eg\u00edpcias tenham acelerado a constru\u00e7\u00e3o das plantas, a maior parte desses projetos s\u00f3 vai ser conclu\u00edda depois de 2030. Enquanto isso, a situa\u00e7\u00e3o da \u00e1gua no pa\u00eds continua a se deteriorar.<\/p>\n<\/div>\n<div class=\"bbc-19j92fr e57qer20\" dir=\"ltr\">\n<p class=\"bbc-bm53ic e1cc2ql70\" dir=\"ltr\">Hartog acredita que Egito, Eti\u00f3pia e Sud\u00e3o podem precisar de ajuda externa se quiserem evitar conflitos.<\/p>\n<\/div>\n<div class=\"bbc-19j92fr e57qer20\" dir=\"ltr\">\n<p class=\"bbc-bm53ic e1cc2ql70\" dir=\"ltr\">&#8220;Parece improv\u00e1vel que os tr\u00eas pa\u00edses cheguem a um acordo por conta pr\u00f3pria e os esfor\u00e7os diplom\u00e1ticos internacionais devem ser intensificados para evitar uma escalada&#8221;, disse ele, acrescentando que a press\u00e3o sobre o governo cada vez mais isolacionista de Addis Abeba est\u00e1 aumentando.<\/p>\n<\/div>\n<div class=\"bbc-19j92fr e57qer20\" dir=\"ltr\">\n<p class=\"bbc-bm53ic e1cc2ql70\" dir=\"ltr\">&#8220;Este poderia ser o melhor ponto de entrada para pa\u00edses como Estados Unidos, R\u00fassia e China unirem for\u00e7as para ajudar esses pa\u00edses ribeirinhos a garantir um acordo trilateral vinculativo.&#8221;<\/p>\n<\/div>\n<div class=\"bbc-1ka88fa e57qer20\" dir=\"ltr\">\n<figure class=\"bbc-1qdcvv9 e6bmn90\">\n<div class=\"bbc-172p16q e57qer20\" dir=\"ltr\">\n<div class=\"bbc-172p16q e57qer20\" dir=\"ltr\">\n<div class=\"bbc-189y18v e57qer20\" dir=\"ltr\">\n<div class=\"bbc-1k5hvrj e1whu0\" data-e2e=\"image-placeholder\">\n<div class=\"lazyload-wrapper \"><img loading=\"lazy\" class=\"eehpdyc0 css-oabvne e1enwo3v0\" src=\"https:\/\/ichef.bbci.co.uk\/news\/640\/cpsprodpb\/10ADE\/production\/_119981386_agua5b.jpg\" srcset=\"https:\/\/ichef.bbci.co.uk\/news\/240\/cpsprodpb\/10ADE\/production\/_119981386_agua5b.jpg 240w, https:\/\/ichef.bbci.co.uk\/news\/320\/cpsprodpb\/10ADE\/production\/_119981386_agua5b.jpg 320w, https:\/\/ichef.bbci.co.uk\/news\/480\/cpsprodpb\/10ADE\/production\/_119981386_agua5b.jpg 480w, https:\/\/ichef.bbci.co.uk\/news\/624\/cpsprodpb\/10ADE\/production\/_119981386_agua5b.jpg 624w, https:\/\/ichef.bbci.co.uk\/news\/800\/cpsprodpb\/10ADE\/production\/_119981386_agua5b.jpg 800w\" alt=\"Rio Orange-Senqu\" width=\"640\" height=\"360\" \/><\/div>\n<p class=\"bbc-1s1cxbv etq3yw90\" role=\"text\"><span class=\"bbc-1gnhmg2 e1yt7oin0\">CR\u00c9DITO,<\/span><span lang=\"en-GB\">JOHN WESSELS\/AFP\/GETTY IMAGES <\/span>Legenda da foto, Em 2000 foi firmado um acordo para compartilhar \u00e1gua do rio Orange-Senqu no sul da \u00c1frica<\/p>\n<\/div>\n<\/div>\n<\/div>\n<\/div>\n<\/figure>\n<\/div>\n<div class=\"bbc-19j92fr e57qer20\" dir=\"ltr\">\n<h2 id=\"E-como-resolver-conflitos-internos\" class=\"bbc-l3e97o e14hemmw0\" tabindex=\"-1\">E como resolver conflitos internos<\/h2>\n<\/div>\n<div class=\"bbc-19j92fr e57qer20\" dir=\"ltr\">\n<p class=\"bbc-bm53ic e1cc2ql70\" dir=\"ltr\">V\u00e1rios pa\u00edses est\u00e3o impulsionando iniciativas para administrar melhor a \u00e1gua. O Peru, por exemplo, requer que os provedores de servi\u00e7os de \u00e1gua revertam parte de seus lucros em pesquisa e uso de infraestrutura verde na gest\u00e3o de \u00e1guas pluviais.<\/p>\n<\/div>\n<div class=\"bbc-19j92fr e57qer20\" dir=\"ltr\">\n<p class=\"bbc-bm53ic e1cc2ql70\" dir=\"ltr\">O Vietn\u00e3 est\u00e1 combatendo a polui\u00e7\u00e3o industrial ao longo de sua parte do Delta do Mekong e tamb\u00e9m est\u00e1 integrando infraestrutura para garantir uma distribui\u00e7\u00e3o mais justa entre seus residentes urbanos e rurais.<\/p>\n<\/div>\n<div class=\"bbc-19j92fr e57qer20\" dir=\"ltr\">\n<p class=\"bbc-bm53ic e1cc2ql70\" dir=\"ltr\">\u00c0 medida que as mudan\u00e7as clim\u00e1ticas e o crescimento populacional continuam a agravar o problema das secas em todo o mundo, essas solu\u00e7\u00f5es ser\u00e3o cada vez mais necess\u00e1rias para interromper o conflito e a migra\u00e7\u00e3o.<\/p>\n<\/div>\n<div class=\"bbc-19j92fr e57qer20\" dir=\"ltr\">\n<p class=\"bbc-bm53ic e1cc2ql70\" dir=\"ltr\">Em dezembro do ano passado, mais de dois anos depois de Ali al Sadr abandonar Basra, menos de 11% das casas dessa cidade iraquiana tinham acesso a \u00e1gua pot\u00e1vel.<\/p>\n<\/div>\n<div class=\"bbc-19j92fr e57qer20\" dir=\"ltr\">\n<p class=\"bbc-bm53ic e1cc2ql70\" dir=\"ltr\">Uma inje\u00e7\u00e3o de US$ 6,4 milh\u00f5es no final de 2020 da Holanda por meio do Unicef, o Fundo das Na\u00e7\u00f5es Unidas para a Inf\u00e2ncia, est\u00e1 ajudando a melhorar a infraestrutura de \u00e1gua da cidade. Mas as quedas de energia no in\u00edcio do ver\u00e3o desligaram muitos dos sistemas de bombeamento de \u00e1gua em meio a altas temperaturas.<\/p>\n<\/div>\n<div class=\"bbc-19j92fr e57qer20\" dir=\"ltr\">\n<p class=\"bbc-bm53ic e1cc2ql70\" dir=\"ltr\">\u00c9 dif\u00edcil para os residentes de Basra pensar em problemas a n\u00edvel global quando enfrentam dificuldades para obter \u00e1gua pot\u00e1vel diariamente. A cidade voltou a ser palco de agita\u00e7\u00e3o nos \u00faltimos meses, e Al Sadr acredita que as manifesta\u00e7\u00f5es v\u00e3o continuar at\u00e9 que a situa\u00e7\u00e3o melhore.<\/p>\n<\/div>\n<div class=\"bbc-19j92fr e57qer20\" dir=\"ltr\">\n<p class=\"bbc-bm53ic e1cc2ql70\" dir=\"ltr\">&#8220;Quando eu estava protestando, n\u00e3o sabia o que estava por tr\u00e1s de toda essa crise&#8221;, disse Ali.<\/p>\n<\/div>\n<div class=\"bbc-19j92fr e57qer20\" dir=\"ltr\">\n<p class=\"bbc-bm53ic e1cc2ql70\" dir=\"ltr\">&#8220;Eu s\u00f3 queria pouco de \u00e1gua para beber.&#8221;<\/p>\n<\/div>\n<p>&nbsp;<\/p>\n<p>Fonte: <a href=\"https:\/\/www.bbc.com\/portuguese\/geral-58319129\" target=\"_blank\" rel=\"noopener\">BBC Brasil<\/a> &#8211; Sandy Milne ASAAD NIAZI\/AFP\/GETTY IMAGES<\/p>\n","protected":false},"excerpt":{"rendered":"<p>Em entrevista \u00e0 BBC via Zoom de seu apartamento em Amsterd\u00e3, Ali al Sadr faz<\/p>\n","protected":false},"author":1,"featured_media":152532,"comment_status":"closed","ping_status":"open","sticky":false,"template":"","format":"standard","meta":[],"categories":[3],"tags":[],"uagb_featured_image_src":{"full":["https:\/\/espacoecologico.com.br\/arquivo\/wp-content\/uploads\/2021\/09\/agua-3-300x192-1.jpg",300,192,false],"thumbnail":["https:\/\/espacoecologico.com.br\/arquivo\/wp-content\/uploads\/2021\/09\/agua-3-300x192-1-150x150.jpg",150,150,true],"medium":["https:\/\/espacoecologico.com.br\/arquivo\/wp-content\/uploads\/2021\/09\/agua-3-300x192-1.jpg",300,192,false],"medium_large":["https:\/\/espacoecologico.com.br\/arquivo\/wp-content\/uploads\/2021\/09\/agua-3-300x192-1.jpg",300,192,false],"large":["https:\/\/espacoecologico.com.br\/arquivo\/wp-content\/uploads\/2021\/09\/agua-3-300x192-1.jpg",300,192,false],"1536x1536":["https:\/\/espacoecologico.com.br\/arquivo\/wp-content\/uploads\/2021\/09\/agua-3-300x192-1.jpg",300,192,false],"2048x2048":["https:\/\/espacoecologico.com.br\/arquivo\/wp-content\/uploads\/2021\/09\/agua-3-300x192-1.jpg",300,192,false],"cream-magazine-thumbnail-2":["https:\/\/espacoecologico.com.br\/arquivo\/wp-content\/uploads\/2021\/09\/agua-3-300x192-1.jpg",300,192,false],"cream-magazine-thumbnail-3":["https:\/\/espacoecologico.com.br\/arquivo\/wp-content\/uploads\/2021\/09\/agua-3-300x192-1.jpg",300,192,false],"cream-magazine-thumbnail-4":["https:\/\/espacoecologico.com.br\/arquivo\/wp-content\/uploads\/2021\/09\/agua-3-300x192-1.jpg",300,192,false]},"uagb_author_info":{"display_name":"sabrina","author_link":"https:\/\/espacoecologico.com.br\/arquivo\/author\/sabrina\/"},"uagb_comment_info":0,"uagb_excerpt":"Em entrevista \u00e0 BBC via Zoom de seu apartamento em Amsterd\u00e3, Ali al Sadr faz","_links":{"self":[{"href":"https:\/\/espacoecologico.com.br\/arquivo\/wp-json\/wp\/v2\/posts\/152531"}],"collection":[{"href":"https:\/\/espacoecologico.com.br\/arquivo\/wp-json\/wp\/v2\/posts"}],"about":[{"href":"https:\/\/espacoecologico.com.br\/arquivo\/wp-json\/wp\/v2\/types\/post"}],"author":[{"embeddable":true,"href":"https:\/\/espacoecologico.com.br\/arquivo\/wp-json\/wp\/v2\/users\/1"}],"replies":[{"embeddable":true,"href":"https:\/\/espacoecologico.com.br\/arquivo\/wp-json\/wp\/v2\/comments?post=152531"}],"version-history":[{"count":1,"href":"https:\/\/espacoecologico.com.br\/arquivo\/wp-json\/wp\/v2\/posts\/152531\/revisions"}],"predecessor-version":[{"id":152533,"href":"https:\/\/espacoecologico.com.br\/arquivo\/wp-json\/wp\/v2\/posts\/152531\/revisions\/152533"}],"wp:featuredmedia":[{"embeddable":true,"href":"https:\/\/espacoecologico.com.br\/arquivo\/wp-json\/wp\/v2\/media\/152532"}],"wp:attachment":[{"href":"https:\/\/espacoecologico.com.br\/arquivo\/wp-json\/wp\/v2\/media?parent=152531"}],"wp:term":[{"taxonomy":"category","embeddable":true,"href":"https:\/\/espacoecologico.com.br\/arquivo\/wp-json\/wp\/v2\/categories?post=152531"},{"taxonomy":"post_tag","embeddable":true,"href":"https:\/\/espacoecologico.com.br\/arquivo\/wp-json\/wp\/v2\/tags?post=152531"}],"curies":[{"name":"wp","href":"https:\/\/api.w.org\/{rel}","templated":true}]}}