{"id":152523,"date":"2021-08-29T14:34:09","date_gmt":"2021-08-29T17:34:09","guid":{"rendered":"https:\/\/espacoecologico.com.br\/arquivo\/?p=152523"},"modified":"2021-09-03T15:55:12","modified_gmt":"2021-09-03T18:55:12","slug":"a-saude-dos-animais","status":"publish","type":"post","link":"https:\/\/espacoecologico.com.br\/arquivo\/a-saude-dos-animais\/","title":{"rendered":"A sa\u00fade dos animais tende a exigir aten\u00e7\u00e3o especial conforme a idade avan\u00e7a"},"content":{"rendered":"<p><a href=\"https:\/\/espacoecologiconoar.com.br\/a-saude-dos-animais-tende-a-exigir-atencao-especial-conforme-a-idade-avanca\/cao-60\/\" rel=\"attachment wp-att-152473\"><img loading=\"lazy\" class=\"alignleft size-medium wp-image-152473\" src=\"http:\/\/espacoecologiconoar.com.br\/wp-content\/uploads\/2021\/08\/cao-6-300x192.jpg\" alt=\"\" width=\"300\" height=\"192\" \/><\/a>Muito se fala a respeito dos cuidados com os animais de estima\u00e7\u00e3o em cada fase da vida, pois, assim como os seres humanos, as necessidades dos amigos de quatro patas variam conforme o envelhecimento avan\u00e7a.<\/p>\n<p>Caso voc\u00ea n\u00e3o saiba os cachorros amadurecem em um ritmo diferente dos humanos: o primeiro ano do animal equivale a 15 anos de uma pessoa, como explica a veterin\u00e1ria Farah de Andrade, da\u00a0<a href=\"https:\/\/www.drogavet.com.br\/\" target=\"_blank\" rel=\"noopener\">DrogaVET<\/a>.\u00a0 &#8220;Nessa fase de filhote, o c\u00e3o sofre diversas transforma\u00e7\u00f5es, vai de beb\u00ea a adulto em pouqu\u00edssimos meses, amadurecendo bem mais r\u00e1pido que n\u00f3s, humanos&#8221;, afirma. Ela destaca ainda que os gatos, por sua vez, s\u00f3 entram na\u00a0terceira idade\u00a0aos dez anos.<\/p>\n<p>Por essa raz\u00e3o, os tutores precisam ficar atentos com o avan\u00e7o da idade, j\u00e1 que costumam aparecer doen\u00e7as geri\u00e1tricas relacionadas ao envelhecimento do organismo. &#8220;\u00c9 comum surgirem problemas card\u00edacos, insufici\u00eancia renal, artropatias, catarata, dist\u00farbios cognitivos e doen\u00e7as periodontais&#8221;, pontua a veterin\u00e1ria.<\/p>\n<p>Pensando nisso, a m\u00e9dica veterin\u00e1ria Thais Matos, especialista da \u00e1rea de seguran\u00e7a e confian\u00e7a da\u00a0DogHero,\u00a0 listou algumas dicas para voc\u00ea cuidar do seu amigo de quatro patas durante a velhice. Confira!<\/p>\n<figure><img loading=\"lazy\" class=\"\" title=\"\" src=\"https:\/\/s2.glbimg.com\/oOpPJU6pvvC4hMrua8wiLcpCvXU=\/620x466\/smart\/e.glbimg.com\/og\/ed\/f\/original\/2021\/08\/27\/cachorro-idoso_1.jpg\" alt=\"Como cuidar de cachorros idosos (Foto: Getty Images)\" width=\"639\" height=\"480\" \/><\/figure>\n<h2>Alimenta\u00e7\u00e3o pastosa<\/h2>\n<p>Por conta\u00a0 da idade, c\u00e3es idosos t\u00eam o ritmo da digest\u00e3o e de absor\u00e7\u00e3o de alimentos reduzido. Isso faz com que os cachorros precisem se alimentar com uma ra\u00e7\u00e3o que seja de f\u00e1cil digest\u00e3o e rica em prote\u00ednas. No caso de animais que j\u00e1 estiverem sem alguns dentes, o ideal \u00e9 apostar em refei\u00e7\u00f5es mais pastosas. \u201cO tutor pode at\u00e9 mesmo esquentar um pouco de \u00e1gua e colocar na ra\u00e7\u00e3o para que o animal n\u00e3o tenha dificuldades ao mastigar\u201d, sugere Thais.<\/p>\n<h2>Mobilidade reduzida<\/h2>\n<p>Assim como acontece com os humanos idosos, uma caminhada pode ser desgastante para c\u00e3es mais velhos. Por conta de problemas de sa\u00fade como artrite, artrose, problemas nas juntas e na coluna, pode ser que n\u00e3o tenham energia para correr e brincar como os c\u00e3es filhotes. \u201cPara facilitar a locomo\u00e7\u00e3o do animal, \u00e9 prefer\u00edvel deixar a caminha perto do comedouro e do bebedouro\u201d, comenta. Em rela\u00e7\u00e3o aos passeios, os pais e m\u00e3es de pets devem manter as atividades, mas devem tomar cuidado com a intensidade e dura\u00e7\u00e3o do\u00a0exerc\u00edcio.<\/p>\n<h2>Sono<\/h2>\n<p>Ainda segundo a m\u00e9dica veterin\u00e1ria, um c\u00e3o idoso tende a dormir mais e passar mais tempo deitado. Por isso, os tutores n\u00e3o devem esperar que um cachorro mais velho tenha a mesma disposi\u00e7\u00e3o que um pet mais jovem. Apesar de estranhar tamanha sonol\u00eancia, os pais e m\u00e3es de animais n\u00e3o devem se preocupar, at\u00e9 porque \u00e9 normal que esses c\u00e3es durmam entre 15 e 18 horas por dia. \u00c9 v\u00e1lido saber que o\u00a0sono\u00a0na velhice \u00e9 um fator importante para que o animal recupere as suas energias.<\/p>\n<h2>Viv\u00eancia com outros pets<\/h2>\n<p>As limita\u00e7\u00f5es que a idade avan\u00e7ada traz faz com que alguns c\u00e3es se tornem um pouco ranzinzas. \u201cO contato com animais agitados e brincalh\u00f5es pode estressar o c\u00e3ozinho mais velho, cans\u00e1-lo e at\u00e9 fazer com que ele tenha atitudes agressivas por se sentir acuado ou com o espa\u00e7o invadido\u201d, esclarece a m\u00e9dica veterin\u00e1ria.<\/p>\n<figure><img loading=\"lazy\" class=\"\" title=\"\" src=\"https:\/\/s2.glbimg.com\/j8mzoGxbk9sitRUP7-xFWausoog=\/620x466\/smart\/e.glbimg.com\/og\/ed\/f\/original\/2021\/08\/27\/cachorro-idoso-3.jpg\" alt=\"Como cuidar de cachorros idosos (Foto: Getty Images)\" width=\"639\" height=\"480\" \/><\/figure>\n<aside><\/aside>\n<h2>Consulta ao m\u00e9dico veterin\u00e1rio<\/h2>\n<p>Com o desgaste da sa\u00fade, \u00e9 comum que os pets idosos tenham que ir mais vezes ao m\u00e9dico veterin\u00e1rio. Segundo a especialista da DogHero, o ideal \u00e9 que cachorros idosos passem por consultas pelo menos de seis em seis meses. Tal regularidade de exames e acompanhamento ajudar\u00e1 a detectar e prevenir doen\u00e7as, al\u00e9m de manter o\u00a0bem-estar\u00a0do bichinho. Mesmo com o desafio atual da volta \u00e0 rotina e o distanciamento social, em algumas localidades, j\u00e1 est\u00e1 dispon\u00edvel o servi\u00e7o de veterin\u00e1rio a domic\u00edlio, idealizado para facilitar a vida de pais e m\u00e3es de pets com consultas e vacina\u00e7\u00e3o em casa.<\/p>\n<p>Fonte: <a href=\"https:\/\/casavogue.globo.com\/Colunas\/Casinha-Vogue\/noticia\/2021\/08\/como-cuidar-de-cachorros-idosos.html\" target=\"_blank\" rel=\"noopener\">Casa Vogue &#8211; CAMILA SANTOS<\/a> | FOTO GETTY IMAGES<\/p>\n","protected":false},"excerpt":{"rendered":"<p>Muito se fala a respeito dos cuidados com os animais de estima\u00e7\u00e3o em cada fase<\/p>\n","protected":false},"author":1,"featured_media":152524,"comment_status":"closed","ping_status":"open","sticky":false,"template":"","format":"standard","meta":[],"categories":[3],"tags":[],"uagb_featured_image_src":{"full":["https:\/\/espacoecologico.com.br\/arquivo\/wp-content\/uploads\/2021\/09\/cao-6-300x192-1.jpg",300,192,false],"thumbnail":["https:\/\/espacoecologico.com.br\/arquivo\/wp-content\/uploads\/2021\/09\/cao-6-300x192-1-150x150.jpg",150,150,true],"medium":["https:\/\/espacoecologico.com.br\/arquivo\/wp-content\/uploads\/2021\/09\/cao-6-300x192-1.jpg",300,192,false],"medium_large":["https:\/\/espacoecologico.com.br\/arquivo\/wp-content\/uploads\/2021\/09\/cao-6-300x192-1.jpg",300,192,false],"large":["https:\/\/espacoecologico.com.br\/arquivo\/wp-content\/uploads\/2021\/09\/cao-6-300x192-1.jpg",300,192,false],"1536x1536":["https:\/\/espacoecologico.com.br\/arquivo\/wp-content\/uploads\/2021\/09\/cao-6-300x192-1.jpg",300,192,false],"2048x2048":["https:\/\/espacoecologico.com.br\/arquivo\/wp-content\/uploads\/2021\/09\/cao-6-300x192-1.jpg",300,192,false],"cream-magazine-thumbnail-2":["https:\/\/espacoecologico.com.br\/arquivo\/wp-content\/uploads\/2021\/09\/cao-6-300x192-1.jpg",300,192,false],"cream-magazine-thumbnail-3":["https:\/\/espacoecologico.com.br\/arquivo\/wp-content\/uploads\/2021\/09\/cao-6-300x192-1.jpg",300,192,false],"cream-magazine-thumbnail-4":["https:\/\/espacoecologico.com.br\/arquivo\/wp-content\/uploads\/2021\/09\/cao-6-300x192-1.jpg",300,192,false]},"uagb_author_info":{"display_name":"sabrina","author_link":"https:\/\/espacoecologico.com.br\/arquivo\/author\/sabrina\/"},"uagb_comment_info":0,"uagb_excerpt":"Muito se fala a respeito dos cuidados com os animais de estima\u00e7\u00e3o em cada fase","_links":{"self":[{"href":"https:\/\/espacoecologico.com.br\/arquivo\/wp-json\/wp\/v2\/posts\/152523"}],"collection":[{"href":"https:\/\/espacoecologico.com.br\/arquivo\/wp-json\/wp\/v2\/posts"}],"about":[{"href":"https:\/\/espacoecologico.com.br\/arquivo\/wp-json\/wp\/v2\/types\/post"}],"author":[{"embeddable":true,"href":"https:\/\/espacoecologico.com.br\/arquivo\/wp-json\/wp\/v2\/users\/1"}],"replies":[{"embeddable":true,"href":"https:\/\/espacoecologico.com.br\/arquivo\/wp-json\/wp\/v2\/comments?post=152523"}],"version-history":[{"count":1,"href":"https:\/\/espacoecologico.com.br\/arquivo\/wp-json\/wp\/v2\/posts\/152523\/revisions"}],"predecessor-version":[{"id":152525,"href":"https:\/\/espacoecologico.com.br\/arquivo\/wp-json\/wp\/v2\/posts\/152523\/revisions\/152525"}],"wp:featuredmedia":[{"embeddable":true,"href":"https:\/\/espacoecologico.com.br\/arquivo\/wp-json\/wp\/v2\/media\/152524"}],"wp:attachment":[{"href":"https:\/\/espacoecologico.com.br\/arquivo\/wp-json\/wp\/v2\/media?parent=152523"}],"wp:term":[{"taxonomy":"category","embeddable":true,"href":"https:\/\/espacoecologico.com.br\/arquivo\/wp-json\/wp\/v2\/categories?post=152523"},{"taxonomy":"post_tag","embeddable":true,"href":"https:\/\/espacoecologico.com.br\/arquivo\/wp-json\/wp\/v2\/tags?post=152523"}],"curies":[{"name":"wp","href":"https:\/\/api.w.org\/{rel}","templated":true}]}}