{"id":152518,"date":"2021-08-29T14:29:16","date_gmt":"2021-08-29T17:29:16","guid":{"rendered":"https:\/\/espacoecologico.com.br\/arquivo\/?p=152518"},"modified":"2021-09-03T15:55:12","modified_gmt":"2021-09-03T18:55:12","slug":"bom-jesus-2","status":"publish","type":"post","link":"https:\/\/espacoecologico.com.br\/arquivo\/bom-jesus-2\/","title":{"rendered":"Bom Jesus"},"content":{"rendered":"<p><img loading=\"lazy\" class=\"\" src=\"http:\/\/www.paraibacriativa.com.br\/wp-content\/uploads\/2015\/10\/pra--a-publica-de-Bom-Jesus.jpg\" alt=\"Resultado de imagem para bom jesus pb\" width=\"639\" height=\"639\" \/>O munic\u00edpio de Bom Jesus est\u00e1 inclu\u00eddo na \u00e1rea geogr\u00e1fica de abrang\u00eancia do semi\u00e1rido brasileiro, definida pelo Minist\u00e9rio da Integra\u00e7\u00e3o Nacional em 2005. Esta delimita\u00e7\u00e3o tem como crit\u00e9rios o \u00edndice pluviom\u00e9trico, o \u00edndice de aridez e o risco de seca. Bom Jesus limita-se com Cajazeiras, Ipaumirim-CE, Santa Helena e Cachoeira dos \u00cdndios.<\/p>\n<p><a href=\"http:\/\/espacoecologiconoar.com.br\/wp-content\/uploads\/2018\/11\/bom_jesus.jpg\"><img loading=\"lazy\" class=\"alignnone size-full wp-image-95713\" src=\"http:\/\/espacoecologiconoar.com.br\/wp-content\/uploads\/2018\/11\/bom_jesus.jpg\" alt=\"\" width=\"640\" height=\"339\" srcset=\"https:\/\/espacoecologico.com.br\/arquivo\/wp-content\/uploads\/2018\/11\/bom_jesus.jpg 640w, https:\/\/espacoecologico.com.br\/arquivo\/wp-content\/uploads\/2018\/11\/bom_jesus-300x159.jpg 300w\" sizes=\"(max-width: 640px) 100vw, 640px\" \/><\/a>O munic\u00edpio est\u00e1 localizado na unidade geoambiental da Depress\u00e3o Sertaneja, com clima semi\u00e1rido quente e seco. A vegeta\u00e7\u00e3o predominante \u00e9 a caatinga xer\u00f3fila. Bom Jesus est\u00e1 inserido nos dom\u00ednios da bacia hidrogr\u00e1fica do rio Piranhas, Sub-Bacia do Rio do Peixe. Seus principais tribut\u00e1rios s\u00e3o os riachos do Batuque e do Cip\u00f3, todos de regime intermitente.<\/p>\n<p>A economia de Bom Jesus tem a agricultura e a pecu\u00e1ria como principais atividades, destacando-se o cultivo de arroz, milho feij\u00e3o e a cria\u00e7\u00e3o de gado leite queijo, que formam a base da economia local. Dados do Departamento de Ci\u00eancias Atmosf\u00e9ricas, da Universidade Federal de Campina Grande, mostram que Bom Jesus apresenta um clima com m\u00e9dia pluviom\u00e9trica anual de 865.1 mm e temperatura m\u00e9dia anual de 25.0 \u00b0C.<\/p>\n<p><strong>Hist\u00f3ria<\/strong><\/p>\n<p><a href=\"http:\/\/espacoecologiconoar.com.br\/wp-content\/uploads\/2018\/11\/Bom_Jesus2.jpg\"><img loading=\"lazy\" class=\"alignnone size-full wp-image-95715\" src=\"http:\/\/espacoecologiconoar.com.br\/wp-content\/uploads\/2018\/11\/Bom_Jesus2.jpg\" alt=\"\" width=\"640\" height=\"337\" srcset=\"https:\/\/espacoecologico.com.br\/arquivo\/wp-content\/uploads\/2018\/11\/Bom_Jesus2.jpg 640w, https:\/\/espacoecologico.com.br\/arquivo\/wp-content\/uploads\/2018\/11\/Bom_Jesus2-300x158.jpg 300w\" sizes=\"(max-width: 640px) 100vw, 640px\" \/><\/a>Segundo informa\u00e7\u00f5es e pesquisas, a cidade de Bom Jesus \u00e9 relativamente recente; seu in\u00edcio foi por volta de 1890 com a cria\u00e7\u00e3o da Fazenda Aroeiras de propriedade do Sr. Ant\u00f4nio Caetano. Com a cria\u00e7\u00e3o da Diocese de Cajazeiras em 1914, houve uma demanda de vig\u00e1rios pelo interior do munic\u00edpio de Cajazeiras, ent\u00e3o apareceu em Aroeiras, no per\u00edodo de 1912 a 1918 o din\u00e2mico vig\u00e1rio conhecido na \u00e9poca por Padre Lopes, o qual interessou-se em construir uma capela nesta fazenda, j\u00e1 povoada, sendo de sua prefer\u00eancia o ent\u00e3o s\u00edtio Forquillha, por\u00e9m o Sr. Francisco Eufr\u00e1sio n\u00e3o concordou, isto \u00e9, n\u00e3o cedeu o terreno exigido pelo padre Lopes. Mesmo assim o padre n\u00e3o desistiu, porque seu ideal era a primeira Capela no Munic\u00edpio de Cajazeiras, no povoado Aroeiras.<\/p>\n<p>De fato realizou seu plano, nesse mesmo per\u00edodo de 1912 a 1917, notadamente junho de 1917, convocou uma reuni\u00e3o com os mais interessados do povoado, a mesma ficou clara que: Ant\u00f4nio Caetano,propriet\u00e1rio com parte na Para\u00edba e Ant\u00f4nio Gon\u00e7alves Moreira, Propriet\u00e1rio com parte no Cear\u00e1, doariam o terreno (Este povoado est\u00e1 localizado na divisa dos Estados da Para\u00edba e do Cear\u00e1).<\/p>\n<p><a href=\"http:\/\/espacoecologiconoar.com.br\/wp-content\/uploads\/2018\/11\/bom_jesus1.jpg\"><img loading=\"lazy\" class=\"alignnone size-full wp-image-95714\" src=\"http:\/\/espacoecologiconoar.com.br\/wp-content\/uploads\/2018\/11\/bom_jesus1.jpg\" alt=\"\" width=\"640\" height=\"334\" srcset=\"https:\/\/espacoecologico.com.br\/arquivo\/wp-content\/uploads\/2018\/11\/bom_jesus1.jpg 640w, https:\/\/espacoecologico.com.br\/arquivo\/wp-content\/uploads\/2018\/11\/bom_jesus1-300x157.jpg 300w\" sizes=\"(max-width: 640px) 100vw, 640px\" \/><\/a>Esses dois propriet\u00e1rios demonstraram boa vontade e doaram o terreno ao Patrim\u00f4nio para a constru\u00e7\u00e3o da capela. Cuja \u00e1rea passou a pertencer a Par\u00f3quia de N.S. de F\u00e1tima, num total de 440 m\u00b2 cujos limites s\u00e3o: Ao Leste com a cidade de Cajazeiras ao Oeste com a Ipaumirim, ao Norte com SantaHelena e ao Sul com Cachoeira dos \u00cdndios e dist\u00e2ncia de Jo\u00e3o Pessoa 505 Km.<\/p>\n<p>Constru\u00edram a Capela, o povoado cresceu, a popula\u00e7\u00e3o come\u00e7ou a participar, o vig\u00e1rio Padre Lopes desenvolveu v\u00e1rias atividades, programou de in\u00edcio o Padroeiro da cidade que hoje continua o mesmo: Sagrado Cora\u00e7\u00e3o de Jesus.<\/p>\n<p>Organizou tamb\u00e9m o n\u00facleo do Apostolado da Ora\u00e7\u00e3o que chegou a compor-se de 110 associados. Os devotos da \u00e9poca eram: Jo\u00e3o Vicente, Ant\u00f4nio Gon\u00e7alves, Doca Carlos e tantos outros. Com a participa\u00e7\u00e3o dos habitantes realizava a chamada de &#8220;13 de junho&#8221; com o encerramento da trezena (13 noites de Novena) cujas festas eram bem concorridas feita em divis\u00f5es: noite dos artistas, alfaiates, carpinteiros, comerciantes etc. Os organizadores da \u00e9poca: Ant\u00f4nio Gon\u00e7alves Moreira, Jo\u00e3o Vicente, Doca Carlos, Firmino de Brito e tantos outros.Esse movimento era coordenado pelo zelador da Igreja Joaquim de Brito Lira, esse per\u00edodo n\u00e3o foi muito longo, visto que desapareceram o vig\u00e1rio e os mais antigos interessados.<\/p>\n<p><img loading=\"lazy\" class=\"\" src=\"https:\/\/www.pbtur.com.br\/sites\/default\/files\/styles\/juicebox_large\/public\/igreja-matriz-do-sagrado-coracao-de-jesus-cidade-de-bom-jesus-paraiba-brasil.jpg?itok=l6u0s8LJ\" alt=\"Resultado de imagem para bom jesus pb\" width=\"639\" height=\"425\" \/>O povoado entrou numa fase de decad\u00eancia por muitos anos.Depois de um longo per\u00edodo o povoado voltou a obter um elevado progresso econ\u00f4mico com a implanta\u00e7\u00e3o de uma pequena Usina de beneficiamento de algod\u00e3o do Sr. Sebasti\u00e3o Bandeira de Melo, esta Usina (IPU), ofereceu v\u00e1rios empregos para a comunidade, com a mesma surgiu uma movimentada feira, que foi constatada como uma das melhores da regi\u00e3o, no per\u00edodo de 1920 a 1933, a qual ficou conhecida como: &#8220;A era de 20&#8221;.Passado esse per\u00edodo, por quest\u00f5es ignoradas o Sr. Sebasti\u00e3o Bandeira de Melo, vende a Usina de Algod\u00e3o, para outra cidade e poucos anos depois foi extinto a conhecida feira, o povoado ficou na pobreza at\u00e9 meados de 1957.<\/p>\n<p><img loading=\"lazy\" class=\"\" src=\"https:\/\/i2.wp.com\/www.diariodosertao.com.br\/wp-content\/uploads\/2015\/12\/bom_jesus_pb.jpg?quality=90&amp;strip=all&amp;ssl=1\" alt=\"Imagem relacionada\" width=\"640\" height=\"424\" \/>Com o \u00eaxito do ex-prefeito de Cajazeiras, Sr. Ant\u00f4nio Cartaxo Rolim, o povoado passo a ser lembrado pelo poder p\u00fablico cajazeirense.<\/p>\n<p>O Sr. Ant\u00f4nio Cartaxo Rolim, prefeito da cidade de Cajazeiras na \u00e9poca, instalou em Bom Jesus o primeiro motor gerador de energia el\u00e9trica, construiu o grupo escolar Ant\u00f4nio Gon\u00e7alves Moreira e instalou uma linha telef\u00f4nica ligando o Distrito a Cajazeiras, obras de grande import\u00e2ncia naquela \u00e9poca.<\/p>\n<p><strong>Forma\u00e7\u00e3o Administrativa<\/strong><\/p>\n<p>Distrito criado com a denomina\u00e7\u00e3o de Bom Jesus, pela lei municipal n\u00ba 185, de 08-07-1959, subordinado ao munic\u00edpio de Cajazeiras.<\/p>\n<p>Em divis\u00e3o territorial datada de 1-07-1960, o distrito de Bom Jesus, figura no munic\u00edpio de Cajazeiras.<\/p>\n<p>Elevado \u00e0 categoria de munic\u00edpio com a denomina\u00e7\u00e3o de Bom Jesus, pela lei estadual n\u00ba 3096, de 05-11-1963, desmembrado de Cajazeiras. Sede no atual distrito de Bom Jesus. Constitu\u00eddo do distrito sede. Instalado em 10-11-1964.<\/p>\n<p>Em divis\u00e3o territorial datada de 31-12-1963, o munic\u00edpio \u00e9 constitu\u00eddo do distrito sede.<\/p>\n<p>Assim permanecendo em divis\u00e3o territorial datada de 2007.<\/p>\n<p>&nbsp;<\/p>\n<p>Fonte: Site Oficial da PMBJ<\/p>\n","protected":false},"excerpt":{"rendered":"<p>O munic\u00edpio de Bom Jesus est\u00e1 inclu\u00eddo na \u00e1rea geogr\u00e1fica de abrang\u00eancia do semi\u00e1rido brasileiro,<\/p>\n","protected":false},"author":1,"featured_media":0,"comment_status":"closed","ping_status":"open","sticky":false,"template":"","format":"standard","meta":[],"categories":[3],"tags":[],"uagb_featured_image_src":{"full":false,"thumbnail":false,"medium":false,"medium_large":false,"large":false,"1536x1536":false,"2048x2048":false,"cream-magazine-thumbnail-2":false,"cream-magazine-thumbnail-3":false,"cream-magazine-thumbnail-4":false},"uagb_author_info":{"display_name":"sabrina","author_link":"https:\/\/espacoecologico.com.br\/arquivo\/author\/sabrina\/"},"uagb_comment_info":0,"uagb_excerpt":"O munic\u00edpio de Bom Jesus est\u00e1 inclu\u00eddo na \u00e1rea geogr\u00e1fica de abrang\u00eancia do semi\u00e1rido brasileiro,","_links":{"self":[{"href":"https:\/\/espacoecologico.com.br\/arquivo\/wp-json\/wp\/v2\/posts\/152518"}],"collection":[{"href":"https:\/\/espacoecologico.com.br\/arquivo\/wp-json\/wp\/v2\/posts"}],"about":[{"href":"https:\/\/espacoecologico.com.br\/arquivo\/wp-json\/wp\/v2\/types\/post"}],"author":[{"embeddable":true,"href":"https:\/\/espacoecologico.com.br\/arquivo\/wp-json\/wp\/v2\/users\/1"}],"replies":[{"embeddable":true,"href":"https:\/\/espacoecologico.com.br\/arquivo\/wp-json\/wp\/v2\/comments?post=152518"}],"version-history":[{"count":1,"href":"https:\/\/espacoecologico.com.br\/arquivo\/wp-json\/wp\/v2\/posts\/152518\/revisions"}],"predecessor-version":[{"id":152519,"href":"https:\/\/espacoecologico.com.br\/arquivo\/wp-json\/wp\/v2\/posts\/152518\/revisions\/152519"}],"wp:attachment":[{"href":"https:\/\/espacoecologico.com.br\/arquivo\/wp-json\/wp\/v2\/media?parent=152518"}],"wp:term":[{"taxonomy":"category","embeddable":true,"href":"https:\/\/espacoecologico.com.br\/arquivo\/wp-json\/wp\/v2\/categories?post=152518"},{"taxonomy":"post_tag","embeddable":true,"href":"https:\/\/espacoecologico.com.br\/arquivo\/wp-json\/wp\/v2\/tags?post=152518"}],"curies":[{"name":"wp","href":"https:\/\/api.w.org\/{rel}","templated":true}]}}