{"id":152460,"date":"2021-08-28T13:00:26","date_gmt":"2021-08-28T16:00:26","guid":{"rendered":"https:\/\/espacoecologico.com.br\/arquivo\/?p=152460"},"modified":"2021-09-03T15:55:12","modified_gmt":"2021-09-03T18:55:12","slug":"numero-de-cidades-da-pb-que-destinam-lixo-corretamente-sobe-457-em-tres-anos","status":"publish","type":"post","link":"https:\/\/espacoecologico.com.br\/arquivo\/numero-de-cidades-da-pb-que-destinam-lixo-corretamente-sobe-457-em-tres-anos\/","title":{"rendered":"N\u00famero de cidades da PB que destinam lixo corretamente sobe 457% em tr\u00eas anos"},"content":{"rendered":"<p><a href=\"https:\/\/espacoecologico.com.br\/arquivo\/numero-de-cidades-da-pb-que-destinam-lixo-corretamente-sobe-457-em-tres-anos\/mapa-46\/\" rel=\"attachment wp-att-152461\"><img loading=\"lazy\" class=\"alignleft size-medium wp-image-152461\" src=\"https:\/\/espacoecologico.com.br\/arquivo\/wp-content\/uploads\/2021\/08\/mapa-2-300x192.jpg\" alt=\"\" width=\"300\" height=\"192\" srcset=\"https:\/\/espacoecologico.com.br\/arquivo\/wp-content\/uploads\/2021\/08\/mapa-2-300x192.jpg 300w, https:\/\/espacoecologico.com.br\/arquivo\/wp-content\/uploads\/2021\/08\/mapa-2.jpg 415w\" sizes=\"(max-width: 300px) 100vw, 300px\" \/><\/a>Dados foram apresentados pelo MPPB nessa sexta-feira (27), durante reuni\u00e3o virtual<\/p>\n<p>O n\u00famero de munic\u00edpios paraibanos que fazem a destina\u00e7\u00e3o correta dos res\u00edduos s\u00f3lidos aumentou de 28, em 2018, para 156, em 2021, um crescimento de pouco mais de 457%. O percentual de cidades do estado que destinam o lixo corretamente subiu de 12,56% para 69,95%.<\/p>\n<p>Esse aumento \u00e9 resultado do projeto \u201cFim dos Lix\u00f5es\u201d, desenvolvido pelo Minist\u00e9rio P\u00fablico da Para\u00edba em parceria com&nbsp;MPF, Sudema, Ibama, Federa\u00e7\u00e3o das Associa\u00e7\u00f5es dos Munic\u00edpios da Para\u00edba (Famup) e IFPB.<\/p>\n<p>\u201cEsse n\u00famero tende a aumentar j\u00e1 nos pr\u00f3ximos dias porque a situa\u00e7\u00e3o de alguns munic\u00edpios est\u00e1 em processo de valida\u00e7\u00e3o\u201d, disse o MPPB.<\/p>\n<p>Os dados foram apresentados nessa sexta-feira (27), durante reuni\u00e3o virtual, com a participa\u00e7\u00e3o do procurador-geral de Justi\u00e7a, Francisco Ser\u00e1phico Ferraz da N\u00f3brega Filho, e outros convidados.<\/p>\n<p>O projeto consistiu na proposi\u00e7\u00e3o aos prefeitos de acordo de n\u00e3o persecu\u00e7\u00e3o penal (ANPP) no qual eles se comprometiam a parar de enviar os res\u00edduos s\u00f3lidos aos lix\u00f2es no prazo de um ano e na assinatura de termo de ajustamento de conduta se comprometendo a recuperar a \u00e1rea degradada.<\/p>\n","protected":false},"excerpt":{"rendered":"<p>Dados foram apresentados pelo MPPB nessa sexta-feira (27), durante reuni\u00e3o virtual O n\u00famero de munic\u00edpios<\/p>\n","protected":false},"author":2,"featured_media":152461,"comment_status":"closed","ping_status":"open","sticky":false,"template":"","format":"standard","meta":[],"categories":[3,1],"tags":[],"uagb_featured_image_src":{"full":["https:\/\/espacoecologico.com.br\/arquivo\/wp-content\/uploads\/2021\/08\/mapa-2.jpg",415,265,false],"thumbnail":["https:\/\/espacoecologico.com.br\/arquivo\/wp-content\/uploads\/2021\/08\/mapa-2-150x150.jpg",150,150,true],"medium":["https:\/\/espacoecologico.com.br\/arquivo\/wp-content\/uploads\/2021\/08\/mapa-2-300x192.jpg",300,192,true],"medium_large":["https:\/\/espacoecologico.com.br\/arquivo\/wp-content\/uploads\/2021\/08\/mapa-2.jpg",415,265,false],"large":["https:\/\/espacoecologico.com.br\/arquivo\/wp-content\/uploads\/2021\/08\/mapa-2.jpg",415,265,false],"1536x1536":["https:\/\/espacoecologico.com.br\/arquivo\/wp-content\/uploads\/2021\/08\/mapa-2.jpg",415,265,false],"2048x2048":["https:\/\/espacoecologico.com.br\/arquivo\/wp-content\/uploads\/2021\/08\/mapa-2.jpg",415,265,false],"cream-magazine-thumbnail-2":["https:\/\/espacoecologico.com.br\/arquivo\/wp-content\/uploads\/2021\/08\/mapa-2.jpg",415,265,false],"cream-magazine-thumbnail-3":["https:\/\/espacoecologico.com.br\/arquivo\/wp-content\/uploads\/2021\/08\/mapa-2.jpg",415,265,false],"cream-magazine-thumbnail-4":["https:\/\/espacoecologico.com.br\/arquivo\/wp-content\/uploads\/2021\/08\/mapa-2.jpg",415,265,false]},"uagb_author_info":{"display_name":"","author_link":"https:\/\/espacoecologico.com.br\/arquivo\/author\/"},"uagb_comment_info":0,"uagb_excerpt":"Dados foram apresentados pelo MPPB nessa sexta-feira (27), durante reuni\u00e3o virtual O n\u00famero de munic\u00edpios","_links":{"self":[{"href":"https:\/\/espacoecologico.com.br\/arquivo\/wp-json\/wp\/v2\/posts\/152460"}],"collection":[{"href":"https:\/\/espacoecologico.com.br\/arquivo\/wp-json\/wp\/v2\/posts"}],"about":[{"href":"https:\/\/espacoecologico.com.br\/arquivo\/wp-json\/wp\/v2\/types\/post"}],"author":[{"embeddable":true,"href":"https:\/\/espacoecologico.com.br\/arquivo\/wp-json\/wp\/v2\/users\/2"}],"replies":[{"embeddable":true,"href":"https:\/\/espacoecologico.com.br\/arquivo\/wp-json\/wp\/v2\/comments?post=152460"}],"version-history":[{"count":3,"href":"https:\/\/espacoecologico.com.br\/arquivo\/wp-json\/wp\/v2\/posts\/152460\/revisions"}],"predecessor-version":[{"id":152507,"href":"https:\/\/espacoecologico.com.br\/arquivo\/wp-json\/wp\/v2\/posts\/152460\/revisions\/152507"}],"wp:featuredmedia":[{"embeddable":true,"href":"https:\/\/espacoecologico.com.br\/arquivo\/wp-json\/wp\/v2\/media\/152461"}],"wp:attachment":[{"href":"https:\/\/espacoecologico.com.br\/arquivo\/wp-json\/wp\/v2\/media?parent=152460"}],"wp:term":[{"taxonomy":"category","embeddable":true,"href":"https:\/\/espacoecologico.com.br\/arquivo\/wp-json\/wp\/v2\/categories?post=152460"},{"taxonomy":"post_tag","embeddable":true,"href":"https:\/\/espacoecologico.com.br\/arquivo\/wp-json\/wp\/v2\/tags?post=152460"}],"curies":[{"name":"wp","href":"https:\/\/api.w.org\/{rel}","templated":true}]}}