{"id":152446,"date":"2021-08-28T12:36:47","date_gmt":"2021-08-28T15:36:47","guid":{"rendered":"https:\/\/espacoecologico.com.br\/arquivo\/?p=152446"},"modified":"2021-09-03T15:55:12","modified_gmt":"2021-09-03T18:55:12","slug":"the-climate-reality-project-abre-inscricoes-para-curso-de-formacao-dos-lideres-pelo-clima","status":"publish","type":"post","link":"https:\/\/espacoecologico.com.br\/arquivo\/the-climate-reality-project-abre-inscricoes-para-curso-de-formacao-dos-lideres-pelo-clima\/","title":{"rendered":"The Climate Reality Project abre inscri\u00e7\u00f5es para curso de forma\u00e7\u00e3o dos l\u00edderes pelo clima"},"content":{"rendered":"<p>O\u00a0<em>The Climate Reality Project<\/em>, representado pelo Centro Brasil no Clima em nosso pa\u00eds, est\u00e1 com inscri\u00e7\u00f5es abertas para o\u00a0<em>Climate Reality Leadership Corps,<\/em>\u00a0treinamento global on-line gratuito que oferece ferramentas, conhecimento e a possibilidade de contatos em busca de uma atua\u00e7\u00e3o consistente no combate ao aquecimento global e na constru\u00e7\u00e3o de um mundo mais justo.<\/p>\n<p><span class=\"storyimage fullwidth inlineimage\" data-aop=\"image\"><span class=\"image\" data-attrib=\"Fornecido por eCycle\" data-caption=\"\" data-id=\"109\" data-m=\"{&quot;i&quot;:109,&quot;p&quot;:108,&quot;n&quot;:&quot;openModal&quot;,&quot;t&quot;:&quot;articleImages&quot;,&quot;o&quot;:1}\"><img loading=\"lazy\" class=\"loaded\" src=\"https:\/\/img-s-msn-com.akamaized.net\/tenant\/amp\/entityid\/AANPpEF.img?h=501&amp;w=799&amp;m=6&amp;q=60&amp;o=f&amp;l=f\" alt=\"\" width=\"639\" height=\"400\" data-src=\"{&quot;default&quot;:{&quot;load&quot;:&quot;default&quot;,&quot;w&quot;:&quot;80&quot;,&quot;h&quot;:&quot;50&quot;,&quot;src&quot;:&quot;\/\/img-s-msn-com.akamaized.net\/tenant\/amp\/entityid\/AANPpEF.img?h=501&amp;w=799&amp;m=6&amp;q=60&amp;o=f&amp;l=f&quot;},&quot;size3column&quot;:{&quot;load&quot;:&quot;default&quot;,&quot;w&quot;:&quot;62&quot;,&quot;h&quot;:&quot;39&quot;,&quot;src&quot;:&quot;\/\/img-s-msn-com.akamaized.net\/tenant\/amp\/entityid\/AANPpEF.img?h=391&amp;w=624&amp;m=6&amp;q=60&amp;o=f&amp;l=f&quot;},&quot;size2column&quot;:{&quot;load&quot;:&quot;default&quot;,&quot;w&quot;:&quot;62&quot;,&quot;h&quot;:&quot;39&quot;,&quot;src&quot;:&quot;\/\/img-s-msn-com.akamaized.net\/tenant\/amp\/entityid\/AANPpEF.img?h=391&amp;w=624&amp;m=6&amp;q=60&amp;o=f&amp;l=f&quot;}}\" \/><\/span><span class=\"caption truncate\"><span class=\"attribution\">\u00a9 Fornecido por eCycle<\/span><\/span><\/span><\/p>\n<p>Liderada por Al Gore, ex-vice-presidente dos Estados Unidos e Pr\u00eamio Nobel da Paz, a iniciativa re\u00fane uma sele\u00e7\u00e3o de cientistas, ativistas e inovadores e ser\u00e1 realizada em um momento extremamente cr\u00edtico para o planeta.<\/p>\n<p>As inscri\u00e7\u00f5es podem ser feitas pelo site<a tabindex=\"0\" href=\"http:\/\/bit.ly\/Climate-Reality-Training\" target=\"_blank\" rel=\"noopener\" data-id=\"111\" data-m=\"{&quot;i&quot;:111,&quot;p&quot;:108,&quot;n&quot;:&quot;partnerLink&quot;,&quot;y&quot;:24,&quot;o&quot;:3}\">\u00a0bit.ly\/Climate-Reality-Training<\/a>.<\/p>\n<p>\u0093O Climate Reality Leadership Corps oferece conte\u00fado exclusivo para que o participante promova a\u00e7\u00f5es conjuntas contra a crise clim\u00e1tica, inspirando\u00a0audi\u00eancias\u00a0a partir de v\u00e1rios atos clim\u00e1ticos como apresenta\u00e7\u00f5es, advocacy e a\u00e7\u00f5es digitais.\u0094, explica Renata Moraes, Gerente da filial brasileira do\u00a0<em>The Climate Reality Project\u00a0<\/em>e consultora<\/p>\n<p>associada ao CBC.<\/p>\n<p>O treinamento acontece entre 16 e 24 de outubro e os participantes que completarem o programa se tornam l\u00edderes da Realidade Clim\u00e1tica, se reunindo a uma rede integrada por mais de 36 mil pessoas, em mais de 160<\/p>\n<p>pa\u00edses.<\/p>\n<p>Entre os temas abordados est\u00e3o a busca de solu\u00e7\u00f5es pr\u00e1ticas para as mudan\u00e7as clim\u00e1ticas, justi\u00e7a clim\u00e1tica e ambiental, organiza\u00e7\u00e3o eficaz para a\u00e7\u00f5es clim\u00e1ticas, conectando solu\u00e7\u00f5es ambientais e tecnol\u00f3gicas e a COP26.<\/p>\n<p>\u0093Um dos objetivos do<em>\u00a0Climate Reality Project Brasil\u00a0<\/em>\u00e9 impulsionar solu\u00e7\u00f5es globais para a crise clim\u00e1tica, a partir da ado\u00e7\u00e3o de a\u00e7\u00f5es emergenciais em diferentes n\u00edveis da sociedade, conectando nossa rede local de l\u00edderes clim\u00e1ticos e inspirando parcerias e estimulando a\u00e7\u00f5es para repensarmos e alcan\u00e7armos as metas relacionadas \u00e0s mudan\u00e7as clim\u00e1ticas\u0094, ressalta Renata.<\/p>\n<h2>O curso<\/h2>\n<p>O\u00a0<em>Climate Reality Leadership Corps\u00a0<\/em>re\u00fane transmiss\u00f5es ao vivo, programa\u00e7\u00e3o sob demanda, sess\u00f5es reunindo pequenos grupos e debate sobre temas relacionados aos impactos do clima na sa\u00fade p\u00fablica, justi\u00e7a<\/p>\n<p>clim\u00e1tica global e solu\u00e7\u00f5es para a crise clim\u00e1tica. As legendas s\u00e3o em portugu\u00eas.<\/p>\n<p>Durante o treinamento, os participantes se familiarizam, a partir de conte\u00fados oferecidos por pessoas que s\u00e3o refer\u00eancias no tema, com as mudan\u00e7as clim\u00e1ticas e como elas vem contribuindo para aumentar a injusti\u00e7a em todo o mundo. Al\u00e9m disso, s\u00e3o apresentados casos de comunidades, em diversos pa\u00edses, que est\u00e3o implementando solu\u00e7\u00f5es eficientes, da preserva\u00e7\u00e3o florestal \u00e0 transi\u00e7\u00e3o energ\u00e9tica.<\/p>\n<p>\u0093Esse treinamento \u00e9 uma experi\u00eancia personalizada e uma oportunidade incr\u00edvel para o desenvolvimento de habilidades e para que o participante estabele\u00e7a contatos, conhe\u00e7a as principais ferramentas para mobilizar sua<\/p>\n<p>comunidade, obtenha o embasamento para pressionar os l\u00edderes de seus pa\u00edses a agir e contribuir para impulsionar a mudan\u00e7a em um momento decisivo para o planeta\u0094, explica Renata.<\/p>\n<p>Os v\u00eddeos sob demanda, que poder\u00e3o ser assistidos a qualquer hora, em qualquer lugar, estar\u00e3o dispon\u00edveis entre 16 e 24 de outubro. As sess\u00f5es interativas, pela plataforma Zoom, acontecem entre 18 e 24 de outubro. O treinamento conta com quatro transmiss\u00f5es, com duas horas de dura\u00e7\u00e3o cada uma, nos dias 16, 17, 23 e 24 de outubro e sess\u00f5es, tamb\u00e9m com duas horas de dura\u00e7\u00e3o, reunindo pequenos grupos.<\/p>\n","protected":false},"excerpt":{"rendered":"<p>O\u00a0The Climate Reality Project, representado pelo Centro Brasil no Clima em nosso pa\u00eds, est\u00e1 com<\/p>\n","protected":false},"author":2,"featured_media":0,"comment_status":"closed","ping_status":"open","sticky":false,"template":"","format":"standard","meta":[],"categories":[3,1],"tags":[],"uagb_featured_image_src":{"full":false,"thumbnail":false,"medium":false,"medium_large":false,"large":false,"1536x1536":false,"2048x2048":false,"cream-magazine-thumbnail-2":false,"cream-magazine-thumbnail-3":false,"cream-magazine-thumbnail-4":false},"uagb_author_info":{"display_name":"","author_link":"https:\/\/espacoecologico.com.br\/arquivo\/author\/"},"uagb_comment_info":0,"uagb_excerpt":"O\u00a0The Climate Reality Project, representado pelo Centro Brasil no Clima em nosso pa\u00eds, est\u00e1 com","_links":{"self":[{"href":"https:\/\/espacoecologico.com.br\/arquivo\/wp-json\/wp\/v2\/posts\/152446"}],"collection":[{"href":"https:\/\/espacoecologico.com.br\/arquivo\/wp-json\/wp\/v2\/posts"}],"about":[{"href":"https:\/\/espacoecologico.com.br\/arquivo\/wp-json\/wp\/v2\/types\/post"}],"author":[{"embeddable":true,"href":"https:\/\/espacoecologico.com.br\/arquivo\/wp-json\/wp\/v2\/users\/2"}],"replies":[{"embeddable":true,"href":"https:\/\/espacoecologico.com.br\/arquivo\/wp-json\/wp\/v2\/comments?post=152446"}],"version-history":[{"count":1,"href":"https:\/\/espacoecologico.com.br\/arquivo\/wp-json\/wp\/v2\/posts\/152446\/revisions"}],"predecessor-version":[{"id":152447,"href":"https:\/\/espacoecologico.com.br\/arquivo\/wp-json\/wp\/v2\/posts\/152446\/revisions\/152447"}],"wp:attachment":[{"href":"https:\/\/espacoecologico.com.br\/arquivo\/wp-json\/wp\/v2\/media?parent=152446"}],"wp:term":[{"taxonomy":"category","embeddable":true,"href":"https:\/\/espacoecologico.com.br\/arquivo\/wp-json\/wp\/v2\/categories?post=152446"},{"taxonomy":"post_tag","embeddable":true,"href":"https:\/\/espacoecologico.com.br\/arquivo\/wp-json\/wp\/v2\/tags?post=152446"}],"curies":[{"name":"wp","href":"https:\/\/api.w.org\/{rel}","templated":true}]}}