{"id":152434,"date":"2021-08-28T12:17:05","date_gmt":"2021-08-28T15:17:05","guid":{"rendered":"https:\/\/espacoecologico.com.br\/arquivo\/?p=152434"},"modified":"2021-09-03T15:55:13","modified_gmt":"2021-09-03T18:55:13","slug":"saiba-como-tratar-a-queda-de-cabelo-apos-infeccao-da-covid","status":"publish","type":"post","link":"https:\/\/espacoecologico.com.br\/arquivo\/saiba-como-tratar-a-queda-de-cabelo-apos-infeccao-da-covid\/","title":{"rendered":"Saiba como tratar a queda de cabelo ap\u00f3s infec\u00e7\u00e3o da Covid"},"content":{"rendered":"<h2 class=\"m-resume-single\"><a href=\"https:\/\/espacoecologico.com.br\/arquivo\/saiba-como-tratar-a-queda-de-cabelo-apos-infeccao-da-covid\/queda_cabelo-4\/\" rel=\"attachment wp-att-152435\"><img loading=\"lazy\" class=\"alignleft size-medium wp-image-152435\" src=\"https:\/\/espacoecologico.com.br\/arquivo\/wp-content\/uploads\/2021\/08\/queda_cabelo-300x192.jpg\" alt=\"\" width=\"300\" height=\"192\" srcset=\"https:\/\/espacoecologico.com.br\/arquivo\/wp-content\/uploads\/2021\/08\/queda_cabelo-300x192.jpg 300w, https:\/\/espacoecologico.com.br\/arquivo\/wp-content\/uploads\/2021\/08\/queda_cabelo.jpg 415w\" sizes=\"(max-width: 300px) 100vw, 300px\" \/><\/a>O efl\u00favio tel\u00f3geno agudo \u00e9 comum na recupera\u00e7\u00e3o de doen\u00e7as infecciosas. Nos casos mais graves, deve ser acompanhado por um dermatologista<\/h2>\n<p>Uma em cada quatro pessoas que se recuperam da Covid-19 sofrem com a\u00a0queda de cabelo acentuada nos meses seguintes \u00e0 infec\u00e7\u00e3o provocada pelo novo coronav\u00edrus, segundo um estudo feito por pesquisadores de universidades dos Estados Unidos, M\u00e9xico e Su\u00e9cia\u00a0publicado recentemente. O problema \u00e9 conhecido como efl\u00favio tel\u00f3geno agudo (ETA) e pode persistir por at\u00e9 seis meses, levando a perda de cerca de at\u00e9 50% dos fios nos casos mais extremos.<\/p>\n<p>\u201c\u00c9 um tipo de queda que pode ocorrer ap\u00f3s v\u00e1rios fatores desencadeantes, como doen\u00e7as infecciosas. Habitualmente, o ETA ocorre ap\u00f3s tr\u00eas a seis meses do fator causal, por\u00e9m, na Covid temos visto quadros de in\u00edcio mais precoce, ap\u00f3s duas ou tr\u00eas semanas da infec\u00e7\u00e3o\u201d, afirma a respons\u00e1vel pela \u00e1rea de Dermatologia da Secretaria de Sa\u00fade do Distrito Federal, Ana Carolina Igreja.<\/p>\n<p>A dermatologista Luanna Portela, integrante da Sociedade Brasileira de Dermatologia do DF (SBD-DF), explica que, durante a infec\u00e7\u00e3o, o organismo prioriza a recupera\u00e7\u00e3o dos tecidos e da sa\u00fade em geral em rela\u00e7\u00e3o \u00e0s \u00e1reas menos importantes, como o fol\u00edculo piloso, respons\u00e1vel pelo crescimento do fio. O estresse do corpo para se defender da doen\u00e7a \u00e9 o respons\u00e1vel pela queda dos fios.<\/p>\n<p>\u201cN\u00f3s perdemos at\u00e9 150 fios por dia em um processo de efl\u00favio tel\u00f3geno. Nos casos de Covid-19, tem sido observado a queda de at\u00e9 300 fios por dia, com alguns indo da fase an\u00e1gena (de crescimento) para a fase tel\u00f3gena (de queda) de forma precoce. \u00c9 como se os fios durassem menos. O paciente observa a\u00a0queda de cabelo em tufos volumosos\u201c, explica Luanna.<\/p>\n<p>N\u00e3o existe uma forma de prevenir a queda do cabelo depois que se \u00e9 infectado pelo coronav\u00edrus, mas as dermatologistas garantem que eles voltam a crescer espontaneamente nos pacientes que apresentavam um couro cabeludo saud\u00e1vel antes da doen\u00e7a. O processo, no entanto, pode levar de semanas a meses e os fios costumam crescer mais finos, fr\u00e1geis e quebradi\u00e7os.<\/p>\n<div class=\"teads-inread sm-screen\">\n<div>\n<div id=\"teads1\" class=\"teads-player\">Quando a perda se torna um inc\u00f4modo, os pacientes devem procurar um dermatologista habilitado para uma avalia\u00e7\u00e3o individual do couro cabeludo. No consult\u00f3rio, exames v\u00e3o ajudar a determinar se o problema ocorreu exclusivamente pela Covid-19 ou por outra causa associada.<\/div>\n<\/div>\n<\/div>\n<div><\/div>\n<div>Segundo Ana Carolina Igreja, efl\u00favios tel\u00f3genos p\u00f3s-infecciosos podem ser gatilhos para quadros de\u00a0alop\u00e9cia androgen\u00e9tica\u00a0\u2013 a perda permanente de cabelos que causa a calv\u00edcie. Nesses casos, o tratamento precisar\u00e1 ser cont\u00ednuo.<\/div>\n<div>\n<p>Quando o problema est\u00e1 associado exclusivamente \u00e0 Covid-19, n\u00e3o h\u00e1 necessidade de tratamento, mas existem algumas op\u00e7\u00f5es para auxiliar no crescimento dos fios. Luanna Portela lista alguns:<\/p>\n<ul>\n<li>Microagulhamento com infus\u00e3o de medicamentos na pele (mmp);<\/li>\n<li>Fotobioestimula\u00e7\u00e3o;<\/li>\n<li>Fotobioterapia com led;<\/li>\n<li>Intradermoterapia, um tratamento com inje\u00e7\u00f5es para aplica\u00e7\u00f5es de medicamentos;<\/li>\n<li>Microagulhamento com drug delivery, um agulhamento rob\u00f3tico onde subst\u00e2ncias que aceleram o crescimento do fio s\u00e3o injetadas;<\/li>\n<li>Low level laser therapy, tratamento com laser de baixa pot\u00eancia que o paciente pode fazer em casa.<\/li>\n<\/ul>\n<blockquote><p>\u201cA queda \u00e9 tempor\u00e1ria, vai ter melhora, mas se ela estiver intensa, incomodando o paciente, ele deve procurar um m\u00e9dico especialista, que seja membro da Sociedade Brasileira de Dermatologia\u201d, aconselha Portela.<\/p><\/blockquote>\n<p>A dermatologista lembra que os xampus dispon\u00edveis no mercado melhoram o aspecto da textura dos fios, mas n\u00e3o auxiliam no crescimento.<\/p>\n<h6>Atendimento pelo SUS<\/h6>\n<p>Na rede p\u00fablica de sa\u00fade do Distrito Federal, a avalia\u00e7\u00e3o da necessidade de tratamento \u00e9 feita nas Unidades B\u00e1sicas de Sa\u00fade (UBS). Quando necess\u00e1rio, a equipe de estrat\u00e9gia de sa\u00fade da fam\u00edlia faz o encaminhamento para um dermatologista da pele.<\/p>\n<\/div>\n","protected":false},"excerpt":{"rendered":"<p>O efl\u00favio tel\u00f3geno agudo \u00e9 comum na recupera\u00e7\u00e3o de doen\u00e7as infecciosas. Nos casos mais graves,<\/p>\n","protected":false},"author":2,"featured_media":152435,"comment_status":"closed","ping_status":"open","sticky":false,"template":"","format":"standard","meta":[],"categories":[3,1],"tags":[],"uagb_featured_image_src":{"full":["https:\/\/espacoecologico.com.br\/arquivo\/wp-content\/uploads\/2021\/08\/queda_cabelo.jpg",415,265,false],"thumbnail":["https:\/\/espacoecologico.com.br\/arquivo\/wp-content\/uploads\/2021\/08\/queda_cabelo-150x150.jpg",150,150,true],"medium":["https:\/\/espacoecologico.com.br\/arquivo\/wp-content\/uploads\/2021\/08\/queda_cabelo-300x192.jpg",300,192,true],"medium_large":["https:\/\/espacoecologico.com.br\/arquivo\/wp-content\/uploads\/2021\/08\/queda_cabelo.jpg",415,265,false],"large":["https:\/\/espacoecologico.com.br\/arquivo\/wp-content\/uploads\/2021\/08\/queda_cabelo.jpg",415,265,false],"1536x1536":["https:\/\/espacoecologico.com.br\/arquivo\/wp-content\/uploads\/2021\/08\/queda_cabelo.jpg",415,265,false],"2048x2048":["https:\/\/espacoecologico.com.br\/arquivo\/wp-content\/uploads\/2021\/08\/queda_cabelo.jpg",415,265,false],"cream-magazine-thumbnail-2":["https:\/\/espacoecologico.com.br\/arquivo\/wp-content\/uploads\/2021\/08\/queda_cabelo.jpg",415,265,false],"cream-magazine-thumbnail-3":["https:\/\/espacoecologico.com.br\/arquivo\/wp-content\/uploads\/2021\/08\/queda_cabelo.jpg",415,265,false],"cream-magazine-thumbnail-4":["https:\/\/espacoecologico.com.br\/arquivo\/wp-content\/uploads\/2021\/08\/queda_cabelo.jpg",415,265,false]},"uagb_author_info":{"display_name":"","author_link":"https:\/\/espacoecologico.com.br\/arquivo\/author\/"},"uagb_comment_info":0,"uagb_excerpt":"O efl\u00favio tel\u00f3geno agudo \u00e9 comum na recupera\u00e7\u00e3o de doen\u00e7as infecciosas. Nos casos mais graves,","_links":{"self":[{"href":"https:\/\/espacoecologico.com.br\/arquivo\/wp-json\/wp\/v2\/posts\/152434"}],"collection":[{"href":"https:\/\/espacoecologico.com.br\/arquivo\/wp-json\/wp\/v2\/posts"}],"about":[{"href":"https:\/\/espacoecologico.com.br\/arquivo\/wp-json\/wp\/v2\/types\/post"}],"author":[{"embeddable":true,"href":"https:\/\/espacoecologico.com.br\/arquivo\/wp-json\/wp\/v2\/users\/2"}],"replies":[{"embeddable":true,"href":"https:\/\/espacoecologico.com.br\/arquivo\/wp-json\/wp\/v2\/comments?post=152434"}],"version-history":[{"count":2,"href":"https:\/\/espacoecologico.com.br\/arquivo\/wp-json\/wp\/v2\/posts\/152434\/revisions"}],"predecessor-version":[{"id":152437,"href":"https:\/\/espacoecologico.com.br\/arquivo\/wp-json\/wp\/v2\/posts\/152434\/revisions\/152437"}],"wp:featuredmedia":[{"embeddable":true,"href":"https:\/\/espacoecologico.com.br\/arquivo\/wp-json\/wp\/v2\/media\/152435"}],"wp:attachment":[{"href":"https:\/\/espacoecologico.com.br\/arquivo\/wp-json\/wp\/v2\/media?parent=152434"}],"wp:term":[{"taxonomy":"category","embeddable":true,"href":"https:\/\/espacoecologico.com.br\/arquivo\/wp-json\/wp\/v2\/categories?post=152434"},{"taxonomy":"post_tag","embeddable":true,"href":"https:\/\/espacoecologico.com.br\/arquivo\/wp-json\/wp\/v2\/tags?post=152434"}],"curies":[{"name":"wp","href":"https:\/\/api.w.org\/{rel}","templated":true}]}}