{"id":152415,"date":"2021-08-28T11:48:15","date_gmt":"2021-08-28T14:48:15","guid":{"rendered":"https:\/\/espacoecologico.com.br\/arquivo\/?p=152415"},"modified":"2021-09-03T15:55:13","modified_gmt":"2021-09-03T18:55:13","slug":"conta-de-luz-seguira-na-bandeira-vermelha-2-em-setembro","status":"publish","type":"post","link":"https:\/\/espacoecologico.com.br\/arquivo\/conta-de-luz-seguira-na-bandeira-vermelha-2-em-setembro\/","title":{"rendered":"Conta de luz seguir\u00e1 na bandeira vermelha 2 em setembro, segundo Aneel"},"content":{"rendered":"<div class=\"post-item alt-font\">\n<div class=\"post-item-wrap\">\n<p><a href=\"https:\/\/espacoecologico.com.br\/arquivo\/conta-de-luz-seguira-na-bandeira-vermelha-2-em-setembro\/eergia\/\" rel=\"attachment wp-att-152416\"><img loading=\"lazy\" class=\"alignleft size-medium wp-image-152416\" src=\"https:\/\/espacoecologico.com.br\/arquivo\/wp-content\/uploads\/2021\/08\/eergia-300x192.jpg\" alt=\"\" width=\"300\" height=\"192\" srcset=\"https:\/\/espacoecologico.com.br\/arquivo\/wp-content\/uploads\/2021\/08\/eergia-300x192.jpg 300w, https:\/\/espacoecologico.com.br\/arquivo\/wp-content\/uploads\/2021\/08\/eergia.jpg 415w\" sizes=\"(max-width: 300px) 100vw, 300px\" \/><\/a>A Ag\u00eancia Nacional de Energia El\u00e9trica (Aneel) decidiu, nesta sexta-feira (27), manter a bandeira vermelha, patamar 2, para o m\u00eas de setembro. Com isso, o custo de cada 100 kilowatt-hora (kWh) consumido continua sendo de R$9,492. Segundo a ag\u00eancia, o m\u00eas de agosto, que est\u00e1 chegando ao fim, manteve o estado cr\u00edtico dos reservat\u00f3rios das usinas hidrel\u00e9tricas do pa\u00eds.\u00a0<img src=\"https:\/\/agenciabrasil.ebc.com.br\/ebc.png?id=1419870&amp;o=node\" \/><img src=\"https:\/\/agenciabrasil.ebc.com.br\/ebc.gif?id=1419870&amp;o=node\" \/><\/p>\n<p>&#8220;Agosto foi mais um m\u00eas de severidade para o regime hidrol\u00f3gico do Sistema Interligado Nacional (SIN). O registro sobre as aflu\u00eancias \u00e0s principais bacias hidrogr\u00e1ficas continuou entre os mais cr\u00edticos do hist\u00f3rico. A perspectiva para setembro n\u00e3o deve se alterar significativamente, com os principais reservat\u00f3rios do SIN atingindo n\u00edveis consideravelmente baixos para essa \u00e9poca do ano&#8221;, informou a Aneel.<\/p>\n<p>Em per\u00edodos de seca, e consequente baixa nos n\u00edveis dos reservat\u00f3rios, \u00e9 necess\u00e1rio captar energia de outros tipos de usina, como as termel\u00e9tricas. Esse tipo de usina gera energia a partir de combust\u00edveis f\u00f3sseis, como diesel e g\u00e1s. Al\u00e9m de ser mais poluente, \u00e9 mais cara. Por isso, quando as termel\u00e9tricas s\u00e3o acionadas, o\u00a0<a href=\"https:\/\/agenciabrasil.ebc.com.br\/economia\/noticia\/2021-07\/agencia-brasil-explica-como-funcionam-bandeiras-tarifarias\" target=\"_blank\" rel=\"noopener\">custo da gera\u00e7\u00e3o de energia aumenta\u00a0<\/a>e a bandeira tarif\u00e1ria\u00a0muda.<\/p>\n<p>Dentre as dicas trazidas pela Aneel para reduzir o valor da conta de luz, est\u00e3o o uso racional do chuveiro el\u00e9trico (banhos de at\u00e9 5 minutos e em temperatura morna); do ar condicionado (manter os filtros limpos e reduzir ao m\u00e1ximo seu tempo de utiliza\u00e7\u00e3o); da geladeira (s\u00f3 deixar a porta da geladeira aberta o tempo que for necess\u00e1rio, regular a temperatura interna de acordo com o manual de instru\u00e7\u00f5es e nunca colocar alimentos quentes dentro da geladeira); e do ferro de passar (juntar roupas para passar de uma s\u00f3 vez e come\u00e7ar por aquelas que exigem menor temperatura).<\/p>\n<\/div>\n<p class=\"alt-font font-italic my-2 small text-info\">Edi\u00e7\u00e3o: F\u00e1bio Massalli<\/p>\n<\/div>\n","protected":false},"excerpt":{"rendered":"<p>A Ag\u00eancia Nacional de Energia El\u00e9trica (Aneel) decidiu, nesta sexta-feira (27), manter a bandeira vermelha,<\/p>\n","protected":false},"author":2,"featured_media":152416,"comment_status":"closed","ping_status":"open","sticky":false,"template":"","format":"standard","meta":[],"categories":[3,1],"tags":[],"uagb_featured_image_src":{"full":["https:\/\/espacoecologico.com.br\/arquivo\/wp-content\/uploads\/2021\/08\/eergia.jpg",415,265,false],"thumbnail":["https:\/\/espacoecologico.com.br\/arquivo\/wp-content\/uploads\/2021\/08\/eergia-150x150.jpg",150,150,true],"medium":["https:\/\/espacoecologico.com.br\/arquivo\/wp-content\/uploads\/2021\/08\/eergia-300x192.jpg",300,192,true],"medium_large":["https:\/\/espacoecologico.com.br\/arquivo\/wp-content\/uploads\/2021\/08\/eergia.jpg",415,265,false],"large":["https:\/\/espacoecologico.com.br\/arquivo\/wp-content\/uploads\/2021\/08\/eergia.jpg",415,265,false],"1536x1536":["https:\/\/espacoecologico.com.br\/arquivo\/wp-content\/uploads\/2021\/08\/eergia.jpg",415,265,false],"2048x2048":["https:\/\/espacoecologico.com.br\/arquivo\/wp-content\/uploads\/2021\/08\/eergia.jpg",415,265,false],"cream-magazine-thumbnail-2":["https:\/\/espacoecologico.com.br\/arquivo\/wp-content\/uploads\/2021\/08\/eergia.jpg",415,265,false],"cream-magazine-thumbnail-3":["https:\/\/espacoecologico.com.br\/arquivo\/wp-content\/uploads\/2021\/08\/eergia.jpg",415,265,false],"cream-magazine-thumbnail-4":["https:\/\/espacoecologico.com.br\/arquivo\/wp-content\/uploads\/2021\/08\/eergia.jpg",415,265,false]},"uagb_author_info":{"display_name":"","author_link":"https:\/\/espacoecologico.com.br\/arquivo\/author\/"},"uagb_comment_info":0,"uagb_excerpt":"A Ag\u00eancia Nacional de Energia El\u00e9trica (Aneel) decidiu, nesta sexta-feira (27), manter a bandeira vermelha,","_links":{"self":[{"href":"https:\/\/espacoecologico.com.br\/arquivo\/wp-json\/wp\/v2\/posts\/152415"}],"collection":[{"href":"https:\/\/espacoecologico.com.br\/arquivo\/wp-json\/wp\/v2\/posts"}],"about":[{"href":"https:\/\/espacoecologico.com.br\/arquivo\/wp-json\/wp\/v2\/types\/post"}],"author":[{"embeddable":true,"href":"https:\/\/espacoecologico.com.br\/arquivo\/wp-json\/wp\/v2\/users\/2"}],"replies":[{"embeddable":true,"href":"https:\/\/espacoecologico.com.br\/arquivo\/wp-json\/wp\/v2\/comments?post=152415"}],"version-history":[{"count":3,"href":"https:\/\/espacoecologico.com.br\/arquivo\/wp-json\/wp\/v2\/posts\/152415\/revisions"}],"predecessor-version":[{"id":152419,"href":"https:\/\/espacoecologico.com.br\/arquivo\/wp-json\/wp\/v2\/posts\/152415\/revisions\/152419"}],"wp:featuredmedia":[{"embeddable":true,"href":"https:\/\/espacoecologico.com.br\/arquivo\/wp-json\/wp\/v2\/media\/152416"}],"wp:attachment":[{"href":"https:\/\/espacoecologico.com.br\/arquivo\/wp-json\/wp\/v2\/media?parent=152415"}],"wp:term":[{"taxonomy":"category","embeddable":true,"href":"https:\/\/espacoecologico.com.br\/arquivo\/wp-json\/wp\/v2\/categories?post=152415"},{"taxonomy":"post_tag","embeddable":true,"href":"https:\/\/espacoecologico.com.br\/arquivo\/wp-json\/wp\/v2\/tags?post=152415"}],"curies":[{"name":"wp","href":"https:\/\/api.w.org\/{rel}","templated":true}]}}