{"id":152398,"date":"2021-08-27T14:30:37","date_gmt":"2021-08-27T17:30:37","guid":{"rendered":"https:\/\/espacoecologico.com.br\/arquivo\/?p=152398"},"modified":"2021-09-03T15:55:52","modified_gmt":"2021-09-03T18:55:52","slug":"conheca-remedinhos-naturais-para-tratar-as-picadas-de-insetos","status":"publish","type":"post","link":"https:\/\/espacoecologico.com.br\/arquivo\/conheca-remedinhos-naturais-para-tratar-as-picadas-de-insetos\/","title":{"rendered":"Conhe\u00e7a remedinhos naturais para tratar as picadas de insetos"},"content":{"rendered":"<p><a href=\"https:\/\/espacoecologico.com.br\/arquivo\/?attachment_id=152400\" rel=\"attachment wp-att-152400\"><img loading=\"lazy\" class=\"alignleft size-medium wp-image-152400\" src=\"https:\/\/espacoecologico.com.br\/arquivo\/wp-content\/uploads\/2021\/08\/mosquito-300x192.jpg\" alt=\"\" width=\"300\" height=\"192\" srcset=\"https:\/\/espacoecologico.com.br\/arquivo\/wp-content\/uploads\/2021\/08\/mosquito-300x192.jpg 300w, https:\/\/espacoecologico.com.br\/arquivo\/wp-content\/uploads\/2021\/08\/mosquito.jpg 415w\" sizes=\"(max-width: 300px) 100vw, 300px\" \/><\/a>Fala a verdade, voc\u00ea tamb\u00e9m pensa que os parques, praias, regi\u00f5es mais vegetativas e de montanhas s\u00f3 n\u00e3o s\u00e3o perfeitos por causa dos insetos que l\u00e1 vivem? Ok, \u00e9 compreens\u00edvel, mas n\u00e3o \u00e9 por causa deles que a gente vai deixar de desfrutar do maravilhoso contato com a natureza, n\u00e3o \u00e9 mesmo? At\u00e9 porque, \u00e9 poss\u00edvel apreciar esses momentos sem sofrer tanto com picadas de insetos. Alguns produtos naturais servem como \u00f3timos repelentes e acalmam as inflama\u00e7\u00f5es de picadas. Todos s\u00e3o boas op\u00e7\u00f5es para quem usa e para a preserva\u00e7\u00e3o desses ambientes naturais t\u00e3o importantes para o nosso bem-estar.<\/p>\n<h3>N\u00e3o tem como escapar, eles sempre estar\u00e3o l\u00e1.<\/h3>\n<p>Os mosquitos s\u00e3o atra\u00eddos pelo sangue humano, pois ele representa uma boa fonte de alimentos. Ent\u00e3o, quando voc\u00ea estiver em contato com a natureza, \u00e9 interessante usar blusas e cal\u00e7as compridas para diminuir a \u00e1rea exposta do corpo. Algumas plantas como lavanda, citronela, manjeric\u00e3o e alecrim ajudam a manter os insetos distantes e s\u00e3o bons repelentes naturais.<\/p>\n<h3>Em vez da farm\u00e1cia, a dispensa<\/h3>\n<p>Caso o mosquitinho insistente j\u00e1 tenha conseguido te picar, conhe\u00e7a uma lista de subst\u00e2ncias que s\u00e3o bons rem\u00e9dios naturais e podem contribuir para amenizar o desconforto.<\/p>\n<p><strong>Azeites naturais:<\/strong>\u00a0subst\u00e2ncias como o cedro e a lavanda aliviam coceiras e podem ser aplicados direto no machucado. Os azeites devem ser evitados em crian\u00e7as ou pessoas que possam apresentar alergia a esse tipo de subst\u00e2ncia.<\/p>\n<p><strong>Aloe vera:<\/strong>\u00a0tamb\u00e9m conhecida como babosa, \u00e9 um agente antiss\u00e9ptico natural. Utilize o \u00f3leo presente nas folhas para aplicar sobre a ferida. Al\u00e9m de aliviar a coceira, ele tira o incha\u00e7o e contribui para uma r\u00e1pida cicatriza\u00e7\u00e3o.<\/p>\n<p><strong>Mam\u00e3o papaia:<\/strong>\u00a0a fruta neutraliza os efeitos causados pelo veneno dos insetos e pode ser aplicado direto no machucado. Depois \u00e9 s\u00f3 lavar bem.<\/p>\n<p><strong>Mel:<\/strong>\u00a0com suas propriedades antimicrobianas, pode ser aplicado direto nas picadas. Ele previne infec\u00e7\u00f5es e ajuda na sensa\u00e7\u00e3o de al\u00edvio.<\/p>\n<p><strong>Alho:<\/strong>\u00a0este \u00e9 um \u00f3timo cicatrizante e ainda possui propriedades antibi\u00f3ticas e antibacterianas. Macere o alho at\u00e9 formar uma pasta e aplique sobre a ferida.<\/p>\n<p><strong>Tomate:<\/strong>\u00a0o fruto \u00e9 um bom analg\u00e9sico para insetos que picam com ferr\u00e3o. Primeiro \u00e9 importante retirar o ferr\u00e3o, depois aplicar o tomate em fatias na \u00e1rea ferida. Ele alivia a dor e a inflama\u00e7\u00e3o.<\/p>\n<p><strong>Vinagre:<\/strong>\u00a0se sentir coceira, passe uma gota de vinagre. O vinagre pode ajudar a reduzir as sensa\u00e7\u00f5es de ardor e ardor. Ele tamb\u00e9m pode atuar como um desinfetante natural se voc\u00ea co\u00e7ar demais.<\/p>\n<p>Embora os riscos \u00e0 sa\u00fade causados \u200b\u200bpor uma picada de mosquito sejam muito baixos, \u00e9 sempre bom ficar atento, principalmente se a regi\u00e3o apresentar incha\u00e7o, aquecimento ou pus incomuns. Se os sintomas piorarem, n\u00e3o desaparecem em poucos dias ou se tiverem sido causados \u200b\u200bpor um inseto mais perigoso, consulte um m\u00e9dico para um diagn\u00f3stico e tratamento adequado.<\/p>\n","protected":false},"excerpt":{"rendered":"<p>Fala a verdade, voc\u00ea tamb\u00e9m pensa que os parques, praias, regi\u00f5es mais vegetativas e de<\/p>\n","protected":false},"author":2,"featured_media":152400,"comment_status":"closed","ping_status":"open","sticky":false,"template":"","format":"standard","meta":[],"categories":[3,1],"tags":[],"uagb_featured_image_src":{"full":["https:\/\/espacoecologico.com.br\/arquivo\/wp-content\/uploads\/2021\/08\/mosquito.jpg",415,265,false],"thumbnail":["https:\/\/espacoecologico.com.br\/arquivo\/wp-content\/uploads\/2021\/08\/mosquito-150x150.jpg",150,150,true],"medium":["https:\/\/espacoecologico.com.br\/arquivo\/wp-content\/uploads\/2021\/08\/mosquito-300x192.jpg",300,192,true],"medium_large":["https:\/\/espacoecologico.com.br\/arquivo\/wp-content\/uploads\/2021\/08\/mosquito.jpg",415,265,false],"large":["https:\/\/espacoecologico.com.br\/arquivo\/wp-content\/uploads\/2021\/08\/mosquito.jpg",415,265,false],"1536x1536":["https:\/\/espacoecologico.com.br\/arquivo\/wp-content\/uploads\/2021\/08\/mosquito.jpg",415,265,false],"2048x2048":["https:\/\/espacoecologico.com.br\/arquivo\/wp-content\/uploads\/2021\/08\/mosquito.jpg",415,265,false],"cream-magazine-thumbnail-2":["https:\/\/espacoecologico.com.br\/arquivo\/wp-content\/uploads\/2021\/08\/mosquito.jpg",415,265,false],"cream-magazine-thumbnail-3":["https:\/\/espacoecologico.com.br\/arquivo\/wp-content\/uploads\/2021\/08\/mosquito.jpg",415,265,false],"cream-magazine-thumbnail-4":["https:\/\/espacoecologico.com.br\/arquivo\/wp-content\/uploads\/2021\/08\/mosquito.jpg",415,265,false]},"uagb_author_info":{"display_name":"","author_link":"https:\/\/espacoecologico.com.br\/arquivo\/author\/"},"uagb_comment_info":0,"uagb_excerpt":"Fala a verdade, voc\u00ea tamb\u00e9m pensa que os parques, praias, regi\u00f5es mais vegetativas e de","_links":{"self":[{"href":"https:\/\/espacoecologico.com.br\/arquivo\/wp-json\/wp\/v2\/posts\/152398"}],"collection":[{"href":"https:\/\/espacoecologico.com.br\/arquivo\/wp-json\/wp\/v2\/posts"}],"about":[{"href":"https:\/\/espacoecologico.com.br\/arquivo\/wp-json\/wp\/v2\/types\/post"}],"author":[{"embeddable":true,"href":"https:\/\/espacoecologico.com.br\/arquivo\/wp-json\/wp\/v2\/users\/2"}],"replies":[{"embeddable":true,"href":"https:\/\/espacoecologico.com.br\/arquivo\/wp-json\/wp\/v2\/comments?post=152398"}],"version-history":[{"count":3,"href":"https:\/\/espacoecologico.com.br\/arquivo\/wp-json\/wp\/v2\/posts\/152398\/revisions"}],"predecessor-version":[{"id":152403,"href":"https:\/\/espacoecologico.com.br\/arquivo\/wp-json\/wp\/v2\/posts\/152398\/revisions\/152403"}],"wp:featuredmedia":[{"embeddable":true,"href":"https:\/\/espacoecologico.com.br\/arquivo\/wp-json\/wp\/v2\/media\/152400"}],"wp:attachment":[{"href":"https:\/\/espacoecologico.com.br\/arquivo\/wp-json\/wp\/v2\/media?parent=152398"}],"wp:term":[{"taxonomy":"category","embeddable":true,"href":"https:\/\/espacoecologico.com.br\/arquivo\/wp-json\/wp\/v2\/categories?post=152398"},{"taxonomy":"post_tag","embeddable":true,"href":"https:\/\/espacoecologico.com.br\/arquivo\/wp-json\/wp\/v2\/tags?post=152398"}],"curies":[{"name":"wp","href":"https:\/\/api.w.org\/{rel}","templated":true}]}}