{"id":152353,"date":"2021-08-27T09:00:50","date_gmt":"2021-08-27T12:00:50","guid":{"rendered":"https:\/\/espacoecologico.com.br\/arquivo\/?p=152353"},"modified":"2021-09-03T15:55:52","modified_gmt":"2021-09-03T18:55:52","slug":"plantar-arvores-incentiva-a-formacao-de-nuvens-e-resfria-o-planeta-de-maneira-eficiente","status":"publish","type":"post","link":"https:\/\/espacoecologico.com.br\/arquivo\/plantar-arvores-incentiva-a-formacao-de-nuvens-e-resfria-o-planeta-de-maneira-eficiente\/","title":{"rendered":"Plantar \u00e1rvores incentiva a forma\u00e7\u00e3o de nuvens e resfria o planeta de maneira eficiente"},"content":{"rendered":"<p><a href=\"https:\/\/espacoecologico.com.br\/arquivo\/plantar-arvores-incentiva-a-formacao-de-nuvens-e-resfria-o-planeta-de-maneira-eficiente\/arvore-78\/\" rel=\"attachment wp-att-152354\"><img loading=\"lazy\" class=\"alignleft size-medium wp-image-152354\" src=\"https:\/\/espacoecologico.com.br\/arquivo\/wp-content\/uploads\/2021\/08\/arvore-300x192.jpg\" alt=\"\" width=\"300\" height=\"192\" srcset=\"https:\/\/espacoecologico.com.br\/arquivo\/wp-content\/uploads\/2021\/08\/arvore-300x192.jpg 300w, https:\/\/espacoecologico.com.br\/arquivo\/wp-content\/uploads\/2021\/08\/arvore.jpg 415w\" sizes=\"(max-width: 300px) 100vw, 300px\" \/><\/a>Um novo estudo mostra que o reflorestamento faz mais do que proteger a Terra com folhas verdes. Ele produz nuvens que tamb\u00e9m protegem o planeta dos raios solares. Parece \u00f3bvio, mas se plantarmos \u00e1rvores, elas poder\u00e3o resfriar o clima, ainda mais do que se pensava anteriormente.<\/p>\n<p>Os pesquisadores da Universidade de Princeton descobriram que muitos modelos clim\u00e1ticos n\u00e3o levam em considera\u00e7\u00e3o as nuvens produzidas pelas \u00e1reas florestais, o que resulta em temperaturas mais frias.<\/p>\n<p>A pesquisa mostra que ao considerar que as nuvens se formam com mais frequ\u00eancia sobre \u00e1reas florestadas, a planta\u00e7\u00e3o de \u00e1rvores sobre grandes \u00e1reas \u00e9 vantajosa e deve ser feita para fins clim\u00e1ticos.<\/p>\n<p>Alguns cientistas questionaram o benef\u00edcio do reflorestamento em regi\u00f5es de m\u00e9dia altitude por causa do albedo \u2013 a capacidade da superf\u00edcie terrestre de refletir a luz solar \u2013 quando as \u00e1rvores dec\u00edduas perdem folhas durante as esta\u00e7\u00f5es frias.<\/p>\n<p>No entanto, o estudo mostra que o albedo reduzido \u00e9 mais do que compensado pelas nuvens criadas por estas florestas quando as \u00e1rvores folhadas liberam umidade para a atmosfera.<\/p>\n<p>\u00c0 medida que as nuvens passam entre o Sol e a Terra, elas produzem um efeito de resfriamento na temperatura. De acordo com a pesquisa, as nuvens t\u00eam um albedo elevado, semelhante \u00e0 neve e ao gelo. No entanto, as nuvens s\u00e3o normalmente descartadas em muitos estudos que examinam a mitiga\u00e7\u00e3o natural das mudan\u00e7as clim\u00e1ticas.<\/p>\n<p>O estudo combinou dados de sat\u00e9lite de nuvens com modelos que estimam a intera\u00e7\u00e3o entre as plantas e a atmosfera. Os pesquisadores conclu\u00edram que o resfriamento das nuvens e o aumento da absor\u00e7\u00e3o de di\u00f3xido de carbono eram mais ben\u00e9ficos do que a radia\u00e7\u00e3o solar absorvida pelas \u00e1reas florestadas.<\/p>\n<p>No entanto, os autores pediram cautela ao considerar a refloresta\u00e7\u00e3o de uma determinada \u00e1rea. \u00c9 necess\u00e1ria mais investiga\u00e7\u00e3o para determinar como e o que tem de ser feito em uma regi\u00e3o antes do in\u00edcio do plantio de \u00e1rvores.<\/p>\n<p>N\u00e3o se pode considerar apenas as mudan\u00e7as clim\u00e1ticas. Outros fatores, tais como a biodiversidade e o fato de a terra ser tamb\u00e9m necess\u00e1ria para a produ\u00e7\u00e3o de alimentos devem ser considerados.<\/p>\n<p>Segundo os autores, os pr\u00f3ximos estudos devem continuar considerando o papel das nuvens. Mas devem concentrar-se em regi\u00f5es mais espec\u00edficas e levar em considera\u00e7\u00e3o a economia do local.<\/p>\n","protected":false},"excerpt":{"rendered":"<p>Um novo estudo mostra que o reflorestamento faz mais do que proteger a Terra com<\/p>\n","protected":false},"author":2,"featured_media":152354,"comment_status":"closed","ping_status":"open","sticky":false,"template":"","format":"standard","meta":[],"categories":[3,1],"tags":[],"uagb_featured_image_src":{"full":["https:\/\/espacoecologico.com.br\/arquivo\/wp-content\/uploads\/2021\/08\/arvore.jpg",415,265,false],"thumbnail":["https:\/\/espacoecologico.com.br\/arquivo\/wp-content\/uploads\/2021\/08\/arvore-150x150.jpg",150,150,true],"medium":["https:\/\/espacoecologico.com.br\/arquivo\/wp-content\/uploads\/2021\/08\/arvore-300x192.jpg",300,192,true],"medium_large":["https:\/\/espacoecologico.com.br\/arquivo\/wp-content\/uploads\/2021\/08\/arvore.jpg",415,265,false],"large":["https:\/\/espacoecologico.com.br\/arquivo\/wp-content\/uploads\/2021\/08\/arvore.jpg",415,265,false],"1536x1536":["https:\/\/espacoecologico.com.br\/arquivo\/wp-content\/uploads\/2021\/08\/arvore.jpg",415,265,false],"2048x2048":["https:\/\/espacoecologico.com.br\/arquivo\/wp-content\/uploads\/2021\/08\/arvore.jpg",415,265,false],"cream-magazine-thumbnail-2":["https:\/\/espacoecologico.com.br\/arquivo\/wp-content\/uploads\/2021\/08\/arvore.jpg",415,265,false],"cream-magazine-thumbnail-3":["https:\/\/espacoecologico.com.br\/arquivo\/wp-content\/uploads\/2021\/08\/arvore.jpg",415,265,false],"cream-magazine-thumbnail-4":["https:\/\/espacoecologico.com.br\/arquivo\/wp-content\/uploads\/2021\/08\/arvore.jpg",415,265,false]},"uagb_author_info":{"display_name":"","author_link":"https:\/\/espacoecologico.com.br\/arquivo\/author\/"},"uagb_comment_info":0,"uagb_excerpt":"Um novo estudo mostra que o reflorestamento faz mais do que proteger a Terra com","_links":{"self":[{"href":"https:\/\/espacoecologico.com.br\/arquivo\/wp-json\/wp\/v2\/posts\/152353"}],"collection":[{"href":"https:\/\/espacoecologico.com.br\/arquivo\/wp-json\/wp\/v2\/posts"}],"about":[{"href":"https:\/\/espacoecologico.com.br\/arquivo\/wp-json\/wp\/v2\/types\/post"}],"author":[{"embeddable":true,"href":"https:\/\/espacoecologico.com.br\/arquivo\/wp-json\/wp\/v2\/users\/2"}],"replies":[{"embeddable":true,"href":"https:\/\/espacoecologico.com.br\/arquivo\/wp-json\/wp\/v2\/comments?post=152353"}],"version-history":[{"count":3,"href":"https:\/\/espacoecologico.com.br\/arquivo\/wp-json\/wp\/v2\/posts\/152353\/revisions"}],"predecessor-version":[{"id":152375,"href":"https:\/\/espacoecologico.com.br\/arquivo\/wp-json\/wp\/v2\/posts\/152353\/revisions\/152375"}],"wp:featuredmedia":[{"embeddable":true,"href":"https:\/\/espacoecologico.com.br\/arquivo\/wp-json\/wp\/v2\/media\/152354"}],"wp:attachment":[{"href":"https:\/\/espacoecologico.com.br\/arquivo\/wp-json\/wp\/v2\/media?parent=152353"}],"wp:term":[{"taxonomy":"category","embeddable":true,"href":"https:\/\/espacoecologico.com.br\/arquivo\/wp-json\/wp\/v2\/categories?post=152353"},{"taxonomy":"post_tag","embeddable":true,"href":"https:\/\/espacoecologico.com.br\/arquivo\/wp-json\/wp\/v2\/tags?post=152353"}],"curies":[{"name":"wp","href":"https:\/\/api.w.org\/{rel}","templated":true}]}}