{"id":152337,"date":"2021-08-26T14:00:11","date_gmt":"2021-08-26T17:00:11","guid":{"rendered":"https:\/\/espacoecologico.com.br\/arquivo\/?p=152337"},"modified":"2021-09-03T15:55:53","modified_gmt":"2021-09-03T18:55:53","slug":"paraiba-anuncia-3a-dose-de-vacina-para-idosos-com-idade-a-partir-de-70-anos-e-pessoas-imunossuprimidas","status":"publish","type":"post","link":"https:\/\/espacoecologico.com.br\/arquivo\/paraiba-anuncia-3a-dose-de-vacina-para-idosos-com-idade-a-partir-de-70-anos-e-pessoas-imunossuprimidas\/","title":{"rendered":"Para\u00edba anuncia 3\u00aa dose de vacina para idosos com idade a partir de 70 anos e pessoas imunossuprimidas"},"content":{"rendered":"<p><a href=\"https:\/\/espacoecologico.com.br\/arquivo\/?attachment_id=152338\" rel=\"attachment wp-att-152338\"><img loading=\"lazy\" class=\"alignleft size-medium wp-image-152338\" src=\"https:\/\/espacoecologico.com.br\/arquivo\/wp-content\/uploads\/2021\/08\/vacinacao-300x192.jpg\" alt=\"\" width=\"300\" height=\"192\" srcset=\"https:\/\/espacoecologico.com.br\/arquivo\/wp-content\/uploads\/2021\/08\/vacinacao-300x192.jpg 300w, https:\/\/espacoecologico.com.br\/arquivo\/wp-content\/uploads\/2021\/08\/vacinacao.jpg 415w\" sizes=\"(max-width: 300px) 100vw, 300px\" \/><\/a>Tamb\u00e9m est\u00e1 prevista a redu\u00e7\u00e3o do intervalo entre 1\u00aa e 2\u00aa doses dos imunizantes da Pfizer e da Astrazeneca<\/p>\n<p>A Secretaria de Estado da Sa\u00fade informou, nesta quarta-feira (25), que a Para\u00edba vai oferecer, a partir de 15 de setembro, doses de refor\u00e7o para pessoas imunossuprimidas e popula\u00e7\u00e3o com 70 anos ou mais, conforme an\u00fancio do Minist\u00e9rio da Sa\u00fade (MS) sobre as novas estrat\u00e9gias para condu\u00e7\u00e3o do Plano Nacional de Imuniza\u00e7\u00e3o (PNI) contra Covid-19.<\/p>\n<p>No informe tamb\u00e9m est\u00e1 prevista a redu\u00e7\u00e3o do intervalo entre 1\u00aa e 2\u00aa doses dos imunizantes da Pfizer\/Corminaty e da Astrazeneca\/Fiocruz. Ao contr\u00e1rio do esperado, profissionais de sa\u00fade n\u00e3o foram inclu\u00eddos na oferta de doses de refor\u00e7o. As determina\u00e7\u00f5es entrar\u00e3o em vigor em 15 de setembro.<\/p>\n<p>A nova etapa de imuniza\u00e7\u00e3o dever\u00e1 ser feita, preferencialmente, com uma dose da Pfizer, ou de maneira alternativa, com a vacina de vetor viral da Janssen ou da AstraZeneca. De acordo com o MS, as doses de refor\u00e7o s\u00e3o exclusivas para os p\u00fablicos determinados, obedecendo ao seguinte crit\u00e9rio: pessoas com problemas de imunidade devem tomar uma dose adicional 28 dias ap\u00f3s a conclus\u00e3o do esquema vacinal anterior, j\u00e1 a popula\u00e7\u00e3o a partir de 70 anos deve acatar o prazo de 180 dias ap\u00f3s o t\u00e9rmino do esquema anterior para receber a dose adicional.<\/p>\n<p>Sobre a redu\u00e7\u00e3o dos intervalos entre a 1\u00aa e 2\u00aa doses das vacinas das fabricantes Pfizer e Astrazeneca, o MS informou que a segunda dose deve ser administrada ap\u00f3s 8 semanas, ou 60 dias. O intervalo anterior era de 12 semanas, o que equivale a 90 dias. A medida visa ampliar a quantidade de pessoas com esquema vacinal completo. Neste sentido, a Para\u00edba tem previs\u00e3o de concluir a vacina\u00e7\u00e3o com a 1\u00aa dose da popula\u00e7\u00e3o acima de 18 anos at\u00e9 10 de setembro.<\/p>\n<p>A SES observou que as informa\u00e7\u00f5es s\u00e3o preliminares, uma vez que o MS n\u00e3o divulgou nota t\u00e9cnica sobre o assunto. Nenhuma das novas determina\u00e7\u00f5es constam no PNI e por isso n\u00e3o s\u00e3o objeto de pautas de distribui\u00e7\u00e3o. No momento, s\u00e3o aguardadas orienta\u00e7\u00f5es do MS sobre esse novo momento da vacina\u00e7\u00e3o.<\/p>\n","protected":false},"excerpt":{"rendered":"<p>Tamb\u00e9m est\u00e1 prevista a redu\u00e7\u00e3o do intervalo entre 1\u00aa e 2\u00aa doses dos imunizantes da<\/p>\n","protected":false},"author":2,"featured_media":152338,"comment_status":"closed","ping_status":"open","sticky":false,"template":"","format":"standard","meta":[],"categories":[3,1],"tags":[],"uagb_featured_image_src":{"full":["https:\/\/espacoecologico.com.br\/arquivo\/wp-content\/uploads\/2021\/08\/vacinacao.jpg",415,265,false],"thumbnail":["https:\/\/espacoecologico.com.br\/arquivo\/wp-content\/uploads\/2021\/08\/vacinacao-150x150.jpg",150,150,true],"medium":["https:\/\/espacoecologico.com.br\/arquivo\/wp-content\/uploads\/2021\/08\/vacinacao-300x192.jpg",300,192,true],"medium_large":["https:\/\/espacoecologico.com.br\/arquivo\/wp-content\/uploads\/2021\/08\/vacinacao.jpg",415,265,false],"large":["https:\/\/espacoecologico.com.br\/arquivo\/wp-content\/uploads\/2021\/08\/vacinacao.jpg",415,265,false],"1536x1536":["https:\/\/espacoecologico.com.br\/arquivo\/wp-content\/uploads\/2021\/08\/vacinacao.jpg",415,265,false],"2048x2048":["https:\/\/espacoecologico.com.br\/arquivo\/wp-content\/uploads\/2021\/08\/vacinacao.jpg",415,265,false],"cream-magazine-thumbnail-2":["https:\/\/espacoecologico.com.br\/arquivo\/wp-content\/uploads\/2021\/08\/vacinacao.jpg",415,265,false],"cream-magazine-thumbnail-3":["https:\/\/espacoecologico.com.br\/arquivo\/wp-content\/uploads\/2021\/08\/vacinacao.jpg",415,265,false],"cream-magazine-thumbnail-4":["https:\/\/espacoecologico.com.br\/arquivo\/wp-content\/uploads\/2021\/08\/vacinacao.jpg",415,265,false]},"uagb_author_info":{"display_name":"","author_link":"https:\/\/espacoecologico.com.br\/arquivo\/author\/"},"uagb_comment_info":0,"uagb_excerpt":"Tamb\u00e9m est\u00e1 prevista a redu\u00e7\u00e3o do intervalo entre 1\u00aa e 2\u00aa doses dos imunizantes da","_links":{"self":[{"href":"https:\/\/espacoecologico.com.br\/arquivo\/wp-json\/wp\/v2\/posts\/152337"}],"collection":[{"href":"https:\/\/espacoecologico.com.br\/arquivo\/wp-json\/wp\/v2\/posts"}],"about":[{"href":"https:\/\/espacoecologico.com.br\/arquivo\/wp-json\/wp\/v2\/types\/post"}],"author":[{"embeddable":true,"href":"https:\/\/espacoecologico.com.br\/arquivo\/wp-json\/wp\/v2\/users\/2"}],"replies":[{"embeddable":true,"href":"https:\/\/espacoecologico.com.br\/arquivo\/wp-json\/wp\/v2\/comments?post=152337"}],"version-history":[{"count":2,"href":"https:\/\/espacoecologico.com.br\/arquivo\/wp-json\/wp\/v2\/posts\/152337\/revisions"}],"predecessor-version":[{"id":152340,"href":"https:\/\/espacoecologico.com.br\/arquivo\/wp-json\/wp\/v2\/posts\/152337\/revisions\/152340"}],"wp:featuredmedia":[{"embeddable":true,"href":"https:\/\/espacoecologico.com.br\/arquivo\/wp-json\/wp\/v2\/media\/152338"}],"wp:attachment":[{"href":"https:\/\/espacoecologico.com.br\/arquivo\/wp-json\/wp\/v2\/media?parent=152337"}],"wp:term":[{"taxonomy":"category","embeddable":true,"href":"https:\/\/espacoecologico.com.br\/arquivo\/wp-json\/wp\/v2\/categories?post=152337"},{"taxonomy":"post_tag","embeddable":true,"href":"https:\/\/espacoecologico.com.br\/arquivo\/wp-json\/wp\/v2\/tags?post=152337"}],"curies":[{"name":"wp","href":"https:\/\/api.w.org\/{rel}","templated":true}]}}