{"id":152332,"date":"2021-08-26T13:30:41","date_gmt":"2021-08-26T16:30:41","guid":{"rendered":"https:\/\/espacoecologico.com.br\/arquivo\/?p=152332"},"modified":"2021-09-03T15:55:53","modified_gmt":"2021-09-03T18:55:53","slug":"entenda-por-que-uso-de-laxantes-para-soltar-o-intestino-deve-ser-evitado","status":"publish","type":"post","link":"https:\/\/espacoecologico.com.br\/arquivo\/entenda-por-que-uso-de-laxantes-para-soltar-o-intestino-deve-ser-evitado\/","title":{"rendered":"Entenda por que uso de laxantes para soltar o intestino deve ser evitado"},"content":{"rendered":"<h2 class=\"m-resume-single\"><a href=\"https:\/\/espacoecologico.com.br\/arquivo\/?attachment_id=152333\" rel=\"attachment wp-att-152333\"><img loading=\"lazy\" class=\"alignleft size-medium wp-image-152333\" src=\"https:\/\/espacoecologico.com.br\/arquivo\/wp-content\/uploads\/2021\/08\/papel_higienico-1-300x192.jpg\" alt=\"\" width=\"300\" height=\"192\" srcset=\"https:\/\/espacoecologico.com.br\/arquivo\/wp-content\/uploads\/2021\/08\/papel_higienico-1-300x192.jpg 300w, https:\/\/espacoecologico.com.br\/arquivo\/wp-content\/uploads\/2021\/08\/papel_higienico-1.jpg 415w\" sizes=\"(max-width: 300px) 100vw, 300px\" \/><\/a>Solu\u00e7\u00e3o para a constipa\u00e7\u00e3o intestinal deve ser obtida por meio de exerc\u00edcios f\u00edsicos e alimenta\u00e7\u00e3o, afirma gastroenterologista<\/h2>\n<p>Quem sofre com constipa\u00e7\u00e3o intestinal pode j\u00e1 ter recorrido, alguma vez na vida, aos laxantes. O que muitos n\u00e3o sabem \u00e9 que\u00a0<a href=\"https:\/\/www.metropoles.com\/saude\/tomar-laxante-para-emagrecer-funciona\" target=\"_blank\" rel=\"noopener\">esta solu\u00e7\u00e3o n\u00e3o pode ser usada com frequ\u00eancia<\/a>, sob risco de prejudicar ao inv\u00e9s de auxiliar a sa\u00fade intestinal.<\/p>\n<p>Entre os problemas que o uso recorrente pode causar est\u00e3o o agravamento da pris\u00e3o de ventre, uma vez que o organismo acaba criando uma certa depend\u00eancia do \u201cremedinho\u201d para funcionar.<\/p>\n<p>A utiliza\u00e7\u00e3o frequente deste tipo de medicamento tamb\u00e9m pode prejudicar a absor\u00e7\u00e3o de outros rem\u00e9dios e at\u00e9 causar problemas renais, pois seu uso leva \u00e0 elimina\u00e7\u00e3o de sais minerais importantes.<\/p>\n<p>Na pr\u00e1tica, o uso de laxantes \u00e9 feito de forma errada. Uma pesquisa realizada pela Nestl\u00e9 Heath Science, no Brasil, apontou que 56% das pessoas relataram j\u00e1 terem usado algum tipo de laxante para auxiliar na evacua\u00e7\u00e3o. Junto aos analg\u00e9sicos, eles s\u00e3o os rem\u00e9dios mais utilizados sem prescri\u00e7\u00e3o m\u00e9dica.<\/p>\n<blockquote><p>\u201cOs laxantes s\u00e3o uma classe de medicamentos utilizados frequentemente para constipa\u00e7\u00e3o cr\u00f4nica, sendo que, alguns deles podem ocasionar efeitos adversos e preju\u00edzos \u00e0 sa\u00fade se usados de forma cont\u00ednua, sem a devida necessidade\u201d, diz a gastroenterologista Maria do Carmo Friche Passos, professora da Universidade Federal de Minas Gerais (UFMG).<\/p>\n<p>Entre os efeitos colaterais relacionados ao uso de laxantes,\u00a0<a href=\"https:\/\/www.metropoles.com\/saude\/soltar-puns-e-importante-para-a-saude-do-seu-intestino\" target=\"_blank\" rel=\"noopener\">est\u00e3o c\u00f3licas abdominais<\/a>, diarreia, flatul\u00eancia, v\u00f4mitos e n\u00e1useas, queima\u00e7\u00e3o retal e fraqueza. \u201cPara se ter uma ideia, utilizar mais de um comprimido da subst\u00e2ncia por semana j\u00e1 pode causar problemas\u201d, afirma a m\u00e9dica.<\/p>\n<p>No dia a dia, o problema da constipa\u00e7\u00e3o intestinal deve ser resolvido da maneira mais natural poss\u00edvel, por meio da ado\u00e7\u00e3o de h\u00e1bitos saud\u00e1veis, como a pr\u00e1tica regular de atividade f\u00edsica (preferencialmente aer\u00f3bicas),\u00a0<a href=\"https:\/\/www.metropoles.com\/vida-e-estilo\/nutricao\/em-flocos-farelo-ou-farinha-descubra-o-tipo-de-aveia-certo-para-sua-dieta\" target=\"_blank\" rel=\"noopener\">o consumo de fibras<\/a>\u00a0e a ingest\u00e3o de bastante l\u00edquido, especialmente \u00e1gua.<\/p>\n<p>Veja na galeria alimentos que ajudam a soltar o intestino:<\/p>\n<p><img loading=\"lazy\" class=\"\" src=\"https:\/\/uploads.metropoles.com\/wp-content\/uploads\/2017\/05\/05182742\/aveia.jpg\" alt=\"Aveia\" width=\"639\" height=\"426\" \/><\/p>\n<p>A aveia \u00e9 uma boa boa op\u00e7\u00e3o para ser incorporada na dieta<\/p>\n<p><img loading=\"lazy\" class=\"\" src=\"https:\/\/uploads.metropoles.com\/wp-content\/uploads\/2019\/01\/08180244\/iStock-177546268.jpg\" width=\"640\" height=\"513\" \/><\/p>\n<p>O mam\u00e3o \u00e9 rico em fibras<\/p>\n<p><img loading=\"lazy\" class=\"\" src=\"https:\/\/uploads.metropoles.com\/wp-content\/uploads\/2020\/12\/30182717\/lentilha-1-1024x683.jpg\" alt=\"Lentilha\" width=\"639\" height=\"426\" \/><\/p>\n<p>As lentilhas tamb\u00e9m ajudam a soltar o intestino<\/p>\n<p><img loading=\"lazy\" class=\"\" src=\"https:\/\/uploads.metropoles.com\/wp-content\/uploads\/2017\/02\/10192902\/iStock-467159728.jpg\" alt=\"Castanhas\" width=\"639\" height=\"424\" \/><\/p>\n<p>Castanhas tamb\u00e9m colaboram para a sa\u00fade intestinal<\/p>\n<p><img loading=\"lazy\" class=\"\" src=\"https:\/\/uploads.metropoles.com\/wp-content\/uploads\/2021\/03\/24201735\/folhas-verdes-1024x683.jpg\" alt=\"Folhas verdes\" width=\"640\" height=\"427\" \/><\/p>\n<p>As folhas s\u00e3o ricas em fibras e devem acompanhar o almo\u00e7o ou o jantar<\/p>\n<p><img loading=\"lazy\" class=\"\" src=\"https:\/\/uploads.metropoles.com\/wp-content\/uploads\/2019\/12\/23144423\/alina-karpenko-03RUtFXdu1w-unsplash.jpg\" width=\"638\" height=\"425\" \/><\/p>\n<p>Outra op\u00e7\u00e3o para incorpor\u00e1-las na dieta \u00e9 usa-las em um suco verde<\/p><\/blockquote>\n","protected":false},"excerpt":{"rendered":"<p>Solu\u00e7\u00e3o para a constipa\u00e7\u00e3o intestinal deve ser obtida por meio de exerc\u00edcios f\u00edsicos e alimenta\u00e7\u00e3o,<\/p>\n","protected":false},"author":2,"featured_media":152333,"comment_status":"closed","ping_status":"open","sticky":false,"template":"","format":"standard","meta":[],"categories":[3,1],"tags":[],"uagb_featured_image_src":{"full":["https:\/\/espacoecologico.com.br\/arquivo\/wp-content\/uploads\/2021\/08\/papel_higienico-1.jpg",415,265,false],"thumbnail":["https:\/\/espacoecologico.com.br\/arquivo\/wp-content\/uploads\/2021\/08\/papel_higienico-1-150x150.jpg",150,150,true],"medium":["https:\/\/espacoecologico.com.br\/arquivo\/wp-content\/uploads\/2021\/08\/papel_higienico-1-300x192.jpg",300,192,true],"medium_large":["https:\/\/espacoecologico.com.br\/arquivo\/wp-content\/uploads\/2021\/08\/papel_higienico-1.jpg",415,265,false],"large":["https:\/\/espacoecologico.com.br\/arquivo\/wp-content\/uploads\/2021\/08\/papel_higienico-1.jpg",415,265,false],"1536x1536":["https:\/\/espacoecologico.com.br\/arquivo\/wp-content\/uploads\/2021\/08\/papel_higienico-1.jpg",415,265,false],"2048x2048":["https:\/\/espacoecologico.com.br\/arquivo\/wp-content\/uploads\/2021\/08\/papel_higienico-1.jpg",415,265,false],"cream-magazine-thumbnail-2":["https:\/\/espacoecologico.com.br\/arquivo\/wp-content\/uploads\/2021\/08\/papel_higienico-1.jpg",415,265,false],"cream-magazine-thumbnail-3":["https:\/\/espacoecologico.com.br\/arquivo\/wp-content\/uploads\/2021\/08\/papel_higienico-1.jpg",415,265,false],"cream-magazine-thumbnail-4":["https:\/\/espacoecologico.com.br\/arquivo\/wp-content\/uploads\/2021\/08\/papel_higienico-1.jpg",415,265,false]},"uagb_author_info":{"display_name":"","author_link":"https:\/\/espacoecologico.com.br\/arquivo\/author\/"},"uagb_comment_info":0,"uagb_excerpt":"Solu\u00e7\u00e3o para a constipa\u00e7\u00e3o intestinal deve ser obtida por meio de exerc\u00edcios f\u00edsicos e alimenta\u00e7\u00e3o,","_links":{"self":[{"href":"https:\/\/espacoecologico.com.br\/arquivo\/wp-json\/wp\/v2\/posts\/152332"}],"collection":[{"href":"https:\/\/espacoecologico.com.br\/arquivo\/wp-json\/wp\/v2\/posts"}],"about":[{"href":"https:\/\/espacoecologico.com.br\/arquivo\/wp-json\/wp\/v2\/types\/post"}],"author":[{"embeddable":true,"href":"https:\/\/espacoecologico.com.br\/arquivo\/wp-json\/wp\/v2\/users\/2"}],"replies":[{"embeddable":true,"href":"https:\/\/espacoecologico.com.br\/arquivo\/wp-json\/wp\/v2\/comments?post=152332"}],"version-history":[{"count":3,"href":"https:\/\/espacoecologico.com.br\/arquivo\/wp-json\/wp\/v2\/posts\/152332\/revisions"}],"predecessor-version":[{"id":152336,"href":"https:\/\/espacoecologico.com.br\/arquivo\/wp-json\/wp\/v2\/posts\/152332\/revisions\/152336"}],"wp:featuredmedia":[{"embeddable":true,"href":"https:\/\/espacoecologico.com.br\/arquivo\/wp-json\/wp\/v2\/media\/152333"}],"wp:attachment":[{"href":"https:\/\/espacoecologico.com.br\/arquivo\/wp-json\/wp\/v2\/media?parent=152332"}],"wp:term":[{"taxonomy":"category","embeddable":true,"href":"https:\/\/espacoecologico.com.br\/arquivo\/wp-json\/wp\/v2\/categories?post=152332"},{"taxonomy":"post_tag","embeddable":true,"href":"https:\/\/espacoecologico.com.br\/arquivo\/wp-json\/wp\/v2\/tags?post=152332"}],"curies":[{"name":"wp","href":"https:\/\/api.w.org\/{rel}","templated":true}]}}