{"id":152289,"date":"2021-08-26T07:00:53","date_gmt":"2021-08-26T10:00:53","guid":{"rendered":"https:\/\/espacoecologico.com.br\/arquivo\/?p=152289"},"modified":"2021-09-02T09:26:25","modified_gmt":"2021-09-02T12:26:25","slug":"brasileiro-ganha-premio-internacional-por-sistema-que-filtra-microplasticos","status":"publish","type":"post","link":"https:\/\/espacoecologico.com.br\/arquivo\/brasileiro-ganha-premio-internacional-por-sistema-que-filtra-microplasticos\/","title":{"rendered":"Brasileiro ganha pr\u00eamio internacional por sistema que filtra micropl\u00e1sticos"},"content":{"rendered":"<p><a href=\"https:\/\/espacoecologico.com.br\/arquivo\/?attachment_id=152290\" rel=\"attachment wp-att-152290\"><img loading=\"lazy\" class=\"alignleft size-medium wp-image-152290\" src=\"https:\/\/espacoecologico.com.br\/arquivo\/wp-content\/uploads\/2021\/08\/premio-300x192.jpg\" alt=\"\" width=\"300\" height=\"192\" srcset=\"https:\/\/espacoecologico.com.br\/arquivo\/wp-content\/uploads\/2021\/08\/premio-300x192.jpg 300w, https:\/\/espacoecologico.com.br\/arquivo\/wp-content\/uploads\/2021\/08\/premio.jpg 415w\" sizes=\"(max-width: 300px) 100vw, 300px\" \/><\/a>Gabriel Fernandes, de apenas 16 anos, foi o vencedor da vota\u00e7\u00e3o popular do Stockholm Junior Water Prize 2021<\/p>\n<p>Em mar\u00e7o, publicamos uma\u00a0mat\u00e9ria no CicloVivo sobre o estudante Gabriel Fernandes Mello Ferreira, do Col\u00e9gio S\u00e3o Jos\u00e9, de Itaja\u00ed, em Santa Catarina. Com a orienta\u00e7\u00e3o da professora Fernanda Poleza, ele criou um sistema de filtragem que se mostrou 100% eficiente para reter micropl\u00e1sticos na \u00e1gua. O sistema foi inclusive adotado por uma Esta\u00e7\u00e3o de Tratamento de \u00c1gua (ETA), respons\u00e1vel por 70% do abastecimento de Itaja\u00ed e Navegantes.<\/p>\n<p>Cinco meses depois, recebemos a not\u00edcia de que Gabriel garantiu a primeira vit\u00f3ria brasileira por vota\u00e7\u00e3o popular do Stockholm Junior Water Prize 2021. O Projeto \u201cDesenvolvimento de um mecanismo de reten\u00e7\u00e3o de micropl\u00e1sticos em Esta\u00e7\u00f5es de Tratamento de \u00c1gua (ETAs)\u201d, desenvolvido por Gabriel com a orienta\u00e7\u00e3o da professora Fernanda Poleza, recebeu mais de 26 mil votos.<\/p>\n<figure class=\"wp-block-image size-full\"><img loading=\"lazy\" class=\"wp-image-91188 lazy loaded\" src=\"https:\/\/ciclovivo.com.br\/wp-content\/uploads\/2021\/03\/filtragem-microplastico-1.jpg?x79184\" sizes=\"(max-width: 1024px) 100vw, 1024px\" srcset=\"https:\/\/ciclovivo.com.br\/wp-content\/uploads\/2021\/03\/filtragem-microplastico-1.jpg 1024w, https:\/\/ciclovivo.com.br\/wp-content\/uploads\/2021\/03\/filtragem-microplastico-1-300x169.jpg 300w, https:\/\/ciclovivo.com.br\/wp-content\/uploads\/2021\/03\/filtragem-microplastico-1-768x434.jpg 768w, https:\/\/ciclovivo.com.br\/wp-content\/uploads\/2021\/03\/filtragem-microplastico-1-696x393.jpg 696w, https:\/\/ciclovivo.com.br\/wp-content\/uploads\/2021\/03\/filtragem-microplastico-1-744x420.jpg 744w\" alt=\"filtragem micropl\u00e1sticos pr\u00eamio\" width=\"638\" height=\"360\" data-src=\"https:\/\/ciclovivo.com.br\/wp-content\/uploads\/2021\/03\/filtragem-microplastico-1.jpg?x79184\" data-srcset=\"https:\/\/ciclovivo.com.br\/wp-content\/uploads\/2021\/03\/filtragem-microplastico-1.jpg 1024w, https:\/\/ciclovivo.com.br\/wp-content\/uploads\/2021\/03\/filtragem-microplastico-1-300x169.jpg 300w, https:\/\/ciclovivo.com.br\/wp-content\/uploads\/2021\/03\/filtragem-microplastico-1-768x434.jpg 768w, https:\/\/ciclovivo.com.br\/wp-content\/uploads\/2021\/03\/filtragem-microplastico-1-696x393.jpg 696w, https:\/\/ciclovivo.com.br\/wp-content\/uploads\/2021\/03\/filtragem-microplastico-1-744x420.jpg 744w\" data-sizes=\"(max-width: 1024px) 100vw, 1024px\" data-was-processed=\"true\" \/><figcaption>Estudante criou sistema promissor de filtragem para micropl\u00e1sticos. Foto: Arquivo Pessoal<\/figcaption><\/figure>\n<p>\u201cEssa vit\u00f3ria brasileira no Stockholm Junior Water Prize demonstra a resili\u00eancia da educa\u00e7\u00e3o brasileira e principalmente o compromisso que nossos estudantes t\u00eam na constru\u00e7\u00e3o de solu\u00e7\u00f5es ambientais com vi\u00e9s coletivo gerando impactos na sociedade\u201d, ressalta Witan Silva, engenheiro ambiental e sanitarista e coordenador nacional do Programa de Jovens Profissionais do Saneamento.<\/p>\n<h2 id=\"h-inova-o\"><strong>Inova\u00e7\u00e3o<\/strong><\/h2>\n<p>A \u00e1gua tratada que consumimos j\u00e1 cont\u00e9m micropl\u00e1sticos, que s\u00e3o \u00a0part\u00edculas com menos de 5 mil\u00edmetros que podem carregar metais pesados, nocivos ao ser humano e animais.<\/p>\n<div class=\"wp-block-image\">\n<figure class=\"aligncenter size-large\"><img loading=\"lazy\" class=\"wp-image-91186 lazy loaded\" src=\"https:\/\/ciclovivo.com.br\/wp-content\/uploads\/2021\/03\/filtragem-microplastico-4-1024x608.jpg?x79184\" sizes=\"(max-width: 1024px) 100vw, 1024px\" srcset=\"https:\/\/ciclovivo.com.br\/wp-content\/uploads\/2021\/03\/filtragem-microplastico-4-1024x608.jpg 1024w, https:\/\/ciclovivo.com.br\/wp-content\/uploads\/2021\/03\/filtragem-microplastico-4-300x178.jpg 300w, https:\/\/ciclovivo.com.br\/wp-content\/uploads\/2021\/03\/filtragem-microplastico-4-768x456.jpg 768w, https:\/\/ciclovivo.com.br\/wp-content\/uploads\/2021\/03\/filtragem-microplastico-4-696x413.jpg 696w, https:\/\/ciclovivo.com.br\/wp-content\/uploads\/2021\/03\/filtragem-microplastico-4-1068x634.jpg 1068w, https:\/\/ciclovivo.com.br\/wp-content\/uploads\/2021\/03\/filtragem-microplastico-4-708x420.jpg 708w, https:\/\/ciclovivo.com.br\/wp-content\/uploads\/2021\/03\/filtragem-microplastico-4.jpg 1200w\" alt=\"filtragem micropl\u00e1sticos pr\u00eamio\" width=\"635\" height=\"377\" data-src=\"https:\/\/ciclovivo.com.br\/wp-content\/uploads\/2021\/03\/filtragem-microplastico-4-1024x608.jpg?x79184\" data-srcset=\"https:\/\/ciclovivo.com.br\/wp-content\/uploads\/2021\/03\/filtragem-microplastico-4-1024x608.jpg 1024w, https:\/\/ciclovivo.com.br\/wp-content\/uploads\/2021\/03\/filtragem-microplastico-4-300x178.jpg 300w, https:\/\/ciclovivo.com.br\/wp-content\/uploads\/2021\/03\/filtragem-microplastico-4-768x456.jpg 768w, https:\/\/ciclovivo.com.br\/wp-content\/uploads\/2021\/03\/filtragem-microplastico-4-696x413.jpg 696w, https:\/\/ciclovivo.com.br\/wp-content\/uploads\/2021\/03\/filtragem-microplastico-4-1068x634.jpg 1068w, https:\/\/ciclovivo.com.br\/wp-content\/uploads\/2021\/03\/filtragem-microplastico-4-708x420.jpg 708w, https:\/\/ciclovivo.com.br\/wp-content\/uploads\/2021\/03\/filtragem-microplastico-4.jpg 1200w\" data-sizes=\"(max-width: 1024px) 100vw, 1024px\" data-was-processed=\"true\" \/><figcaption>Foto: Arquivo Pessoal<\/figcaption><\/figure>\n<\/div>\n<p>O sistema criado por Gabriel filtra a \u00e1gua na superf\u00edcie e ret\u00e9m estas part\u00edculas. \u201cOs micropl\u00e1sticos s\u00e3o menos densos que a \u00e1gua e por isso o mecanismo de filtra\u00e7\u00e3o filtra apenas a parte superficial da l\u00e2mina d\u2019\u00e1gua. O filtro utiliza um skimmer que, atrav\u00e9s de canos, direciona a \u00e1gua para um cilindro pl\u00e1stico com fundo de malha de nylon de abertura de 300\u00b5. Este copo coletor \u00e9 o elemento filtrante, onde a \u00e1gua passa e o micropl\u00e1stico fica retido na malha\u201d, relata o jovem inventor.<\/p>\n<p>O mecanismo pode ser facilmente incorporado ao processo de tratamento de \u00e1gua nas Esta\u00e7\u00f5es de Tratamento de \u00c1gua, j\u00e1 que n\u00e3o necessita de \u00a0reformas estruturais para a sua instala\u00e7\u00e3o, que tem um custo de cerca de R$ 450.<\/p>\n<div class=\"wp-block-image\">\n<figure class=\"aligncenter size-full\"><img loading=\"lazy\" class=\"wp-image-91185 lazy loaded\" src=\"https:\/\/ciclovivo.com.br\/wp-content\/uploads\/2021\/03\/filtragem-microplastico-2.jpg?x79184\" sizes=\"(max-width: 1024px) 100vw, 1024px\" srcset=\"https:\/\/ciclovivo.com.br\/wp-content\/uploads\/2021\/03\/filtragem-microplastico-2.jpg 1024w, https:\/\/ciclovivo.com.br\/wp-content\/uploads\/2021\/03\/filtragem-microplastico-2-300x146.jpg 300w, https:\/\/ciclovivo.com.br\/wp-content\/uploads\/2021\/03\/filtragem-microplastico-2-768x373.jpg 768w, https:\/\/ciclovivo.com.br\/wp-content\/uploads\/2021\/03\/filtragem-microplastico-2-696x338.jpg 696w, https:\/\/ciclovivo.com.br\/wp-content\/uploads\/2021\/03\/filtragem-microplastico-2-865x420.jpg 865w\" alt=\"filtragem micropl\u00e1sticos pr\u00eamio\" width=\"637\" height=\"309\" data-src=\"https:\/\/ciclovivo.com.br\/wp-content\/uploads\/2021\/03\/filtragem-microplastico-2.jpg?x79184\" data-srcset=\"https:\/\/ciclovivo.com.br\/wp-content\/uploads\/2021\/03\/filtragem-microplastico-2.jpg 1024w, https:\/\/ciclovivo.com.br\/wp-content\/uploads\/2021\/03\/filtragem-microplastico-2-300x146.jpg 300w, https:\/\/ciclovivo.com.br\/wp-content\/uploads\/2021\/03\/filtragem-microplastico-2-768x373.jpg 768w, https:\/\/ciclovivo.com.br\/wp-content\/uploads\/2021\/03\/filtragem-microplastico-2-696x338.jpg 696w, https:\/\/ciclovivo.com.br\/wp-content\/uploads\/2021\/03\/filtragem-microplastico-2-865x420.jpg 865w\" data-sizes=\"(max-width: 1024px) 100vw, 1024px\" data-was-processed=\"true\" \/><figcaption>Foto: Arquivo Pessoal<\/figcaption><\/figure>\n<\/div>\n<h3><strong>Pr\u00eamio<\/strong><\/h3>\n<p>A etapa Brasil da premia\u00e7\u00e3o mundial \u00e9 promovida pela Associa\u00e7\u00e3o Brasileira de Engenharia Sanit\u00e1ria e Ambiental \u2013 ABES, por meio de do Programa de Jovens Profissionais do Saneamento. Witan conta que o Pr\u00eamio SJWP teve in\u00edcio no pa\u00eds com a coragem de uma jovem estudante, Ana Deveza, que com recursos pr\u00f3prios foi \u00e0 Su\u00e9cia e credenciou nosso pa\u00eds na competi\u00e7\u00e3o.<\/p>\n<p>\u201cHoje, 5 anos depois, a edi\u00e7\u00e3o brasileira continua esse legado sendo organizada voluntariamente pelo Programa Jovens Profissionais do Saneamento da ABES. Um programa de volunt\u00e1rios que re\u00fane jovens de todos os cantos do Brasil. Ser respons\u00e1vel pela edi\u00e7\u00e3o brasileira do Pr\u00eamio \u00e9 uma honra gigantesca. Sou grato por poder contribuir trazendo essa alegria para nosso pa\u00eds e evidenciando o qu\u00e3o incr\u00edvel \u00e9 a ci\u00eancia juvenil brasileira\u201d.<\/p>\n","protected":false},"excerpt":{"rendered":"<p>Gabriel Fernandes, de apenas 16 anos, foi o vencedor da vota\u00e7\u00e3o popular do Stockholm Junior<\/p>\n","protected":false},"author":2,"featured_media":152290,"comment_status":"closed","ping_status":"open","sticky":false,"template":"","format":"standard","meta":[],"categories":[1],"tags":[],"uagb_featured_image_src":{"full":["https:\/\/espacoecologico.com.br\/arquivo\/wp-content\/uploads\/2021\/08\/premio.jpg",415,265,false],"thumbnail":["https:\/\/espacoecologico.com.br\/arquivo\/wp-content\/uploads\/2021\/08\/premio-150x150.jpg",150,150,true],"medium":["https:\/\/espacoecologico.com.br\/arquivo\/wp-content\/uploads\/2021\/08\/premio-300x192.jpg",300,192,true],"medium_large":["https:\/\/espacoecologico.com.br\/arquivo\/wp-content\/uploads\/2021\/08\/premio.jpg",415,265,false],"large":["https:\/\/espacoecologico.com.br\/arquivo\/wp-content\/uploads\/2021\/08\/premio.jpg",415,265,false],"1536x1536":["https:\/\/espacoecologico.com.br\/arquivo\/wp-content\/uploads\/2021\/08\/premio.jpg",415,265,false],"2048x2048":["https:\/\/espacoecologico.com.br\/arquivo\/wp-content\/uploads\/2021\/08\/premio.jpg",415,265,false],"cream-magazine-thumbnail-2":["https:\/\/espacoecologico.com.br\/arquivo\/wp-content\/uploads\/2021\/08\/premio.jpg",415,265,false],"cream-magazine-thumbnail-3":["https:\/\/espacoecologico.com.br\/arquivo\/wp-content\/uploads\/2021\/08\/premio.jpg",415,265,false],"cream-magazine-thumbnail-4":["https:\/\/espacoecologico.com.br\/arquivo\/wp-content\/uploads\/2021\/08\/premio.jpg",415,265,false]},"uagb_author_info":{"display_name":"","author_link":"https:\/\/espacoecologico.com.br\/arquivo\/author\/"},"uagb_comment_info":0,"uagb_excerpt":"Gabriel Fernandes, de apenas 16 anos, foi o vencedor da vota\u00e7\u00e3o popular do Stockholm Junior","_links":{"self":[{"href":"https:\/\/espacoecologico.com.br\/arquivo\/wp-json\/wp\/v2\/posts\/152289"}],"collection":[{"href":"https:\/\/espacoecologico.com.br\/arquivo\/wp-json\/wp\/v2\/posts"}],"about":[{"href":"https:\/\/espacoecologico.com.br\/arquivo\/wp-json\/wp\/v2\/types\/post"}],"author":[{"embeddable":true,"href":"https:\/\/espacoecologico.com.br\/arquivo\/wp-json\/wp\/v2\/users\/2"}],"replies":[{"embeddable":true,"href":"https:\/\/espacoecologico.com.br\/arquivo\/wp-json\/wp\/v2\/comments?post=152289"}],"version-history":[{"count":3,"href":"https:\/\/espacoecologico.com.br\/arquivo\/wp-json\/wp\/v2\/posts\/152289\/revisions"}],"predecessor-version":[{"id":152293,"href":"https:\/\/espacoecologico.com.br\/arquivo\/wp-json\/wp\/v2\/posts\/152289\/revisions\/152293"}],"wp:featuredmedia":[{"embeddable":true,"href":"https:\/\/espacoecologico.com.br\/arquivo\/wp-json\/wp\/v2\/media\/152290"}],"wp:attachment":[{"href":"https:\/\/espacoecologico.com.br\/arquivo\/wp-json\/wp\/v2\/media?parent=152289"}],"wp:term":[{"taxonomy":"category","embeddable":true,"href":"https:\/\/espacoecologico.com.br\/arquivo\/wp-json\/wp\/v2\/categories?post=152289"},{"taxonomy":"post_tag","embeddable":true,"href":"https:\/\/espacoecologico.com.br\/arquivo\/wp-json\/wp\/v2\/tags?post=152289"}],"curies":[{"name":"wp","href":"https:\/\/api.w.org\/{rel}","templated":true}]}}