{"id":152279,"date":"2021-08-26T15:00:40","date_gmt":"2021-08-26T18:00:40","guid":{"rendered":"https:\/\/espacoecologico.com.br\/arquivo\/?p=152279"},"modified":"2021-09-03T15:55:52","modified_gmt":"2021-09-03T18:55:52","slug":"desafios-da-educacao-remota-e-tema-de-entrevista-com-professor-da-ufpb-no-espaco-ecologico","status":"publish","type":"post","link":"https:\/\/espacoecologico.com.br\/arquivo\/desafios-da-educacao-remota-e-tema-de-entrevista-com-professor-da-ufpb-no-espaco-ecologico\/","title":{"rendered":"Desafios da educa\u00e7\u00e3o remota \u00e9 tema de entrevista com professor da UFPB no Espa\u00e7o Ecol\u00f3gico"},"content":{"rendered":"<p><img loading=\"lazy\" class=\"alignleft size-medium wp-image-152280\" src=\"https:\/\/espacoecologico.com.br\/arquivo\/wp-content\/uploads\/2021\/08\/professor-300x192.jpg\" alt=\"\" width=\"300\" height=\"192\" srcset=\"https:\/\/espacoecologico.com.br\/arquivo\/wp-content\/uploads\/2021\/08\/professor-300x192.jpg 300w, https:\/\/espacoecologico.com.br\/arquivo\/wp-content\/uploads\/2021\/08\/professor.jpg 415w\" sizes=\"(max-width: 300px) 100vw, 300px\" \/>A entrevista do Programa Espa\u00e7o Ecol\u00f3gico, neste s\u00e1bado (28), ser\u00e1 com o professor da UFPB Saulo Roberto de Oliveira Vital. Ele \u00e9 Ge\u00f3grafo e doutor em geoci\u00eancias, L\u00edder do grupo de pesquisa em geomorfologia e gest\u00e3o dos riscos naturais na cidade de Jo\u00e3o Pessoa.<\/p>\n<p>O doutor em Geoci\u00eancias vai falar sobre os desafios da educa\u00e7\u00e3o remota em \u00e9poca de pandemia e qual ser\u00e1 o \u201clegado\u201d dessa pandemia para a educa\u00e7\u00e3o brasileira.<\/p>\n<p>\u201cA natureza \u00e9 inesgotavelmente sustent\u00e1vel se cuidamos dela. \u00c9 nossa responsabilidade universal para passar uma terra saud\u00e1vel para as gera\u00e7\u00f5es futuras.\u201d Sylvia Dolson.<\/p>\n<p>Pense nisso, aprecie a natureza sem modera\u00e7\u00e3o e preserve o meio ambiente.<\/p>\n<p><a href=\"https:\/\/espacoecologico.com.br\/arquivo\/desafios-da-educacao-remota-e-tema-de-entrevista-com-professor-da-ufpb-no-espaco-ecologico\/aulas-2\/\" rel=\"attachment wp-att-152281\"><img loading=\"lazy\" class=\"alignleft size-full wp-image-152281\" src=\"https:\/\/espacoecologico.com.br\/arquivo\/wp-content\/uploads\/2021\/08\/aulas.jpg\" alt=\"\" width=\"640\" height=\"423\" srcset=\"https:\/\/espacoecologico.com.br\/arquivo\/wp-content\/uploads\/2021\/08\/aulas.jpg 640w, https:\/\/espacoecologico.com.br\/arquivo\/wp-content\/uploads\/2021\/08\/aulas-300x198.jpg 300w\" sizes=\"(max-width: 640px) 100vw, 640px\" \/><\/a>O que voc\u00ea est\u00e1 fazendo pela sua cidade? Pense nisso, contemple sua natureza, suas pra\u00e7as, praias e n\u00e3o jogue seu lixo na rua. Essa \u00e9 mais uma campanha do Espa\u00e7o Ecol\u00f3gico.<\/p>\n<p>Com 17 anos de atividades, o Programa Espa\u00e7o Ecol\u00f3gico continua levando ao ar mensagens educativas, presta\u00e7\u00e3o de servi\u00e7o, dicas ecol\u00f3gicas, poesias ecol\u00f3gicas, cr\u00f4nicas e entrevistas com pessoas ligadas ao meio ambiente.<\/p>\n<p>Espa\u00e7o Ecol\u00f3gico, uma aula sobre meio ambiente e sustentabilidade. O programa que voc\u00ea escuta do jeito que voc\u00ea gosta.\u00a0Acompanhe nossas mat\u00e9rias pelo Instagram @espacoecologiconoar<\/p>\n<p><a href=\"https:\/\/radiotabajara.pb.gov.br\/radio-ao-vivo\/radio-fm\" target=\"_blank\" rel=\"noopener noreferrer\"><img loading=\"lazy\" class=\"alignleft\" src=\"https:\/\/i2.wp.com\/espacoecologiconoar.com.br\/wp-content\/themes\/2014\/temp\/logo_tabajara.jpg?ssl=1\" alt=\"\" width=\"156\" height=\"91\" data-recalc-dims=\"1\" data-pagespeed-url-hash=\"2756507234\" \/><\/a>O Programa Espa\u00e7o Ecol\u00f3gico \u00e9 veiculado todo s\u00e1bado das 8h \u00e0s 9h na r\u00e1dio Tabajara FM 105.5. Para ouvi-lo, basta acessar o \u00edcone do lado esquerdo.<\/p>\n<p>O programa Espa\u00e7o Ecol\u00f3gico tamb\u00e9m \u00e9 transmitido todo s\u00e1bado e reprisado aos domingos, no mesmo<a href=\"http:\/\/www.deltarecife.com.br\/\" target=\"_blank\" rel=\"noopener\"><img loading=\"lazy\" class=\"wp-image-152282 size-full alignright\" src=\"https:\/\/espacoecologico.com.br\/arquivo\/wp-content\/uploads\/2021\/08\/delta-1.jpg\" alt=\"\" width=\"156\" height=\"91\" data-recalc-dims=\"1\" data-pagespeed-url-hash=\"108014033\" \/><\/a>\u00a0hor\u00e1rio, \u00e0s oito da manh\u00e3 pela Web R\u00e1dio Delta Recife, e pode ser escutado pelo www.deltarecife.com.br ou clicando no \u00edcone do lado direito.\u00a0<strong>O Programa Espa\u00e7o Ecol\u00f3gico tem o apoio do Cimento Elizabeth.<\/strong><\/p>\n<p><strong>Principais not\u00edcias do programa<\/strong><\/p>\n<p>Hidrogel capaz de estocar CO2 no solo ser\u00e1 desenvolvido e testado no Brasil<br \/>\nRede C\u00e9us Estrelados do Brasil de combate \u00e0 polui\u00e7\u00e3o luminosa \u00e9 lan\u00e7ada neste m\u00eas.<br \/>\nColesterol aumenta o risco de Alzheimer, comprova pesquisa em uma descoberta in\u00e9dita.<br \/>\nCear\u00e1 pro\u00edbe canudo pl\u00e1stico em estabelecimentos de todo o estado.<br \/>\nCentros urbanos t\u00eam potencial de gerar energia e\u00f3lica no alto dos edif\u00edcios<\/p>\n","protected":false},"excerpt":{"rendered":"<p>A entrevista do Programa Espa\u00e7o Ecol\u00f3gico, neste s\u00e1bado (28), ser\u00e1 com o professor da UFPB<\/p>\n","protected":false},"author":2,"featured_media":152280,"comment_status":"closed","ping_status":"open","sticky":false,"template":"","format":"standard","meta":[],"categories":[3,1],"tags":[],"uagb_featured_image_src":{"full":["https:\/\/espacoecologico.com.br\/arquivo\/wp-content\/uploads\/2021\/08\/professor.jpg",415,265,false],"thumbnail":["https:\/\/espacoecologico.com.br\/arquivo\/wp-content\/uploads\/2021\/08\/professor-150x150.jpg",150,150,true],"medium":["https:\/\/espacoecologico.com.br\/arquivo\/wp-content\/uploads\/2021\/08\/professor-300x192.jpg",300,192,true],"medium_large":["https:\/\/espacoecologico.com.br\/arquivo\/wp-content\/uploads\/2021\/08\/professor.jpg",415,265,false],"large":["https:\/\/espacoecologico.com.br\/arquivo\/wp-content\/uploads\/2021\/08\/professor.jpg",415,265,false],"1536x1536":["https:\/\/espacoecologico.com.br\/arquivo\/wp-content\/uploads\/2021\/08\/professor.jpg",415,265,false],"2048x2048":["https:\/\/espacoecologico.com.br\/arquivo\/wp-content\/uploads\/2021\/08\/professor.jpg",415,265,false],"cream-magazine-thumbnail-2":["https:\/\/espacoecologico.com.br\/arquivo\/wp-content\/uploads\/2021\/08\/professor.jpg",415,265,false],"cream-magazine-thumbnail-3":["https:\/\/espacoecologico.com.br\/arquivo\/wp-content\/uploads\/2021\/08\/professor.jpg",415,265,false],"cream-magazine-thumbnail-4":["https:\/\/espacoecologico.com.br\/arquivo\/wp-content\/uploads\/2021\/08\/professor.jpg",415,265,false]},"uagb_author_info":{"display_name":"","author_link":"https:\/\/espacoecologico.com.br\/arquivo\/author\/"},"uagb_comment_info":0,"uagb_excerpt":"A entrevista do Programa Espa\u00e7o Ecol\u00f3gico, neste s\u00e1bado (28), ser\u00e1 com o professor da UFPB","_links":{"self":[{"href":"https:\/\/espacoecologico.com.br\/arquivo\/wp-json\/wp\/v2\/posts\/152279"}],"collection":[{"href":"https:\/\/espacoecologico.com.br\/arquivo\/wp-json\/wp\/v2\/posts"}],"about":[{"href":"https:\/\/espacoecologico.com.br\/arquivo\/wp-json\/wp\/v2\/types\/post"}],"author":[{"embeddable":true,"href":"https:\/\/espacoecologico.com.br\/arquivo\/wp-json\/wp\/v2\/users\/2"}],"replies":[{"embeddable":true,"href":"https:\/\/espacoecologico.com.br\/arquivo\/wp-json\/wp\/v2\/comments?post=152279"}],"version-history":[{"count":6,"href":"https:\/\/espacoecologico.com.br\/arquivo\/wp-json\/wp\/v2\/posts\/152279\/revisions"}],"predecessor-version":[{"id":152288,"href":"https:\/\/espacoecologico.com.br\/arquivo\/wp-json\/wp\/v2\/posts\/152279\/revisions\/152288"}],"wp:featuredmedia":[{"embeddable":true,"href":"https:\/\/espacoecologico.com.br\/arquivo\/wp-json\/wp\/v2\/media\/152280"}],"wp:attachment":[{"href":"https:\/\/espacoecologico.com.br\/arquivo\/wp-json\/wp\/v2\/media?parent=152279"}],"wp:term":[{"taxonomy":"category","embeddable":true,"href":"https:\/\/espacoecologico.com.br\/arquivo\/wp-json\/wp\/v2\/categories?post=152279"},{"taxonomy":"post_tag","embeddable":true,"href":"https:\/\/espacoecologico.com.br\/arquivo\/wp-json\/wp\/v2\/tags?post=152279"}],"curies":[{"name":"wp","href":"https:\/\/api.w.org\/{rel}","templated":true}]}}