{"id":152267,"date":"2021-08-25T13:00:18","date_gmt":"2021-08-25T16:00:18","guid":{"rendered":"https:\/\/espacoecologico.com.br\/arquivo\/?p=152267"},"modified":"2021-09-02T09:26:25","modified_gmt":"2021-09-02T12:26:25","slug":"de-mocinha-a-vila-a-amazonia-brasileira-ja-libera-mais-carbono-do-que-absorve","status":"publish","type":"post","link":"https:\/\/espacoecologico.com.br\/arquivo\/de-mocinha-a-vila-a-amazonia-brasileira-ja-libera-mais-carbono-do-que-absorve\/","title":{"rendered":"De mocinha \u00e0 vil\u00e3: a Amaz\u00f4nia brasileira j\u00e1 libera mais carbono do que absorve"},"content":{"rendered":"<p><a href=\"https:\/\/espacoecologico.com.br\/arquivo\/?attachment_id=152268\" rel=\"attachment wp-att-152268\"><img loading=\"lazy\" class=\"alignleft size-medium wp-image-152268\" src=\"https:\/\/espacoecologico.com.br\/arquivo\/wp-content\/uploads\/2021\/08\/amazonia-1-300x192.jpg\" alt=\"\" width=\"300\" height=\"192\" srcset=\"https:\/\/espacoecologico.com.br\/arquivo\/wp-content\/uploads\/2021\/08\/amazonia-1-300x192.jpg 300w, https:\/\/espacoecologico.com.br\/arquivo\/wp-content\/uploads\/2021\/08\/amazonia-1.jpg 415w\" sizes=\"(max-width: 300px) 100vw, 300px\" \/><\/a>A Amaz\u00f4nia brasileira liberou quase 20% mais di\u00f3xido de carbono na atmosfera na \u00faltima d\u00e9cada do que absorveu, de acordo com um relat\u00f3rio surpreendente que mostra que a humanidade n\u00e3o pode mais esperar para tomar atitudes que resolvam o problema da crise clim\u00e1tica.<\/p>\n<p>Um estudo recente liderado por pesquisadores da revista Nature Climate Change analisou o armazenamento e a absor\u00e7\u00e3o do volume de CO2 da floresta e comparou com as quantidades liberadas de volta para a atmosfera. Eles relataram que, de 2010 a 2019, a bacia amaz\u00f4nica do Brasil emitiu 16,6 bilh\u00f5es de toneladas de CO2, enquanto retira apenas 13,9 bilh\u00f5es de toneladas. A conclus\u00e3o \u00e9 preocupante: pela primeira vez, a Amaz\u00f4nia brasileira agora \u00e9 um emissor l\u00edquido. E pior: n\u00e3o \u00e9 poss\u00edvel saber at\u00e9 que ponto essa mudan\u00e7a pode se tornar irrevers\u00edvel.<\/p>\n<p>O estudo tamb\u00e9m mostrou que o desmatamento \u2013 por meio de inc\u00eandios e corte raso \u2013 aumentou quase quatro vezes em 2019 em compara\u00e7\u00e3o com qualquer um dos dois anos anteriores, de cerca de 1 milh\u00e3o de hectares para 3,9 milh\u00f5es de hectares.<\/p>\n<h3>Melhores amigos<\/h3>\n<p>Os ecossistemas terrestres t\u00eam sido um aliado crucial enquanto o mundo luta para conter as emiss\u00f5es de CO2, que chegaram a 40 bilh\u00f5es de toneladas em 2019.<\/p>\n<p>Ao longo do \u00faltimo meio s\u00e9culo, as plantas e o solo absorveram de forma consistente cerca de 30% dessas emiss\u00f5es, mesmo quando essas emiss\u00f5es aumentaram 50% nesse per\u00edodo. Os oceanos tamb\u00e9m ajudaram, absorvendo mais de 20%.<\/p>\n<p>A bacia amaz\u00f4nica cont\u00e9m cerca de metade das florestas tropicais do mundo, que s\u00e3o mais eficazes em absorver e armazenar carbono do que outros tipos de vegeta\u00e7\u00e3o.<\/p>\n<h3>De mocinha \u00e0 vil\u00e3<\/h3>\n<p><img loading=\"lazy\" class=\"aligncenter  wp-image-52641 td-animation-stack-type0-1\" src=\"https:\/\/www.pensamentoverde.com.br\/wp-content\/uploads\/2021\/08\/de-mocinha-a-vila-a-amazonia-brasileira-ja-libera-mais-carbono-do-que-absorve2-582x385.jpg\" sizes=\"(max-width: 582px) 100vw, 582px\" srcset=\"https:\/\/www.pensamentoverde.com.br\/wp-content\/uploads\/2021\/08\/de-mocinha-a-vila-a-amazonia-brasileira-ja-libera-mais-carbono-do-que-absorve2-582x385.jpg 582w, https:\/\/www.pensamentoverde.com.br\/wp-content\/uploads\/2021\/08\/de-mocinha-a-vila-a-amazonia-brasileira-ja-libera-mais-carbono-do-que-absorve2-696x461.jpg 696w, https:\/\/www.pensamentoverde.com.br\/wp-content\/uploads\/2021\/08\/de-mocinha-a-vila-a-amazonia-brasileira-ja-libera-mais-carbono-do-que-absorve2-635x420.jpg 635w, https:\/\/www.pensamentoverde.com.br\/wp-content\/uploads\/2021\/08\/de-mocinha-a-vila-a-amazonia-brasileira-ja-libera-mais-carbono-do-que-absorve2.jpg 739w\" alt=\"\" width=\"640\" height=\"425\" \/><\/p>\n<p>Se a regi\u00e3o se tornar uma fonte l\u00edquida em vez de um \u201csumidouro\u201d de CO2, enfrentar a crise clim\u00e1tica ser\u00e1 muito mais dif\u00edcil.<\/p>\n<p>Usando novos m\u00e9todos de an\u00e1lise de dados de sat\u00e9lite desenvolvidos na Universidade de Oklahoma, os pesquisadores mostraram pela primeira vez que as florestas degradadas eram uma fonte mais significativa de emiss\u00f5es de CO2 para o aquecimento do planeta que o desmatamento total.<\/p>\n<p>No mesmo per\u00edodo de 10 anos, a degrada\u00e7\u00e3o, causada pelo desmatamento e inc\u00eandios que danificam, mas n\u00e3o destroem as \u00e1rvores, causou tr\u00eas vezes mais emiss\u00f5es do que a destrui\u00e7\u00e3o total das florestas.<\/p>\n<h3>Responsabilidade compartilhada<\/h3>\n<p>Os dados examinados no estudo cobrem apenas o Brasil, que det\u00e9m cerca de 60% da floresta amaz\u00f4nica.<\/p>\n<p>Levando em considera\u00e7\u00e3o o restante da regi\u00e3o, a bacia amaz\u00f4nica como um todo \u00e9 provavelmente neutra em carbono. Mas nos outros pa\u00edses com floresta amaz\u00f4nica, o desmatamento tamb\u00e9m est\u00e1 aumentando e a seca se tornou mais intensa.<\/p>\n<p>A mudan\u00e7a clim\u00e1tica surge como uma amea\u00e7a s\u00e9ria e pode \u2013 acima de um certo limite de aquecimento global \u2013 levar a floresta tropical do continente a um estado de savana muito mais seco, mostraram estudos recentes. Isso teria consequ\u00eancias devastadoras n\u00e3o apenas para a regi\u00e3o, que abriga uma porcentagem significativa da vida selvagem do mundo, mas tamb\u00e9m globalmente.<\/p>\n<p>Durante anos, o mundo vem recebendo avisos sobre o limite da capacidade de renova\u00e7\u00e3o da natureza. \u00c9 alarmante que as florestas estejam agora aparentemente perdendo uma de suas principais caracter\u00edsticas que \u00e9 a de absorver a polui\u00e7\u00e3o. De que mais precisamos para mudar nossos h\u00e1bitos?<\/p>\n","protected":false},"excerpt":{"rendered":"<p>A Amaz\u00f4nia brasileira liberou quase 20% mais di\u00f3xido de carbono na atmosfera na \u00faltima d\u00e9cada<\/p>\n","protected":false},"author":2,"featured_media":152268,"comment_status":"closed","ping_status":"open","sticky":false,"template":"","format":"standard","meta":[],"categories":[1],"tags":[],"uagb_featured_image_src":{"full":["https:\/\/espacoecologico.com.br\/arquivo\/wp-content\/uploads\/2021\/08\/amazonia-1.jpg",415,265,false],"thumbnail":["https:\/\/espacoecologico.com.br\/arquivo\/wp-content\/uploads\/2021\/08\/amazonia-1-150x150.jpg",150,150,true],"medium":["https:\/\/espacoecologico.com.br\/arquivo\/wp-content\/uploads\/2021\/08\/amazonia-1-300x192.jpg",300,192,true],"medium_large":["https:\/\/espacoecologico.com.br\/arquivo\/wp-content\/uploads\/2021\/08\/amazonia-1.jpg",415,265,false],"large":["https:\/\/espacoecologico.com.br\/arquivo\/wp-content\/uploads\/2021\/08\/amazonia-1.jpg",415,265,false],"1536x1536":["https:\/\/espacoecologico.com.br\/arquivo\/wp-content\/uploads\/2021\/08\/amazonia-1.jpg",415,265,false],"2048x2048":["https:\/\/espacoecologico.com.br\/arquivo\/wp-content\/uploads\/2021\/08\/amazonia-1.jpg",415,265,false],"cream-magazine-thumbnail-2":["https:\/\/espacoecologico.com.br\/arquivo\/wp-content\/uploads\/2021\/08\/amazonia-1.jpg",415,265,false],"cream-magazine-thumbnail-3":["https:\/\/espacoecologico.com.br\/arquivo\/wp-content\/uploads\/2021\/08\/amazonia-1.jpg",415,265,false],"cream-magazine-thumbnail-4":["https:\/\/espacoecologico.com.br\/arquivo\/wp-content\/uploads\/2021\/08\/amazonia-1.jpg",415,265,false]},"uagb_author_info":{"display_name":"","author_link":"https:\/\/espacoecologico.com.br\/arquivo\/author\/"},"uagb_comment_info":0,"uagb_excerpt":"A Amaz\u00f4nia brasileira liberou quase 20% mais di\u00f3xido de carbono na atmosfera na \u00faltima d\u00e9cada","_links":{"self":[{"href":"https:\/\/espacoecologico.com.br\/arquivo\/wp-json\/wp\/v2\/posts\/152267"}],"collection":[{"href":"https:\/\/espacoecologico.com.br\/arquivo\/wp-json\/wp\/v2\/posts"}],"about":[{"href":"https:\/\/espacoecologico.com.br\/arquivo\/wp-json\/wp\/v2\/types\/post"}],"author":[{"embeddable":true,"href":"https:\/\/espacoecologico.com.br\/arquivo\/wp-json\/wp\/v2\/users\/2"}],"replies":[{"embeddable":true,"href":"https:\/\/espacoecologico.com.br\/arquivo\/wp-json\/wp\/v2\/comments?post=152267"}],"version-history":[{"count":3,"href":"https:\/\/espacoecologico.com.br\/arquivo\/wp-json\/wp\/v2\/posts\/152267\/revisions"}],"predecessor-version":[{"id":152271,"href":"https:\/\/espacoecologico.com.br\/arquivo\/wp-json\/wp\/v2\/posts\/152267\/revisions\/152271"}],"wp:featuredmedia":[{"embeddable":true,"href":"https:\/\/espacoecologico.com.br\/arquivo\/wp-json\/wp\/v2\/media\/152268"}],"wp:attachment":[{"href":"https:\/\/espacoecologico.com.br\/arquivo\/wp-json\/wp\/v2\/media?parent=152267"}],"wp:term":[{"taxonomy":"category","embeddable":true,"href":"https:\/\/espacoecologico.com.br\/arquivo\/wp-json\/wp\/v2\/categories?post=152267"},{"taxonomy":"post_tag","embeddable":true,"href":"https:\/\/espacoecologico.com.br\/arquivo\/wp-json\/wp\/v2\/tags?post=152267"}],"curies":[{"name":"wp","href":"https:\/\/api.w.org\/{rel}","templated":true}]}}