{"id":152261,"date":"2021-08-25T12:30:39","date_gmt":"2021-08-25T15:30:39","guid":{"rendered":"https:\/\/espacoecologico.com.br\/arquivo\/?p=152261"},"modified":"2021-09-02T09:26:25","modified_gmt":"2021-09-02T12:26:25","slug":"evento-destaca-importancia-ambiental-e-sociocultural-da-meliponicultura","status":"publish","type":"post","link":"https:\/\/espacoecologico.com.br\/arquivo\/evento-destaca-importancia-ambiental-e-sociocultural-da-meliponicultura\/","title":{"rendered":"Evento destaca import\u00e2ncia ambiental e sociocultural da Meliponicultura"},"content":{"rendered":"<p><a href=\"https:\/\/espacoecologico.com.br\/arquivo\/?attachment_id=152262\" rel=\"attachment wp-att-152262\"><img loading=\"lazy\" class=\"alignleft wp-image-152262 size-medium\" src=\"https:\/\/espacoecologico.com.br\/arquivo\/wp-content\/uploads\/2021\/08\/abgelhas-300x192.jpg\" alt=\"\" width=\"300\" height=\"192\" srcset=\"https:\/\/espacoecologico.com.br\/arquivo\/wp-content\/uploads\/2021\/08\/abgelhas-300x192.jpg 300w, https:\/\/espacoecologico.com.br\/arquivo\/wp-content\/uploads\/2021\/08\/abgelhas.jpg 415w\" sizes=\"(max-width: 300px) 100vw, 300px\" \/><\/a><strong>Pacoti \u2013 CE.<\/strong>\u00a0A\u00a0<strong>Meliponicultura<\/strong>\u00a0\u2013\u00a0\u00a0cria\u00e7\u00e3o racional de abelhas sem ferr\u00e3o (<strong>melipon\u00edneos<\/strong>) \u2013 era praticada h\u00e1 muito tempo pelos povos nativos da\u00a0<strong>Am\u00e9rica Latina<\/strong>, em especial do\u00a0<strong>Brasil<\/strong>\u00a0e\u00a0<strong>M\u00e9xico<\/strong>. Entre os seus objetivos est\u00e3o a produ\u00e7\u00e3o e comercializa\u00e7\u00e3o de colmeias (ou parte delas), mel, p\u00f3len, resinas, pr\u00f3polis e outros substratos como atrativos e ninho-iscas, al\u00e9m das pr\u00f3prias<strong>\u00a0abelhas<\/strong>.<\/p>\n<p>As abelhas, \u00e9 importante destacar, s\u00e3o os principais agentes da\u00a0<strong>poliniza\u00e7\u00e3o<\/strong>\u00a0e da conserva\u00e7\u00e3o da\u00a0<strong>biodiversidade<\/strong>\u00a0e esse tipo de atividade ajuda na prote\u00e7\u00e3o das esp\u00e9cies e contra a sua extin\u00e7\u00e3o. No Cear\u00e1, h\u00e1 alguns movimentos de resgate desta atividade, um deles na regi\u00e3o do\u00a0<strong>Maci\u00e7o de Baturit\u00e9<\/strong>, onde come\u00e7a, neste dia 25, e prossegue at\u00e9 o dia 27 a segunda etapa do\u00a0<strong>II Semin\u00e1rio de Meliponicultura do Maci\u00e7o de Baturit\u00e9<\/strong>\u00a0\u2013 \u201cAvan\u00e7os, Di\u00e1logos e Saberes\u201d.<\/p>\n<p>\u201cN\u00f3s, que fazemos o\u00a0<strong>Ecomuseu de Pacoti<\/strong>, institui\u00e7\u00e3o comunit\u00e1ria que pesquisa e divulga o patrim\u00f4nio cultural e natural do territ\u00f3rio do Maci\u00e7o de Baturit\u00e9, temos procurado apoiar e fortalecer a Meliponicultura por meio do interc\u00e2mbio entre criadores tradicionais e pesquisadores. Para isso, desde 2015 realizamos a\u00e7\u00f5es como o mapeamento de meliponicultores locais, certificando-os como\u00a0<strong>guardi\u00f5es das abelhas nativas sem ferr\u00e3o<\/strong>, palestras, oficinas, doa\u00e7\u00f5es de col\u00f4nias para escolas, cria\u00e7\u00e3o de\u00a0<strong>melipon\u00e1rio<\/strong>\u00a0(cole\u00e7\u00e3o viva) e a realiza\u00e7\u00e3o dos semin\u00e1rios\u201d, detalha Levi Juc\u00e1, professor de Hist\u00f3ria da rede p\u00fablica estadual do Cear\u00e1, doutorando em Educa\u00e7\u00e3o (UFC) e pesquisador \/ coordenador de projetos do Ecomuseu de Pacoti.<\/p>\n<p>Ele completa: \u201centendendo a Meliponicultura como uma atividade fundamental para a conserva\u00e7\u00e3o e equil\u00edbrio dos ecossistemas, uma vez que lida com o manejo de seres polinizadores indispens\u00e1veis para o Planeta, defendemos que esta n\u00e3o seja reconhecida apenas por seu vi\u00e9s econ\u00f4mico, mas, sobretudo, por seu aspecto ambiental e sociocultural. Nesse sentido, um dos destaques da programa\u00e7\u00e3o ser\u00e1 a elabora\u00e7\u00e3o coletiva da \u2018<strong>Carta de Pacoti<\/strong>\u2018, que buscar\u00e1 contemplar todos esses aspectos. \u00c9 um documento que vem sendo constru\u00eddo com a contribui\u00e7\u00e3o dos inscritos e que ser\u00e1 discutido e publicado durante o evento\u201d.<\/p>\n<p>De forma remota e gratuita, com transmiss\u00e3o ao vivo pelo YouTube, o Semin\u00e1rio \u00e9 uma realiza\u00e7\u00e3o do Ecomuseu de Pacoti, com o patroc\u00ednio do Governo do Estado do Cear\u00e1 e pretende dar visibilidade \u00e0 situa\u00e7\u00e3o da Meliponicultura no Cear\u00e1 como atividade de desenvolvimento ambiental, social e econ\u00f4mico. A inten\u00e7\u00e3o \u00e9 promover boas pr\u00e1ticas de manejo, doa\u00e7\u00e3o de col\u00f4nias e a\u00e7\u00f5es formativas junto a escolas, secretarias municipais de agricultura\/meio ambiente e Batalh\u00e3o da Pol\u00edcia Ambiental no \u00e2mbito da\u00a0<strong>\u00c1rea de Prote\u00e7\u00e3o Ambiental (APA) da Serra de Baturit\u00e9<\/strong>.<\/p>\n<p>Como est\u00edmulo \u00e0 participa\u00e7\u00e3o inclusiva, o Semin\u00e1rio contar\u00e1 com int\u00e9rpretes para tradu\u00e7\u00e3o simult\u00e2nea em LIBRAS durante toda a programa\u00e7\u00e3o, iniciativa pioneira neste segmento. As inscri\u00e7\u00f5es foram encerradas no \u00faltimo dia 22. Mas o evento ser\u00e1 transmitido pelo YouTube e a programa\u00e7\u00e3o ficar\u00e1 dispon\u00edvel ap\u00f3s as transmiss\u00f5es. Voc\u00ea pode conferir a programa\u00e7\u00e3o completa no\u00a0<a href=\"https:\/\/www.ecomuseu.com.br\/melbaturite2\/\">\u201cAvan\u00e7os, Di\u00e1logos e Saberes\u201d<\/a>. Outras informa\u00e7\u00f5es est\u00e3o nas redes sociais do Ecomuseu (Facebook e Instagram \u2013 @ecomuseudepacoti). Confira a programa\u00e7\u00e3o da primeira etapa:\u00a0<a href=\"https:\/\/www.ecomuseu.com.br\/melbaturite\/\">\u201cCelebrando o Dia Mundial das Abelhas\u201d<\/a>, realizada em maio de 2021.<\/p>\n<h4>Servi\u00e7o<\/h4>\n<p><strong>O que:<\/strong>\u00a0II Semin\u00e1rio de Meliponicultura do Maci\u00e7o de Baturit\u00e9 \u2013 \u201cAvan\u00e7os, Di\u00e1logos e Saberes\u201d<br \/>\n<strong>Quando:<\/strong>\u00a025 a 27 de agosto de 2021<br \/>\n<strong>Onde:<\/strong>\u00a0<a href=\"https:\/\/www.youtube.com\/ecomuseudepacoti\">YouTube<\/a>\u00a0\/\u00a0<a href=\"https:\/\/www.facebook.com\/ecomuseudepacoti\">Facebook<\/a>\u00a0\u2013 Ecomuseu de Pacoti<br \/>\n<strong>Mais informa\u00e7\u00f5es:<\/strong>\u00a0https:\/\/www.ecomuseu.com.br\/melbaturite2\/ ou Instagram\u00a0 @ecomuseudepacoti<\/p>\n","protected":false},"excerpt":{"rendered":"<p>Pacoti \u2013 CE.\u00a0A\u00a0Meliponicultura\u00a0\u2013\u00a0\u00a0cria\u00e7\u00e3o racional de abelhas sem ferr\u00e3o (melipon\u00edneos) \u2013 era praticada h\u00e1 muito tempo<\/p>\n","protected":false},"author":2,"featured_media":152262,"comment_status":"closed","ping_status":"open","sticky":false,"template":"","format":"standard","meta":[],"categories":[1],"tags":[],"uagb_featured_image_src":{"full":["https:\/\/espacoecologico.com.br\/arquivo\/wp-content\/uploads\/2021\/08\/abgelhas.jpg",415,265,false],"thumbnail":["https:\/\/espacoecologico.com.br\/arquivo\/wp-content\/uploads\/2021\/08\/abgelhas-150x150.jpg",150,150,true],"medium":["https:\/\/espacoecologico.com.br\/arquivo\/wp-content\/uploads\/2021\/08\/abgelhas-300x192.jpg",300,192,true],"medium_large":["https:\/\/espacoecologico.com.br\/arquivo\/wp-content\/uploads\/2021\/08\/abgelhas.jpg",415,265,false],"large":["https:\/\/espacoecologico.com.br\/arquivo\/wp-content\/uploads\/2021\/08\/abgelhas.jpg",415,265,false],"1536x1536":["https:\/\/espacoecologico.com.br\/arquivo\/wp-content\/uploads\/2021\/08\/abgelhas.jpg",415,265,false],"2048x2048":["https:\/\/espacoecologico.com.br\/arquivo\/wp-content\/uploads\/2021\/08\/abgelhas.jpg",415,265,false],"cream-magazine-thumbnail-2":["https:\/\/espacoecologico.com.br\/arquivo\/wp-content\/uploads\/2021\/08\/abgelhas.jpg",415,265,false],"cream-magazine-thumbnail-3":["https:\/\/espacoecologico.com.br\/arquivo\/wp-content\/uploads\/2021\/08\/abgelhas.jpg",415,265,false],"cream-magazine-thumbnail-4":["https:\/\/espacoecologico.com.br\/arquivo\/wp-content\/uploads\/2021\/08\/abgelhas.jpg",415,265,false]},"uagb_author_info":{"display_name":"","author_link":"https:\/\/espacoecologico.com.br\/arquivo\/author\/"},"uagb_comment_info":0,"uagb_excerpt":"Pacoti \u2013 CE.\u00a0A\u00a0Meliponicultura\u00a0\u2013\u00a0\u00a0cria\u00e7\u00e3o racional de abelhas sem ferr\u00e3o (melipon\u00edneos) \u2013 era praticada h\u00e1 muito tempo","_links":{"self":[{"href":"https:\/\/espacoecologico.com.br\/arquivo\/wp-json\/wp\/v2\/posts\/152261"}],"collection":[{"href":"https:\/\/espacoecologico.com.br\/arquivo\/wp-json\/wp\/v2\/posts"}],"about":[{"href":"https:\/\/espacoecologico.com.br\/arquivo\/wp-json\/wp\/v2\/types\/post"}],"author":[{"embeddable":true,"href":"https:\/\/espacoecologico.com.br\/arquivo\/wp-json\/wp\/v2\/users\/2"}],"replies":[{"embeddable":true,"href":"https:\/\/espacoecologico.com.br\/arquivo\/wp-json\/wp\/v2\/comments?post=152261"}],"version-history":[{"count":4,"href":"https:\/\/espacoecologico.com.br\/arquivo\/wp-json\/wp\/v2\/posts\/152261\/revisions"}],"predecessor-version":[{"id":152266,"href":"https:\/\/espacoecologico.com.br\/arquivo\/wp-json\/wp\/v2\/posts\/152261\/revisions\/152266"}],"wp:featuredmedia":[{"embeddable":true,"href":"https:\/\/espacoecologico.com.br\/arquivo\/wp-json\/wp\/v2\/media\/152262"}],"wp:attachment":[{"href":"https:\/\/espacoecologico.com.br\/arquivo\/wp-json\/wp\/v2\/media?parent=152261"}],"wp:term":[{"taxonomy":"category","embeddable":true,"href":"https:\/\/espacoecologico.com.br\/arquivo\/wp-json\/wp\/v2\/categories?post=152261"},{"taxonomy":"post_tag","embeddable":true,"href":"https:\/\/espacoecologico.com.br\/arquivo\/wp-json\/wp\/v2\/tags?post=152261"}],"curies":[{"name":"wp","href":"https:\/\/api.w.org\/{rel}","templated":true}]}}