{"id":152255,"date":"2021-08-25T08:00:19","date_gmt":"2021-08-25T11:00:19","guid":{"rendered":"https:\/\/espacoecologico.com.br\/arquivo\/?p=152255"},"modified":"2021-08-25T08:02:38","modified_gmt":"2021-08-25T11:02:38","slug":"pesquisadores-da-universidade-estadual-descobrem-vestigios-tupi-no-sertao-da-paraiba","status":"publish","type":"post","link":"https:\/\/espacoecologico.com.br\/arquivo\/pesquisadores-da-universidade-estadual-descobrem-vestigios-tupi-no-sertao-da-paraiba\/","title":{"rendered":"Pesquisadores da Universidade Estadual descobrem vest\u00edgios tupi no Sert\u00e3o da Para\u00edba"},"content":{"rendered":"<p><img loading=\"lazy\" class=\"alignleft size-medium wp-image-152256\" src=\"https:\/\/espacoecologico.com.br\/arquivo\/wp-content\/uploads\/2021\/08\/tupi1-300x192.jpg\" alt=\"\" width=\"300\" height=\"192\" srcset=\"https:\/\/espacoecologico.com.br\/arquivo\/wp-content\/uploads\/2021\/08\/tupi1-300x192.jpg 300w, https:\/\/espacoecologico.com.br\/arquivo\/wp-content\/uploads\/2021\/08\/tupi1.jpg 415w\" sizes=\"(max-width: 300px) 100vw, 300px\" \/>Os \u00edndios tupis habitaram o Sert\u00e3o paraibano. A descoberta foi feita pelo professor Juvandi Souza, que coordena uma pesquisa desenvolvida no Laborat\u00f3rio de Arqueologia e Paleontologia (Labap), da Universidade Estadual da Para\u00edba (UEPB), a partir de objetos encontrados durante escava\u00e7\u00f5es no munic\u00edpio de Serra Grande, no Sert\u00e3o do Estado. H\u00e1 resqu\u00edcios dos tupis em pelo menos 19 localidades do Brejo, do Agreste e do Sert\u00e3o paraibanos. At\u00e9 ent\u00e3o, acreditava-se que apenas os Tapuias, representados pelos cariris e tarairius, haviam ocupado a regi\u00e3o.<\/p>\n<p>Com as novas pesquisas, ser\u00e1 necess\u00e1rio rever a hist\u00f3ria da pr\u00e9-hist\u00f3ria da Para\u00edba, porque, at\u00e9 antes dessas evid\u00eancias, acreditava-se que em determinadas regi\u00f5es do que hoje \u00e9 o Estado habitavam apenas cariris e tarairius.<\/p>\n<p>\u201cAgora sabemos que o povo tupi tamb\u00e9m viveu nessas regi\u00f5es que, historicamente, eram dos tapuias. Isso vai mudar tudo com rela\u00e7\u00e3o \u00e0 quest\u00e3o da pr\u00e9-hist\u00f3ria do que hoje \u00e9 o Estado da Para\u00edba\u201d, declarou o pesquisador. Antes de come\u00e7ar a identificar a exist\u00eancia de materiais do grupo humano tupi nessa regi\u00e3o e, principalmente, no Alto Sert\u00e3o, a ideia era de que havia sido habitada apenas pelos tapuias. A partir dos \u00faltimos dois anos e meio, a equipe de pesquisadores do arque\u00f3logo tem trabalhado em alguns s\u00edtios em Serra Grande, e os novos achados revelaram que os tupis, de fato, viveram ali. O que havia de informa\u00e7\u00e3o sobre os tupis \u00e9 que eles tinham vivido mais na regi\u00e3o do Litoral e em suas proximidades, at\u00e9 onde hoje s\u00e3o os munic\u00edpios de Pil\u00f5es, Pil\u00f5ezinhos, Bananeiras, na regi\u00e3o do Brejo. \u201c\u00c9 tudo muito novo, mas com esses achados no Sert\u00e3o muita coisa vai ter que ser revista com rela\u00e7\u00e3o \u00e0 ocupa\u00e7\u00e3o hist\u00f3rica da nossa regi\u00e3o\u201d, refor\u00e7ou o pesquisador.<\/p>\n<p>Por enquanto, com rela\u00e7\u00e3o ao material tupi, foram feitas escava\u00e7\u00f5es arqueol\u00f3gicas no munic\u00edpio de Serra Grande, pr\u00f3ximo \u00e0 cidade de Itaporanga. Mas existem evid\u00eancias arqueol\u00f3gicas da presen\u00e7a tupi em v\u00e1rios outros munic\u00edpios do Semi\u00e1rido. Em Cuit\u00e9, por exemplo, foi feito o salvamento arqueol\u00f3gico de uma urna funer\u00e1ria e ossos humanos.<\/p>\n<p><strong>Comunidades contribuem com as pesquisas<\/strong><\/p>\n<p>As pesquisas pelo Sert\u00e3o da Para\u00edba devem seguir pelo munic\u00edpio de Bernardino Batista, onde ainda n\u00e3o foi realizada nenhuma atividade arqueol\u00f3gica. Depois ir\u00e1 para Cachoeira dos \u00cdndios, pr\u00f3ximo a Cajazeiras. Por l\u00e1, embora n\u00e3o tenha havido nenhum salvamento arqueol\u00f3gico, foi coletado material que estava na casa de um morador, que acionou a equipe. Recentemente, foi coletado material tupi em Pil\u00f5ezinhos, constitu\u00eddo de urnas funer\u00e1rias, fragmentos de tigelas e de ossos humanos. Todas as coletas foram feitas com autoriza\u00e7\u00e3o do Instituto do Patrim\u00f4nio Hist\u00f3rico Nacional (Iphan).<\/p>\n<p>Na maioria das vezes, a equipe chega aos locais onde h\u00e1 resqu\u00edcio da ocupa\u00e7\u00e3o de outros povos atrav\u00e9s da comunidade.<\/p>\n<p>As pessoas encontram evid\u00eancias arqueol\u00f3gicas, divulgam nas redes sociais e a informa\u00e7\u00e3o acaba chegando \u00e0 equipe. \u201cHoje, o nosso laborat\u00f3rio \u00e9 o \u00fanico da Para\u00edba e muitas dessas informa\u00e7\u00f5es v\u00eam da pr\u00f3pria comunidade que nos procura, envia fotos, texto, pedindo nossa ida at\u00e9 o local para averiguar melhor se realmente se trata de material arqueol\u00f3gico\u201d, observou.<\/p>\n<p>Sobre os povos mais primitivos, os primeiros grupos humanos que aqui estiveram, Juvandi Souza afirmou que muita coisa ainda est\u00e1 por se descobrir. Segundo ele, qualquer coisa que afirme agora de forma conclusiva seria uma atitude precipitada e at\u00e9 irrespons\u00e1vel. A expectativa \u00e9 de que s\u00f3 daqui a alguns anos existir\u00e3o respostas mais positivas com rela\u00e7\u00e3o a quais grupos humanos realmente habitaram o interior do Estado.<\/p>\n<p><strong>Detalhes da hist\u00f3ria<\/strong><\/p>\n<p><a href=\"https:\/\/espacoecologico.com.br\/arquivo\/pesquisadores-da-universidade-estadual-descobrem-vestigios-tupi-no-sertao-da-paraiba\/tupi\/\" rel=\"attachment wp-att-152257\"><img loading=\"lazy\" class=\"alignleft size-full wp-image-152257\" src=\"https:\/\/espacoecologico.com.br\/arquivo\/wp-content\/uploads\/2021\/08\/tupi.jpg\" alt=\"\" width=\"640\" height=\"847\" srcset=\"https:\/\/espacoecologico.com.br\/arquivo\/wp-content\/uploads\/2021\/08\/tupi.jpg 640w, https:\/\/espacoecologico.com.br\/arquivo\/wp-content\/uploads\/2021\/08\/tupi-227x300.jpg 227w\" sizes=\"(max-width: 640px) 100vw, 640px\" \/><\/a>Para dar sequ\u00eancia ao trabalho arqueol\u00f3gico na Para\u00edba, foi firmado conv\u00eanio com quase 30 prefeituras. A ajuda vem em forma de alimenta\u00e7\u00e3o e deslocamento da equipe que sai de Campina Grande para os munic\u00edpios em regi\u00f5es como Serid\u00f3 e Sert\u00e3o. \u201cO pessoal nos fornece o apoio log\u00edstico e, em contrapartida, a gente desenvolve as pesquisas em seus respectivos munic\u00edpios, envolve a comunidade, porque temos que dar um retorno social e isso \u00e9 muito bom para essas cidades\u201d, declarou Juvandi Souza.<\/p>\n<p>Segundo ele, em muitos desses munic\u00edpios nem se falava em ind\u00edgenas no passado, nem em negros, remanescentes quilombolas. Hoje, quando os pesquisadores chegam a algum munic\u00edpio, faz a parte de educa\u00e7\u00e3o patrimonial, conversa com a popula\u00e7\u00e3o local. \u201cAs pessoas ficam abismadas, nem acreditam que no passado determinado grupo humano viveu naquele local\u201d, contou.<\/p>\n<p>O pesquisador acredita que muita coisa pode mudar no futuro com rela\u00e7\u00e3o \u00e0 hist\u00f3ria da pr\u00e9-hist\u00f3ria, mas o processo \u00e9 lento e requer muito apoio dos \u00f3rg\u00e3os governamentais. Juvandi afirmou que tem tido apoio do Estado, mas \u00e9 necess\u00e1rio sempre mais apoio para desenvolver melhor as pesquisas no campo da arqueologia e da paleontologia em outras regi\u00f5es da Para\u00edba, principalmente no Alto Sert\u00e3o, que \u00e9 muito carente de pesquisa.<\/p>\n<p>As pesquisas t\u00eam acontecido mais pr\u00f3ximo de Campina Grande, no Serid\u00f3 Oriental, no Curimata\u00fa, principalmente na regi\u00e3o mais polarizada por Campina Grande, em especial o Cariri, onde, h\u00e1 muitos anos, s\u00e3o realizadas atividades de prospec\u00e7\u00e3o e escava\u00e7\u00f5es arqueol\u00f3gicas. Para o pesquisador, os investimentos governamentais ir\u00e3o fomentar o trabalho nos munic\u00edpios do Alto Sert\u00e3o da Para\u00edba.<\/p>\n<p>Exist\u00eancia de outros povos<\/p>\n<p>Uma importante revela\u00e7\u00e3o que pode vir no futuro \u00e9 a confirma\u00e7\u00e3o cient\u00edfica da exist\u00eancia de v\u00e1rios grupos humanos no interior da Para\u00edba no per\u00edodo pr\u00e9-hist\u00f3rico. Os estudos devem mostrar quando esses grupos chegaram, como foram extintos na regi\u00e3o. Uma das formas de conseguir as melhores provas \u00e9 atrav\u00e9s de data\u00e7\u00f5es, um processo de alto custo que n\u00e3o \u00e9 realizado na Para\u00edba. O material encontrado no Estado \u00e9 enviado para os Estados Unidos.<\/p>\n<p>O Laborat\u00f3rio de Arqueologia e Paleontologia (Labap) conseguiu apoio em Fortaleza, capital cearense, atrav\u00e9s de um aluno do mestrado que est\u00e1 fazendo sua pesquisa com ossos humanos que sa\u00edram de Cuit\u00e9, onde h\u00e1 um s\u00edtio tupi.<\/p>\n<p>Em breve, o achado ser\u00e1 enviado aos Estados Unidos para ser datado atrav\u00e9s do m\u00e9todo Carbono 14.<\/p>\n<p>Para Juvandi Souza, esse \u00e9 um momento importante, porque permitir\u00e1 saber qual grupo humano viveu na regi\u00e3o. Por\u00e9m, para ele, \u00e9 necess\u00e1rio mais apoio para estender as an\u00e1lises cient\u00edficas, especialmente falando de data\u00e7\u00f5es, para os outros s\u00edtios tupis. Somente em Serra Grande s\u00e3o quatro s\u00edtios tupis, onde existiram pelo menos quatro grandes aldeias.<\/p>\n<p>\u201cPrecisamos de recursos para podermos datar o material de l\u00e1. Da mesma forma que tamb\u00e9m precisamos de ajuda para realizar o salvamento de duas ou tr\u00eas urnas funer\u00e1rias em Bernardino Batista, no Alto Sert\u00e3o, e mandar datar esse material\u201d, disse. A ajuda financeira \u00e9 necess\u00e1ria para datar o material de Pil\u00f5ezinhos, de Bananeiras de Borborema, onde h\u00e1 s\u00edtios tupis, e tamb\u00e9m para datar o material cariri.<\/p>\n<p>Existem guardados milhares de fragmentos, ossos, cer\u00e2mica, material l\u00edtico que foi usado pelos cariris e pelos seus antecessores.<\/p>\n","protected":false},"excerpt":{"rendered":"<p>Os \u00edndios tupis habitaram o Sert\u00e3o paraibano. A descoberta foi feita pelo professor Juvandi Souza,<\/p>\n","protected":false},"author":2,"featured_media":152256,"comment_status":"open","ping_status":"open","sticky":false,"template":"","format":"standard","meta":[],"categories":[],"tags":[],"uagb_featured_image_src":{"full":["https:\/\/espacoecologico.com.br\/arquivo\/wp-content\/uploads\/2021\/08\/tupi1.jpg",415,265,false],"thumbnail":["https:\/\/espacoecologico.com.br\/arquivo\/wp-content\/uploads\/2021\/08\/tupi1-150x150.jpg",150,150,true],"medium":["https:\/\/espacoecologico.com.br\/arquivo\/wp-content\/uploads\/2021\/08\/tupi1-300x192.jpg",300,192,true],"medium_large":["https:\/\/espacoecologico.com.br\/arquivo\/wp-content\/uploads\/2021\/08\/tupi1.jpg",415,265,false],"large":["https:\/\/espacoecologico.com.br\/arquivo\/wp-content\/uploads\/2021\/08\/tupi1.jpg",415,265,false],"1536x1536":["https:\/\/espacoecologico.com.br\/arquivo\/wp-content\/uploads\/2021\/08\/tupi1.jpg",415,265,false],"2048x2048":["https:\/\/espacoecologico.com.br\/arquivo\/wp-content\/uploads\/2021\/08\/tupi1.jpg",415,265,false],"cream-magazine-thumbnail-2":["https:\/\/espacoecologico.com.br\/arquivo\/wp-content\/uploads\/2021\/08\/tupi1.jpg",415,265,false],"cream-magazine-thumbnail-3":["https:\/\/espacoecologico.com.br\/arquivo\/wp-content\/uploads\/2021\/08\/tupi1.jpg",415,265,false],"cream-magazine-thumbnail-4":["https:\/\/espacoecologico.com.br\/arquivo\/wp-content\/uploads\/2021\/08\/tupi1.jpg",415,265,false]},"uagb_author_info":{"display_name":"","author_link":"https:\/\/espacoecologico.com.br\/arquivo\/author\/"},"uagb_comment_info":8,"uagb_excerpt":"Os \u00edndios tupis habitaram o Sert\u00e3o paraibano. A descoberta foi feita pelo professor Juvandi Souza,","_links":{"self":[{"href":"https:\/\/espacoecologico.com.br\/arquivo\/wp-json\/wp\/v2\/posts\/152255"}],"collection":[{"href":"https:\/\/espacoecologico.com.br\/arquivo\/wp-json\/wp\/v2\/posts"}],"about":[{"href":"https:\/\/espacoecologico.com.br\/arquivo\/wp-json\/wp\/v2\/types\/post"}],"author":[{"embeddable":true,"href":"https:\/\/espacoecologico.com.br\/arquivo\/wp-json\/wp\/v2\/users\/2"}],"replies":[{"embeddable":true,"href":"https:\/\/espacoecologico.com.br\/arquivo\/wp-json\/wp\/v2\/comments?post=152255"}],"version-history":[{"count":2,"href":"https:\/\/espacoecologico.com.br\/arquivo\/wp-json\/wp\/v2\/posts\/152255\/revisions"}],"predecessor-version":[{"id":152259,"href":"https:\/\/espacoecologico.com.br\/arquivo\/wp-json\/wp\/v2\/posts\/152255\/revisions\/152259"}],"wp:featuredmedia":[{"embeddable":true,"href":"https:\/\/espacoecologico.com.br\/arquivo\/wp-json\/wp\/v2\/media\/152256"}],"wp:attachment":[{"href":"https:\/\/espacoecologico.com.br\/arquivo\/wp-json\/wp\/v2\/media?parent=152255"}],"wp:term":[{"taxonomy":"category","embeddable":true,"href":"https:\/\/espacoecologico.com.br\/arquivo\/wp-json\/wp\/v2\/categories?post=152255"},{"taxonomy":"post_tag","embeddable":true,"href":"https:\/\/espacoecologico.com.br\/arquivo\/wp-json\/wp\/v2\/tags?post=152255"}],"curies":[{"name":"wp","href":"https:\/\/api.w.org\/{rel}","templated":true}]}}