{"id":152247,"date":"2021-08-25T07:47:07","date_gmt":"2021-08-25T10:47:07","guid":{"rendered":"https:\/\/espacoecologico.com.br\/arquivo\/?p=152247"},"modified":"2021-08-25T08:04:36","modified_gmt":"2021-08-25T11:04:36","slug":"pesquisadores-da-uepb-acharam-em-catole-do-rocha-o-maior-complexo-arqueologico-da-paraiba-e-um-dos-maiores-do-pais","status":"publish","type":"post","link":"https:\/\/espacoecologico.com.br\/arquivo\/pesquisadores-da-uepb-acharam-em-catole-do-rocha-o-maior-complexo-arqueologico-da-paraiba-e-um-dos-maiores-do-pais\/","title":{"rendered":"Pesquisadores acharam em Catol\u00e9 do Rocha o maior complexo arqueol\u00f3gico da PB e um dos maiores do pa\u00eds"},"content":{"rendered":"<p><img loading=\"lazy\" class=\"alignleft size-medium wp-image-152248\" src=\"https:\/\/espacoecologico.com.br\/arquivo\/wp-content\/uploads\/2021\/08\/sitio-300x192.jpg\" alt=\"\" width=\"300\" height=\"192\" srcset=\"https:\/\/espacoecologico.com.br\/arquivo\/wp-content\/uploads\/2021\/08\/sitio-300x192.jpg 300w, https:\/\/espacoecologico.com.br\/arquivo\/wp-content\/uploads\/2021\/08\/sitio.jpg 415w\" sizes=\"(max-width: 300px) 100vw, 300px\" \/><\/p>\n<p>A Para\u00edba pode ser ber\u00e7o do maior complexo arqueol\u00f3gico rupestre do Brasil. A \u00e1rea foi localizada na segunda-feira (23) pela equipe do Laborat\u00f3rio de Arqueologia e Paleontologia (Labap), da Universidade Estadual da Para\u00edba (UEPB), durante um trabalho de mapeamento no munic\u00edpio de Catol\u00e9 do Rocha, no Sert\u00e3o do Estado. O achado hist\u00f3rico fica no S\u00edtio Arqueol\u00f3gico Malhada de Areia, na zona rural, a cerca de 20 quil\u00f4metros da cidade.<\/p>\n<p>\u201cSem sombra de d\u00favida, \u00e9 o maior s\u00edtio arqueol\u00f3gico da Para\u00edba, uma coisa de louco. Ainda vai demorar um pouco para termos certeza, mas acredito que \u00e9 um dos maiores s\u00edtios com gravura rupestre do Brasil, talvez o maior, mas s\u00f3 o tepo dir\u00e1\u201d, afirmou o professor Juvandi de Souza Santos, coordenador do Labap, da UEPB, que est\u00e1 \u00e0 frente da pesquisa.<\/p>\n<p>A descoberta foi feita com a ajuda de pesquisadores de Catol\u00e9 do Rocha. \u201cE j\u00e1 consideramos este o maior complexo arqueol\u00f3gico em extens\u00e3o e em quantidade de gravuras \u2013 s\u00e3o centenas \u2013 do Estado da Para\u00edba. Bom, at\u00e9 que se encontre outro maior\u201d, declarou.<\/p>\n<p>Juvandi de Souza relatou que a equipe havia chegado, na manh\u00e3 da \u00faltima segunda-feira (23), para visitar um s\u00edtio arqueol\u00f3gico na cidade, dando seguimento a um mapeamento que est\u00e1 sendo feito em Catol\u00e9 do Rocha. Conforme o pesquisador, sabia-se da exist\u00eancia de apenas um fragmento muito pequeno desse s\u00edtio, mas jamais se esperava encontrar tamanha quantidade.<\/p>\n<div id='gallery-1' class='gallery galleryid-152247 gallery-columns-3 gallery-size-full'><figure class='gallery-item'>\n\t\t\t<div class='gallery-icon landscape'>\n\t\t\t\t<a href='https:\/\/espacoecologico.com.br\/arquivo\/pesquisadores-da-uepb-acharam-em-catole-do-rocha-o-maior-complexo-arqueologico-da-paraiba-e-um-dos-maiores-do-pais\/sitio1\/'><img width=\"640\" height=\"480\" src=\"https:\/\/espacoecologico.com.br\/arquivo\/wp-content\/uploads\/2021\/08\/sitio1.jpg\" class=\"attachment-full size-full\" alt=\"\" loading=\"lazy\" srcset=\"https:\/\/espacoecologico.com.br\/arquivo\/wp-content\/uploads\/2021\/08\/sitio1.jpg 640w, https:\/\/espacoecologico.com.br\/arquivo\/wp-content\/uploads\/2021\/08\/sitio1-300x225.jpg 300w\" sizes=\"(max-width: 640px) 100vw, 640px\" \/><\/a>\n\t\t\t<\/div><\/figure><figure class='gallery-item'>\n\t\t\t<div class='gallery-icon landscape'>\n\t\t\t\t<a href='https:\/\/espacoecologico.com.br\/arquivo\/pesquisadores-da-uepb-acharam-em-catole-do-rocha-o-maior-complexo-arqueologico-da-paraiba-e-um-dos-maiores-do-pais\/sitio2\/'><img width=\"640\" height=\"480\" src=\"https:\/\/espacoecologico.com.br\/arquivo\/wp-content\/uploads\/2021\/08\/sitio2.jpg\" class=\"attachment-full size-full\" alt=\"\" loading=\"lazy\" srcset=\"https:\/\/espacoecologico.com.br\/arquivo\/wp-content\/uploads\/2021\/08\/sitio2.jpg 640w, https:\/\/espacoecologico.com.br\/arquivo\/wp-content\/uploads\/2021\/08\/sitio2-300x225.jpg 300w\" sizes=\"(max-width: 640px) 100vw, 640px\" \/><\/a>\n\t\t\t<\/div><\/figure><figure class='gallery-item'>\n\t\t\t<div class='gallery-icon landscape'>\n\t\t\t\t<a href='https:\/\/espacoecologico.com.br\/arquivo\/pesquisadores-da-uepb-acharam-em-catole-do-rocha-o-maior-complexo-arqueologico-da-paraiba-e-um-dos-maiores-do-pais\/sito4\/'><img width=\"640\" height=\"480\" src=\"https:\/\/espacoecologico.com.br\/arquivo\/wp-content\/uploads\/2021\/08\/sito4.jpg\" class=\"attachment-full size-full\" alt=\"\" loading=\"lazy\" srcset=\"https:\/\/espacoecologico.com.br\/arquivo\/wp-content\/uploads\/2021\/08\/sito4.jpg 640w, https:\/\/espacoecologico.com.br\/arquivo\/wp-content\/uploads\/2021\/08\/sito4-300x225.jpg 300w\" sizes=\"(max-width: 640px) 100vw, 640px\" \/><\/a>\n\t\t\t<\/div><\/figure><figure class='gallery-item'>\n\t\t\t<div class='gallery-icon landscape'>\n\t\t\t\t<a href='https:\/\/espacoecologico.com.br\/arquivo\/pesquisadores-da-uepb-acharam-em-catole-do-rocha-o-maior-complexo-arqueologico-da-paraiba-e-um-dos-maiores-do-pais\/so\/'><img width=\"640\" height=\"480\" src=\"https:\/\/espacoecologico.com.br\/arquivo\/wp-content\/uploads\/2021\/08\/so.jpg\" class=\"attachment-full size-full\" alt=\"\" loading=\"lazy\" srcset=\"https:\/\/espacoecologico.com.br\/arquivo\/wp-content\/uploads\/2021\/08\/so.jpg 640w, https:\/\/espacoecologico.com.br\/arquivo\/wp-content\/uploads\/2021\/08\/so-300x225.jpg 300w\" sizes=\"(max-width: 640px) 100vw, 640px\" \/><\/a>\n\t\t\t<\/div><\/figure>\n\t\t<\/div>\n\n<p>Ao observar o local, o grupo visualizou as gravuras j\u00e1 conhecidas, inclusive pela popula\u00e7\u00e3o e, a partir delas, os integrantes decidiram explorar mais adiante. No entorno, perceberam que havia uma grande quantidade de afloramentos rochosos, de lajes pr\u00f3prias do terreno, e prosseguiram.<\/p>\n<p>\u201cJ\u00e1 que est\u00e1vamos l\u00e1, debaixo de um sol escaldante, decidi que ir\u00edamos fazer uma varredura na \u00e1rea, uma prospec\u00e7\u00e3o. E a\u00ed, em cada afloramento que \u00edamos, apareciam novas gravuras rupestres. \u00c9 uma coisa gigantesca. Tanto \u00e9 que eu nem sei por onde come\u00e7ar\u201d, confessou o pesquisador. Segundo ele, n\u00e3o h\u00e1 tra\u00e7os que apontem para um povo espec\u00edfico: \u201cAs gravuras se repetem na Para\u00edba e os estudos s\u00e3o poucos\u201d.<\/p>\n<p>Coordenador do Labap da UEPB, Juvandi de Souza, comunicou o achado arqueol\u00f3gico ao Iphan ao perceber o tamanho e import\u00e2ncia da descoberta.<\/p>\n<p>&#8220;Trata-se de uma das maiores ocorr\u00eancias de gravuras rupestres do Brasil e acredito que essa venha a ser a maior descoberta arqueol\u00f3gica dos \u00faltimos tempos da Para\u00edba&#8221;, Juvandi Souza coordenador do Laborat\u00f3rio de Arqueologia e Paleontologia (Labap), da UEPB.<\/p>\n<p><strong>Pr\u00f3ximos passos da pesquisa<\/strong><\/p>\n<p>Assim que constatou o tamanho e a import\u00e2ncia da descoberta, o pesquisador Juvandi de Souza comunicou o achado arqueol\u00f3gico ao Instituto do Patrim\u00f4nio Hist\u00f3rico Nacional (Iphan). O assunto \u00e9 pauta de uma reuni\u00e3o agendada para hoje, conforme relatou o professor.<\/p>\n<p>Ele explicou que a conversa deve nortear os pr\u00f3ximos passos. \u201c\u00c9 tudo muito novo. Sinceramente, n\u00e3o sei ainda como agir. Agora, vamos pensar como faremos, porque \u00e9 algo gigantesco isso aqui. Vamos sentar e pensar como iremos proceder nos estudos do S\u00edtio Arqueol\u00f3gico Malhada de Areia\u201d, declarou o pesquisador.<\/p>\n<p>O trabalho faz parte de um conv\u00eanio firmado com as prefeituras para financiar parte das atividades de pesquisa em alguns munic\u00edpios, com alimenta\u00e7\u00e3o, combust\u00edvel para deslocamento e alojamento para a equipe. O professor destacou o apoio da Prefeitura de Catol\u00e9 do Rocha e do professor Edivan Silva Nunes J\u00fanior, diretor do Campus da UEPB no munic\u00edpio.<\/p>\n","protected":false},"excerpt":{"rendered":"<p>A Para\u00edba pode ser ber\u00e7o do maior complexo arqueol\u00f3gico rupestre do Brasil. A \u00e1rea foi<\/p>\n","protected":false},"author":2,"featured_media":152248,"comment_status":"open","ping_status":"open","sticky":false,"template":"","format":"standard","meta":[],"categories":[],"tags":[],"uagb_featured_image_src":{"full":["https:\/\/espacoecologico.com.br\/arquivo\/wp-content\/uploads\/2021\/08\/sitio.jpg",415,265,false],"thumbnail":["https:\/\/espacoecologico.com.br\/arquivo\/wp-content\/uploads\/2021\/08\/sitio-150x150.jpg",150,150,true],"medium":["https:\/\/espacoecologico.com.br\/arquivo\/wp-content\/uploads\/2021\/08\/sitio-300x192.jpg",300,192,true],"medium_large":["https:\/\/espacoecologico.com.br\/arquivo\/wp-content\/uploads\/2021\/08\/sitio.jpg",415,265,false],"large":["https:\/\/espacoecologico.com.br\/arquivo\/wp-content\/uploads\/2021\/08\/sitio.jpg",415,265,false],"1536x1536":["https:\/\/espacoecologico.com.br\/arquivo\/wp-content\/uploads\/2021\/08\/sitio.jpg",415,265,false],"2048x2048":["https:\/\/espacoecologico.com.br\/arquivo\/wp-content\/uploads\/2021\/08\/sitio.jpg",415,265,false],"cream-magazine-thumbnail-2":["https:\/\/espacoecologico.com.br\/arquivo\/wp-content\/uploads\/2021\/08\/sitio.jpg",415,265,false],"cream-magazine-thumbnail-3":["https:\/\/espacoecologico.com.br\/arquivo\/wp-content\/uploads\/2021\/08\/sitio.jpg",415,265,false],"cream-magazine-thumbnail-4":["https:\/\/espacoecologico.com.br\/arquivo\/wp-content\/uploads\/2021\/08\/sitio.jpg",415,265,false]},"uagb_author_info":{"display_name":"","author_link":"https:\/\/espacoecologico.com.br\/arquivo\/author\/"},"uagb_comment_info":8,"uagb_excerpt":"A Para\u00edba pode ser ber\u00e7o do maior complexo arqueol\u00f3gico rupestre do Brasil. A \u00e1rea foi","_links":{"self":[{"href":"https:\/\/espacoecologico.com.br\/arquivo\/wp-json\/wp\/v2\/posts\/152247"}],"collection":[{"href":"https:\/\/espacoecologico.com.br\/arquivo\/wp-json\/wp\/v2\/posts"}],"about":[{"href":"https:\/\/espacoecologico.com.br\/arquivo\/wp-json\/wp\/v2\/types\/post"}],"author":[{"embeddable":true,"href":"https:\/\/espacoecologico.com.br\/arquivo\/wp-json\/wp\/v2\/users\/2"}],"replies":[{"embeddable":true,"href":"https:\/\/espacoecologico.com.br\/arquivo\/wp-json\/wp\/v2\/comments?post=152247"}],"version-history":[{"count":2,"href":"https:\/\/espacoecologico.com.br\/arquivo\/wp-json\/wp\/v2\/posts\/152247\/revisions"}],"predecessor-version":[{"id":152260,"href":"https:\/\/espacoecologico.com.br\/arquivo\/wp-json\/wp\/v2\/posts\/152247\/revisions\/152260"}],"wp:featuredmedia":[{"embeddable":true,"href":"https:\/\/espacoecologico.com.br\/arquivo\/wp-json\/wp\/v2\/media\/152248"}],"wp:attachment":[{"href":"https:\/\/espacoecologico.com.br\/arquivo\/wp-json\/wp\/v2\/media?parent=152247"}],"wp:term":[{"taxonomy":"category","embeddable":true,"href":"https:\/\/espacoecologico.com.br\/arquivo\/wp-json\/wp\/v2\/categories?post=152247"},{"taxonomy":"post_tag","embeddable":true,"href":"https:\/\/espacoecologico.com.br\/arquivo\/wp-json\/wp\/v2\/tags?post=152247"}],"curies":[{"name":"wp","href":"https:\/\/api.w.org\/{rel}","templated":true}]}}