{"id":152240,"date":"2021-08-25T12:00:22","date_gmt":"2021-08-25T15:00:22","guid":{"rendered":"https:\/\/espacoecologico.com.br\/arquivo\/?p=152240"},"modified":"2021-08-24T19:57:54","modified_gmt":"2021-08-24T22:57:54","slug":"tdah-90-das-criancas-diagnosticadas-mantem-algum-sintoma-na-vida-adulta","status":"publish","type":"post","link":"https:\/\/espacoecologico.com.br\/arquivo\/tdah-90-das-criancas-diagnosticadas-mantem-algum-sintoma-na-vida-adulta\/","title":{"rendered":"TDAH: 90% das crian\u00e7as diagnosticadas mant\u00eam algum sintoma na vida adulta"},"content":{"rendered":"<h2 class=\"m-resume-single\"><a href=\"https:\/\/espacoecologico.com.br\/arquivo\/?attachment_id=152241\" rel=\"attachment wp-att-152241\"><img loading=\"lazy\" class=\"alignleft size-medium wp-image-152241\" src=\"https:\/\/espacoecologico.com.br\/arquivo\/wp-content\/uploads\/2021\/08\/tdah-300x192.jpg\" alt=\"\" width=\"300\" height=\"192\" srcset=\"https:\/\/espacoecologico.com.br\/arquivo\/wp-content\/uploads\/2021\/08\/tdah-300x192.jpg 300w, https:\/\/espacoecologico.com.br\/arquivo\/wp-content\/uploads\/2021\/08\/tdah.jpg 415w\" sizes=\"(max-width: 300px) 100vw, 300px\" \/><\/a>Pesquisadores da Universidade de Washington acompanharam volunt\u00e1rios com transtorno de d\u00e9ficit de aten\u00e7\u00e3o e hiperatividade dos 8 aos 25 anos<\/h2>\n<p>Cerca de 90% das crian\u00e7as diagnosticadas com\u00a0transtorno de d\u00e9ficit de aten\u00e7\u00e3o com hiperatividade (TDAH)\u00a0ainda apresentam algum grau do dist\u00farbio na idade adulta, aponta um estudo conduzido por pesquisadores da Escola de Medicina da Universidade de Washington, nos Estados Unidos.<\/p>\n<p>Publicado no in\u00edcio de agosto no peri\u00f3dico da\u00a0Associa\u00e7\u00e3o Americana de Psiquiatria, o achado contrap\u00f5e estimativas de pesquisas anteriores, que apontavam um \u00edndice bem menor, em torno de 50%.<\/p>\n<p>Os cientistas acompanharam um grupo de 558 crian\u00e7as com TDAH por 16 anos. Nesse per\u00edodo, foram realizadas oito avalia\u00e7\u00f5es, uma a cada dois anos, para verifica\u00e7\u00e3o da ocorr\u00eancia de sintomas. Os question\u00e1rios eram feitos com os pacientes, familiares e professores.<\/p>\n<p>De acordo com comunicado distribu\u00eddo para a imprensa, 90% das crian\u00e7as com TDAH que participaram do estudo continuaram a manifestar sintomas residuais do transtorno at\u00e9\u00a0a idade adulta jovem, embora, na maioria dos casos, tenham ocorrido per\u00edodos intermitentes de remiss\u00e3o. Os volunt\u00e1rios foram acompanhados dos 8 aos 25 anos.<\/p>\n<p>Para os pesquisadores, os estudos anteriores que apontavam que apenas metade das crian\u00e7as seguiam com sintomas do transtorno na idade adulta tiveram um seguimento limitado dos volunt\u00e1rios. Na maioria desses estudos, os participantes eram avaliados somente uma vez na idade adulta. Como o TDAH pode ter sintomas cuja ocorr\u00eancia e intensidade variam ao longo da vida, a avalia\u00e7\u00e3o de apenas um momento da vida adulta n\u00e3o seria representativa.<\/p>\n<p><strong>Estilo de vida<\/strong><br \/>\nA ci\u00eancia ainda n\u00e3o tem uma resposta sobre o que provoca o agravamento do transtorno. Estresse e estilo de vida n\u00e3o saud\u00e1vel, como sono inadequado, m\u00e1 alimenta\u00e7\u00e3o e falta de exerc\u00edcios f\u00edsicos regulares, podem ser fatores de risco. Medica\u00e7\u00e3o e terapia s\u00e3o os principais tratamentos indicados para o controle do TDAH.<\/p>\n<p>Para Margaret Sibley, autora principal do estudo e professora associada de Psiquiatria e Ci\u00eancias Comportamentais na Escola de Medicina da Universidade de Washington, \u00e9 importante para as pessoas que s\u00e3o diagnosticadas com o transtorno escolherem um emprego ou h\u00e1bitos de vida que sejam menos prejudicados pelas caracter\u00edsticas comuns do transtorno.<\/p>\n<p><strong>Como \u00e9 a doen\u00e7a<\/strong><br \/>\nOs sintomas do TDAH se manifestam de maneiras diferentes em cada pessoa e n\u00e3o raro mudam dependendo da fase da vida. Entre eles est\u00e3o desaten\u00e7\u00e3o, desorganiza\u00e7\u00e3o, esquecimento e falta de concentra\u00e7\u00e3o, al\u00e9m de hiperatividade e impulsividade.<\/p>\n<p>Em crian\u00e7as,\u00a0\u00e9 caracterizado pelo excesso de energia. J\u00e1 os adultos costumam apresentar impulsividade verbal, dificuldade para tomar decis\u00f5es e n\u00e3o pensam antes de agir. Alguns ainda demonstram hiperfoco \u2014 quando a pessoa tem um comportamento repetitivo e concentrado em um mesmo assunto.<\/p>\n<p>O tratamento deve ser orientado por um profissional e iniciado quando os sintomas estejam causando dificuldade em se relacionar, problemas em manter relacionamentos saud\u00e1veis e de longo prazo e incapacidade de completar tarefas di\u00e1rias b\u00e1sicas.<\/p>\n<p>Segundo os autores, estima-se que o transtorno afete de 5% a 10% da popula\u00e7\u00e3o. A maioria consegue viver com autonomia.<\/p>\n","protected":false},"excerpt":{"rendered":"<p>Pesquisadores da Universidade de Washington acompanharam volunt\u00e1rios com transtorno de d\u00e9ficit de aten\u00e7\u00e3o e hiperatividade<\/p>\n","protected":false},"author":2,"featured_media":152241,"comment_status":"open","ping_status":"open","sticky":false,"template":"","format":"standard","meta":[],"categories":[],"tags":[],"uagb_featured_image_src":{"full":["https:\/\/espacoecologico.com.br\/arquivo\/wp-content\/uploads\/2021\/08\/tdah.jpg",415,265,false],"thumbnail":["https:\/\/espacoecologico.com.br\/arquivo\/wp-content\/uploads\/2021\/08\/tdah-150x150.jpg",150,150,true],"medium":["https:\/\/espacoecologico.com.br\/arquivo\/wp-content\/uploads\/2021\/08\/tdah-300x192.jpg",300,192,true],"medium_large":["https:\/\/espacoecologico.com.br\/arquivo\/wp-content\/uploads\/2021\/08\/tdah.jpg",415,265,false],"large":["https:\/\/espacoecologico.com.br\/arquivo\/wp-content\/uploads\/2021\/08\/tdah.jpg",415,265,false],"1536x1536":["https:\/\/espacoecologico.com.br\/arquivo\/wp-content\/uploads\/2021\/08\/tdah.jpg",415,265,false],"2048x2048":["https:\/\/espacoecologico.com.br\/arquivo\/wp-content\/uploads\/2021\/08\/tdah.jpg",415,265,false],"cream-magazine-thumbnail-2":["https:\/\/espacoecologico.com.br\/arquivo\/wp-content\/uploads\/2021\/08\/tdah.jpg",415,265,false],"cream-magazine-thumbnail-3":["https:\/\/espacoecologico.com.br\/arquivo\/wp-content\/uploads\/2021\/08\/tdah.jpg",415,265,false],"cream-magazine-thumbnail-4":["https:\/\/espacoecologico.com.br\/arquivo\/wp-content\/uploads\/2021\/08\/tdah.jpg",415,265,false]},"uagb_author_info":{"display_name":"","author_link":"https:\/\/espacoecologico.com.br\/arquivo\/author\/"},"uagb_comment_info":10,"uagb_excerpt":"Pesquisadores da Universidade de Washington acompanharam volunt\u00e1rios com transtorno de d\u00e9ficit de aten\u00e7\u00e3o e hiperatividade","_links":{"self":[{"href":"https:\/\/espacoecologico.com.br\/arquivo\/wp-json\/wp\/v2\/posts\/152240"}],"collection":[{"href":"https:\/\/espacoecologico.com.br\/arquivo\/wp-json\/wp\/v2\/posts"}],"about":[{"href":"https:\/\/espacoecologico.com.br\/arquivo\/wp-json\/wp\/v2\/types\/post"}],"author":[{"embeddable":true,"href":"https:\/\/espacoecologico.com.br\/arquivo\/wp-json\/wp\/v2\/users\/2"}],"replies":[{"embeddable":true,"href":"https:\/\/espacoecologico.com.br\/arquivo\/wp-json\/wp\/v2\/comments?post=152240"}],"version-history":[{"count":4,"href":"https:\/\/espacoecologico.com.br\/arquivo\/wp-json\/wp\/v2\/posts\/152240\/revisions"}],"predecessor-version":[{"id":152245,"href":"https:\/\/espacoecologico.com.br\/arquivo\/wp-json\/wp\/v2\/posts\/152240\/revisions\/152245"}],"wp:featuredmedia":[{"embeddable":true,"href":"https:\/\/espacoecologico.com.br\/arquivo\/wp-json\/wp\/v2\/media\/152241"}],"wp:attachment":[{"href":"https:\/\/espacoecologico.com.br\/arquivo\/wp-json\/wp\/v2\/media?parent=152240"}],"wp:term":[{"taxonomy":"category","embeddable":true,"href":"https:\/\/espacoecologico.com.br\/arquivo\/wp-json\/wp\/v2\/categories?post=152240"},{"taxonomy":"post_tag","embeddable":true,"href":"https:\/\/espacoecologico.com.br\/arquivo\/wp-json\/wp\/v2\/tags?post=152240"}],"curies":[{"name":"wp","href":"https:\/\/api.w.org\/{rel}","templated":true}]}}