{"id":152230,"date":"2021-08-25T10:00:06","date_gmt":"2021-08-25T13:00:06","guid":{"rendered":"https:\/\/espacoecologico.com.br\/arquivo\/?p=152230"},"modified":"2021-08-24T19:39:46","modified_gmt":"2021-08-24T22:39:46","slug":"substancia-em-veneno-de-cobra-jararacucu-pode-inibir-avanco-da-covid","status":"publish","type":"post","link":"https:\/\/espacoecologico.com.br\/arquivo\/substancia-em-veneno-de-cobra-jararacucu-pode-inibir-avanco-da-covid\/","title":{"rendered":"Subst\u00e2ncia em veneno de cobra jararacu\u00e7u pode inibir avan\u00e7o da covid"},"content":{"rendered":"<div class=\"post-item-wrap\">\n<h3 class=\"col-10 offset-1 animated fadeInDown dealy-900 display-8 display-md-8 alt-font font-italic my-1 text-center\"><a href=\"https:\/\/espacoecologico.com.br\/arquivo\/?attachment_id=152231\" rel=\"attachment wp-att-152231\"><img loading=\"lazy\" class=\"alignleft size-medium wp-image-152231\" src=\"https:\/\/espacoecologico.com.br\/arquivo\/wp-content\/uploads\/2021\/08\/cobra-300x192.jpg\" alt=\"\" width=\"300\" height=\"192\" srcset=\"https:\/\/espacoecologico.com.br\/arquivo\/wp-content\/uploads\/2021\/08\/cobra-300x192.jpg 300w, https:\/\/espacoecologico.com.br\/arquivo\/wp-content\/uploads\/2021\/08\/cobra.jpg 415w\" sizes=\"(max-width: 300px) 100vw, 300px\" \/><\/a>Pesquisa est\u00e1 sendo desenvolvida por universidades paulistas<\/h3>\n<p>Pesquisadores de universidades paulistas identificaram uma prote\u00edna presente no veneno da cobra jararacu\u00e7u que pode ajudar no tratamento da covid-19. O pept\u00eddeo identificado, ou seja, uma parte da prote\u00edna, inibiu 75% da capacidade do v\u00edrus de se replicar em c\u00e9lulas de macaco. O estudo da Universidade Estadual Paulista J\u00falio de Mesquita Filho (Unesp), em Araraquara (SP), foi publicado na revista cient\u00edfica\u00a0<em>Molecules<\/em>, em 12 de agosto.<img src=\"https:\/\/agenciabrasil.ebc.com.br\/ebc.png?id=1419383&amp;o=node\" \/><img src=\"https:\/\/agenciabrasil.ebc.com.br\/ebc.gif?id=1419383&amp;o=node\" \/><\/p>\n<p>O professor do Instituto de Qu\u00edmica Eduardo Maffud, um dos respons\u00e1veis pelo estudo, explica que o grupo de pesquisa j\u00e1 havia identificado toxinas no veneno da jararacu\u00e7u que tinham atividade antibacteriana. \u201cCom o avan\u00e7o da covid, a gente posicionou v\u00e1rios dos nossos pept\u00eddeos para ver se eles apresentavam atividade contra o SARS-CoV-2. Felizmente a gente obteve esse resultado interessante\u201d, disse o pesquisador.<\/p>\n<p>De acordo com o pesquisador, um poss\u00edvel rem\u00e9dio com o composto descoberto, ao desacelerar a replica\u00e7\u00e3o do v\u00edrus da covid-19, daria mais tempo para o organismo agir e criar os anticorpos necess\u00e1rios para resistir \u00e0 doen\u00e7a. \u201cIsso ainda est\u00e1 em andamento, precisaria de estudos adicionais, mas a gente viu que esse pept\u00eddeo impede a replica\u00e7\u00e3o ou a multiplica\u00e7\u00e3o das part\u00edculas virais\u201d, acrescenta Maffud.<\/p>\n<p>Os pesquisadores v\u00e3o avaliar tamb\u00e9m a efici\u00eancia de diferentes dosagens da mol\u00e9cula, e se ela pode exercer fun\u00e7\u00f5es de prote\u00e7\u00e3o na c\u00e9lula, o que poderia evitar, inclusive, a invas\u00e3o do v\u00edrus no organismo.<\/p>\n<p>Segundo Maffud, os estudos v\u00e3o seguir com a identifica\u00e7\u00e3o de outros alvos em que esse pept\u00eddeo pode agir e no melhoramento da atividade dessa mol\u00e9cula para, ent\u00e3o, serem feitos testes in vivo em cobaias, como camundongos. \u201cSe o resultado for positivo, vamos desenvolver um tratamento.\u201d<\/p>\n<p>Al\u00e9m de cientistas da Unesp, o trabalho envolveu pesquisadores da Universidade de S\u00e3o Paulo (USP), Universidade Federal de S\u00e3o Carlos (UFSCar) e Universidade Federal de S\u00e3o Paulo (Unifesp). \u201cFoi um trabalho multidisciplinar, mostrando que a uni\u00e3o dos grupos de pesquisa no Brasil pode apresentar resultados muito interessantes\u201d, destacou o professor da Unesp.<\/p>\n<\/div>\n<p class=\"alt-font font-italic my-2 small text-info\">Edi\u00e7\u00e3o: Fernando Fraga<\/p>\n","protected":false},"excerpt":{"rendered":"<p>Pesquisa est\u00e1 sendo desenvolvida por universidades paulistas Pesquisadores de universidades paulistas identificaram uma prote\u00edna presente<\/p>\n","protected":false},"author":2,"featured_media":152231,"comment_status":"open","ping_status":"open","sticky":false,"template":"","format":"standard","meta":[],"categories":[],"tags":[],"uagb_featured_image_src":{"full":["https:\/\/espacoecologico.com.br\/arquivo\/wp-content\/uploads\/2021\/08\/cobra.jpg",415,265,false],"thumbnail":["https:\/\/espacoecologico.com.br\/arquivo\/wp-content\/uploads\/2021\/08\/cobra-150x150.jpg",150,150,true],"medium":["https:\/\/espacoecologico.com.br\/arquivo\/wp-content\/uploads\/2021\/08\/cobra-300x192.jpg",300,192,true],"medium_large":["https:\/\/espacoecologico.com.br\/arquivo\/wp-content\/uploads\/2021\/08\/cobra.jpg",415,265,false],"large":["https:\/\/espacoecologico.com.br\/arquivo\/wp-content\/uploads\/2021\/08\/cobra.jpg",415,265,false],"1536x1536":["https:\/\/espacoecologico.com.br\/arquivo\/wp-content\/uploads\/2021\/08\/cobra.jpg",415,265,false],"2048x2048":["https:\/\/espacoecologico.com.br\/arquivo\/wp-content\/uploads\/2021\/08\/cobra.jpg",415,265,false],"cream-magazine-thumbnail-2":["https:\/\/espacoecologico.com.br\/arquivo\/wp-content\/uploads\/2021\/08\/cobra.jpg",415,265,false],"cream-magazine-thumbnail-3":["https:\/\/espacoecologico.com.br\/arquivo\/wp-content\/uploads\/2021\/08\/cobra.jpg",415,265,false],"cream-magazine-thumbnail-4":["https:\/\/espacoecologico.com.br\/arquivo\/wp-content\/uploads\/2021\/08\/cobra.jpg",415,265,false]},"uagb_author_info":{"display_name":"","author_link":"https:\/\/espacoecologico.com.br\/arquivo\/author\/"},"uagb_comment_info":8,"uagb_excerpt":"Pesquisa est\u00e1 sendo desenvolvida por universidades paulistas Pesquisadores de universidades paulistas identificaram uma prote\u00edna presente","_links":{"self":[{"href":"https:\/\/espacoecologico.com.br\/arquivo\/wp-json\/wp\/v2\/posts\/152230"}],"collection":[{"href":"https:\/\/espacoecologico.com.br\/arquivo\/wp-json\/wp\/v2\/posts"}],"about":[{"href":"https:\/\/espacoecologico.com.br\/arquivo\/wp-json\/wp\/v2\/types\/post"}],"author":[{"embeddable":true,"href":"https:\/\/espacoecologico.com.br\/arquivo\/wp-json\/wp\/v2\/users\/2"}],"replies":[{"embeddable":true,"href":"https:\/\/espacoecologico.com.br\/arquivo\/wp-json\/wp\/v2\/comments?post=152230"}],"version-history":[{"count":3,"href":"https:\/\/espacoecologico.com.br\/arquivo\/wp-json\/wp\/v2\/posts\/152230\/revisions"}],"predecessor-version":[{"id":152234,"href":"https:\/\/espacoecologico.com.br\/arquivo\/wp-json\/wp\/v2\/posts\/152230\/revisions\/152234"}],"wp:featuredmedia":[{"embeddable":true,"href":"https:\/\/espacoecologico.com.br\/arquivo\/wp-json\/wp\/v2\/media\/152231"}],"wp:attachment":[{"href":"https:\/\/espacoecologico.com.br\/arquivo\/wp-json\/wp\/v2\/media?parent=152230"}],"wp:term":[{"taxonomy":"category","embeddable":true,"href":"https:\/\/espacoecologico.com.br\/arquivo\/wp-json\/wp\/v2\/categories?post=152230"},{"taxonomy":"post_tag","embeddable":true,"href":"https:\/\/espacoecologico.com.br\/arquivo\/wp-json\/wp\/v2\/tags?post=152230"}],"curies":[{"name":"wp","href":"https:\/\/api.w.org\/{rel}","templated":true}]}}