{"id":152225,"date":"2021-08-25T09:00:26","date_gmt":"2021-08-25T12:00:26","guid":{"rendered":"https:\/\/espacoecologico.com.br\/arquivo\/?p=152225"},"modified":"2021-08-24T19:31:45","modified_gmt":"2021-08-24T22:31:45","slug":"universidade-reconhece-direito-dos-estudantes-recusarem-vivisseccao-em-animais","status":"publish","type":"post","link":"https:\/\/espacoecologico.com.br\/arquivo\/universidade-reconhece-direito-dos-estudantes-recusarem-vivisseccao-em-animais\/","title":{"rendered":"Universidade reconhece direito dos estudantes recusarem vivissec\u00e7\u00e3o em animais"},"content":{"rendered":"<p><a href=\"https:\/\/espacoecologico.com.br\/arquivo\/?attachment_id=152226\" rel=\"attachment wp-att-152226\"><img loading=\"lazy\" class=\"alignleft size-medium wp-image-152226\" src=\"https:\/\/espacoecologico.com.br\/arquivo\/wp-content\/uploads\/2021\/08\/rato-1-300x192.jpg\" alt=\"\" width=\"300\" height=\"192\" srcset=\"https:\/\/espacoecologico.com.br\/arquivo\/wp-content\/uploads\/2021\/08\/rato-1-300x192.jpg 300w, https:\/\/espacoecologico.com.br\/arquivo\/wp-content\/uploads\/2021\/08\/rato-1.jpg 415w\" sizes=\"(max-width: 300px) 100vw, 300px\" \/><\/a>Nos \u00faltimos anos, cientistas e especialistas v\u00eam se empenhando em buscar\u00a0<strong>m\u00e9todos alternativos aos testes em animais<\/strong>.<\/p>\n<p>A exemplo desse\u00a0<strong>avan\u00e7o pelo fim dos testes em animais<\/strong>\u00a0temos:<\/p>\n<ul>\n<li><a href=\"https:\/\/www.greenme.com.br\/informarse\/animais\/60034-brasileira-e-uma-das-vencedoras-do-lush-prize-2015-contra-os-testes-em-animais\/\">Brasileira \u00e9 uma das vencedoras do Lush Prize 2015 contra os testes em animais<\/a><\/li>\n<li><a href=\"https:\/\/www.greenme.com.br\/informarse\/animais\/58131-um-rato-virtual-para-por-fim-aos-testes-em-animais\/\">Um rato virtual para por fim aos testes em\u00a0animais<\/a><\/li>\n<li><a href=\"https:\/\/www.greenme.com.br\/informarse\/animais\/70129-pesquisa-brasileira-inedita-faz-grande-avanco-para-por-fim-aos-testes-em-animais\/\">Pesquisa brasileira in\u00e9dita faz grande avan\u00e7o para por fim aos testes em animais<\/a><\/li>\n<\/ul>\n<p>Mais recentemente, este ano, um curta-metragem impactou muita gente chamando a aten\u00e7\u00e3o para a<strong>\u00a0triste e cruel realidade dos animais usados em laborat\u00f3rios<\/strong>:<\/p>\n<p>Agora, temos uma\u00a0<strong>boa not\u00edcia\u00a0<\/strong>que vem da Universidade Federal Rural do Rio de Janeiro \u2013 UFRRJ, que contribuir\u00e1 para<strong>\u00a0reduzir o sacrif\u00edcio e a vivissec\u00e7\u00e3o de animais em laborat\u00f3rios,<\/strong>\u00a0e ao mesmo tempo, respeitar\u00a0<strong>o direito dos discentes (alunos) em se recusarem a executar testes cru\u00e9is envolvendo animais<\/strong>\u00a0durante os estudos.<\/p>\n<p>O ponto de partida dessa decis\u00e3o teve in\u00edcio em 13\/7\/21, atrav\u00e9s de uma\u00a0<strong>audi\u00eancia p\u00fablica<\/strong>\u00a0realizada pela\u00a0Comiss\u00e3o de Regulamenta\u00e7\u00e3o da Obje\u00e7\u00e3o de Consci\u00eancia na UFRRJ,\u00a0apresentando a minuta sobre a delibera\u00e7\u00e3o para a obje\u00e7\u00e3o de consci\u00eancia ao uso de animais nas aulas pr\u00e1ticas desta Universidade.<\/p>\n<p>Confira o teor da\u00a0<strong>minuta<\/strong>\u00a0para elabora\u00e7\u00e3o da regulamenta\u00e7\u00e3o da obje\u00e7\u00e3o da consci\u00eancia -&gt;\u00a0<a href=\"https:\/\/portal.ufrrj.br\/wp-content\/uploads\/2021\/07\/Projeto_Deliberao_Objecao_de_consciencia_-2021.06.18.pdf\">AQUI<\/a><\/p>\n<p>A audi\u00eancia p\u00fablica destacando os\u00a0<strong>pontos fundamentais para a regulamenta\u00e7\u00e3o da obje\u00e7\u00e3o de consci\u00eancia<\/strong>\u00a0foi apresentada na<strong>\u00a0live<\/strong>\u00a0abaixo:<\/p>\n<div class=\"ast-oembed-container\"><iframe loading=\"lazy\" title=\"YouTube video player\" src=\"https:\/\/www.youtube.com\/embed\/hy-LU16_n_M\" width=\"740\" height=\"416\" frameborder=\"0\" allowfullscreen=\"allowfullscreen\"><\/iframe><\/div>\n<p data-fetch=\"true\">Essa\u00a0<strong>audi\u00eancia p\u00fablica<\/strong> envolveu especialistas que defendem o direito dos estudantes de optarem por N\u00c3O usar os animais para pr\u00e1ticas de experimenta\u00e7\u00e3o.<\/p>\n<p>Nesta audi\u00eancia foi levantada a quest\u00e3o de que para reivindicar esse direito, o estudante pode se valer da\u00a0<strong>cl\u00e1usula de obje\u00e7\u00e3o de consci\u00eancia prescrita na Constitui\u00e7\u00e3o Federal<\/strong>\u00a0que d\u00e1 margem ao aluno apresentar um trabalho substitutivo, realizado SEM o uso de animais, permitindo que seja avaliado pelos professores, e ser isento de preju\u00edzos nesta avalia\u00e7\u00e3o.<\/p>\n<p>O mediador dessa audi\u00eancia p\u00fablica, professor<em>\u00a0Luciano Alonso<\/em>\u00a0(ICBS\/UFRRJ), destacou t\u00f3picos presentes na minuta e orientou os estudantes a como procederem quando N\u00c3O quiserem utilizar os animais nas pr\u00e1ticas do curso, bem como elucidou<strong>\u00a0os m\u00e9todos alternativos e substitutivos ao uso de animais<\/strong>\u00a0em diferentes disciplinas.<\/p>\n<p>A respeito dessa quest\u00e3o Luciano Alonso declarou:<\/p>\n<blockquote><p>\u201cO que se prop\u00f5e \u00e9 um ambiente de harmonia, de tranquilidade e constru\u00e7\u00e3o do conhecimento, de<strong>\u00a0avan\u00e7o dos m\u00e9todos cient\u00edficos<\/strong>, incluindo a possibilidade de\u00a0<strong>substitui\u00e7\u00e3o do\u00a0uso de animais<\/strong>\u00a0.\u201d<\/p><\/blockquote>\n<p>Ap\u00f3s todas estas etapas a UFRRJ efetivou o Regulamento da Obje\u00e7\u00e3o de Consci\u00eancia que foi\u00a0<strong>aprovado em 30 de Julho de 2021<\/strong>, estendendo a todos os seus cursos que envolvam atividades com animais.<\/p>\n<p>Veja o\u00a0<strong>conte\u00fado definindo esta regulamenta\u00e7\u00e3o\u00a0<\/strong>-&gt;<a href=\"https:\/\/institucional.ufrrj.br\/soc\/files\/2021\/03\/Delib-266-CEPE-2021.pdf\">AQUI<\/a><\/p>\n<p>Joshua Dylan, aluno do curso de Medicina Veterin\u00e1ria da Rural e membro da Comiss\u00e3o na UFRRJ, foi um dos que\u00a0<strong>defendeu a extens\u00e3o da regulamenta\u00e7\u00e3o para toda a Universidade<\/strong>, declarando:<\/p>\n<blockquote><p>\u201cPara os estudantes \u00e9 de extrema import\u00e2ncia que a obje\u00e7\u00e3o ganhe visibilidade, pois se trata de um avan\u00e7o na\u00a0<strong>prote\u00e7\u00e3o aos direitos individuais<\/strong>, no que tange \u00e0 liberdade de cren\u00e7a, e um refinamento da democracia na prote\u00e7\u00e3o \u00e0s minorias dentro da institui\u00e7\u00e3o.\u201d<\/p><\/blockquote>\n<p>Com mais esse avan\u00e7o, agora \u00e9 torcer e divulgar para que essa medida sirva de exemplo e se espalhe por todas as universidades brasileiras, contribuindo para um\u00a0<strong>ensino mais humano, sens\u00edvel e \u00e9tico com todos os seres<\/strong>.<\/p>\n<p>Conhe\u00e7a outros\u00a0<strong>avan\u00e7os<\/strong>\u00a0pelo fim da\u00a0<a href=\"https:\/\/www.greenme.com.br\/informarse\/animais\/70162-teste-do-nado-forcado-um-dos-testes-em-animais-mais-crueis-que-existem\/\">crueldade envolvendo experimentos em animais<\/a>, nos conte\u00fados abaixo:<\/p>\n<p><a href=\"https:\/\/www.greenme.com.br\/informarse\/animais\/56617-anvisa-reconhece-metodos-alternativos-aos-testes-em-animais\/\">ANVISA reconhece m\u00e9todos alternativos aos testes em animais<\/a><\/p>\n<p><a href=\"https:\/\/www.greenme.com.br\/consumir\/cosmeticos\/68964-california-aprova-lei-que-proibe-testar-cosmeticos-em-animais\/\">Calif\u00f3rnia aprova lei que pro\u00edbe testar cosm\u00e9ticos em animais<\/a><\/p>\n<p><a href=\"https:\/\/www.greenme.com.br\/informarse\/animais\/82446-lei-que-proibe-testes-em-animais-no-rio-de-janeiro\/\">STF valida lei que pro\u00edbe teste em animais no Rio de Janeiro<\/a><\/p>\n<p><a href=\"https:\/\/www.greenme.com.br\/consumir\/cosmeticos\/72442-vitoria-avon-divulga-o-fim-dos-testes-em-animais-em-seus-produtos\/\">Vit\u00f3ria! Avon divulga o FIM dos TESTES em ANIMAIS em seus produtos!<\/a><\/p>\n<p><a href=\"https:\/\/www.greenme.com.br\/informarse\/animais\/69882-noticia-oficial-australia-aprova-lei-pelo-fim-dos-testes-cosmeticos-em-animais\/\">Not\u00edcia oficial: Austr\u00e1lia aprova lei pelo fim dos testes cosm\u00e9ticos em animais!<\/a><\/p>\n","protected":false},"excerpt":{"rendered":"<p>Nos \u00faltimos anos, cientistas e especialistas v\u00eam se empenhando em buscar\u00a0m\u00e9todos alternativos aos testes em<\/p>\n","protected":false},"author":2,"featured_media":152226,"comment_status":"open","ping_status":"open","sticky":false,"template":"","format":"standard","meta":[],"categories":[],"tags":[],"uagb_featured_image_src":{"full":["https:\/\/espacoecologico.com.br\/arquivo\/wp-content\/uploads\/2021\/08\/rato-1.jpg",415,265,false],"thumbnail":["https:\/\/espacoecologico.com.br\/arquivo\/wp-content\/uploads\/2021\/08\/rato-1-150x150.jpg",150,150,true],"medium":["https:\/\/espacoecologico.com.br\/arquivo\/wp-content\/uploads\/2021\/08\/rato-1-300x192.jpg",300,192,true],"medium_large":["https:\/\/espacoecologico.com.br\/arquivo\/wp-content\/uploads\/2021\/08\/rato-1.jpg",415,265,false],"large":["https:\/\/espacoecologico.com.br\/arquivo\/wp-content\/uploads\/2021\/08\/rato-1.jpg",415,265,false],"1536x1536":["https:\/\/espacoecologico.com.br\/arquivo\/wp-content\/uploads\/2021\/08\/rato-1.jpg",415,265,false],"2048x2048":["https:\/\/espacoecologico.com.br\/arquivo\/wp-content\/uploads\/2021\/08\/rato-1.jpg",415,265,false],"cream-magazine-thumbnail-2":["https:\/\/espacoecologico.com.br\/arquivo\/wp-content\/uploads\/2021\/08\/rato-1.jpg",415,265,false],"cream-magazine-thumbnail-3":["https:\/\/espacoecologico.com.br\/arquivo\/wp-content\/uploads\/2021\/08\/rato-1.jpg",415,265,false],"cream-magazine-thumbnail-4":["https:\/\/espacoecologico.com.br\/arquivo\/wp-content\/uploads\/2021\/08\/rato-1.jpg",415,265,false]},"uagb_author_info":{"display_name":"","author_link":"https:\/\/espacoecologico.com.br\/arquivo\/author\/"},"uagb_comment_info":10,"uagb_excerpt":"Nos \u00faltimos anos, cientistas e especialistas v\u00eam se empenhando em buscar\u00a0m\u00e9todos alternativos aos testes em","_links":{"self":[{"href":"https:\/\/espacoecologico.com.br\/arquivo\/wp-json\/wp\/v2\/posts\/152225"}],"collection":[{"href":"https:\/\/espacoecologico.com.br\/arquivo\/wp-json\/wp\/v2\/posts"}],"about":[{"href":"https:\/\/espacoecologico.com.br\/arquivo\/wp-json\/wp\/v2\/types\/post"}],"author":[{"embeddable":true,"href":"https:\/\/espacoecologico.com.br\/arquivo\/wp-json\/wp\/v2\/users\/2"}],"replies":[{"embeddable":true,"href":"https:\/\/espacoecologico.com.br\/arquivo\/wp-json\/wp\/v2\/comments?post=152225"}],"version-history":[{"count":3,"href":"https:\/\/espacoecologico.com.br\/arquivo\/wp-json\/wp\/v2\/posts\/152225\/revisions"}],"predecessor-version":[{"id":152229,"href":"https:\/\/espacoecologico.com.br\/arquivo\/wp-json\/wp\/v2\/posts\/152225\/revisions\/152229"}],"wp:featuredmedia":[{"embeddable":true,"href":"https:\/\/espacoecologico.com.br\/arquivo\/wp-json\/wp\/v2\/media\/152226"}],"wp:attachment":[{"href":"https:\/\/espacoecologico.com.br\/arquivo\/wp-json\/wp\/v2\/media?parent=152225"}],"wp:term":[{"taxonomy":"category","embeddable":true,"href":"https:\/\/espacoecologico.com.br\/arquivo\/wp-json\/wp\/v2\/categories?post=152225"},{"taxonomy":"post_tag","embeddable":true,"href":"https:\/\/espacoecologico.com.br\/arquivo\/wp-json\/wp\/v2\/tags?post=152225"}],"curies":[{"name":"wp","href":"https:\/\/api.w.org\/{rel}","templated":true}]}}