{"id":152218,"date":"2021-08-25T08:00:47","date_gmt":"2021-08-25T11:00:47","guid":{"rendered":"https:\/\/espacoecologico.com.br\/arquivo\/?p=152218"},"modified":"2021-08-24T19:25:58","modified_gmt":"2021-08-24T22:25:58","slug":"terracycle-coleta-brinquedos-descartados-em-programa-de-reciclagem-que-ajuda-instituicoes-sociais","status":"publish","type":"post","link":"https:\/\/espacoecologico.com.br\/arquivo\/terracycle-coleta-brinquedos-descartados-em-programa-de-reciclagem-que-ajuda-instituicoes-sociais\/","title":{"rendered":"Terracycle coleta brinquedos descartados em programa de reciclagem que ajuda institui\u00e7\u00f5es sociais"},"content":{"rendered":"<h1 class=\"entry-title\"><a href=\"https:\/\/espacoecologico.com.br\/arquivo\/?attachment_id=152219\" rel=\"attachment wp-att-152219\"><img loading=\"lazy\" class=\"alignleft size-medium wp-image-152219\" src=\"https:\/\/espacoecologico.com.br\/arquivo\/wp-content\/uploads\/2021\/08\/brinquedo-1-300x192.jpg\" alt=\"\" width=\"300\" height=\"192\" srcset=\"https:\/\/espacoecologico.com.br\/arquivo\/wp-content\/uploads\/2021\/08\/brinquedo-1-300x192.jpg 300w, https:\/\/espacoecologico.com.br\/arquivo\/wp-content\/uploads\/2021\/08\/brinquedo-1.jpg 415w\" sizes=\"(max-width: 300px) 100vw, 300px\" \/><\/a>Programa Nacional coleta brinquedos para reciclagem<\/h1>\n<p>Brincar contribui para o desenvolvimento integral das crian\u00e7as, desenvolvendo capacidades essenciais como aten\u00e7\u00e3o, mem\u00f3ria, coordena\u00e7\u00e3o motora e a imagina\u00e7\u00e3o, al\u00e9m de outras habilidades cognitivas e emocionais. Infelizmente, muitos dos brinquedos dispon\u00edveis hoje s\u00e3o fabricados com pl\u00e1stico, material que representa uma grave amea\u00e7a ambiental.<\/p>\n<p>Em parceria com a fabricante de brinquedos\u00a0<strong>Hasbro<\/strong>, a\u00a0<a href=\"https:\/\/www.terracycle.com\/pt-BR\/\" target=\"_blank\" rel=\"noreferrer noopener\"><strong>TerraCycle<\/strong><\/a>\u00a0mant\u00e9m o\u00a0<strong>Programa Nacional de Reciclagem de Brinquedos<\/strong><strong>\u00a0<\/strong>que recolhe brinquedos quebrados, ou sem condi\u00e7\u00f5es de uso, e os destina \u00e0 reciclagem. As embalagens tamb\u00e9m s\u00e3o recolhidas.<\/p>\n<div class=\"wp-block-image\">\n<figure class=\"aligncenter size-large\"><img loading=\"lazy\" class=\"wp-image-97737 lazy loaded\" src=\"https:\/\/ciclovivo.com.br\/wp-content\/uploads\/2021\/08\/brinquedo-sandy-millar-unsplash-1024x646.jpg?x47657\" sizes=\"(max-width: 1024px) 100vw, 1024px\" srcset=\"https:\/\/ciclovivo.com.br\/wp-content\/uploads\/2021\/08\/brinquedo-sandy-millar-unsplash-1024x646.jpg 1024w, https:\/\/ciclovivo.com.br\/wp-content\/uploads\/2021\/08\/brinquedo-sandy-millar-unsplash-300x189.jpg 300w, https:\/\/ciclovivo.com.br\/wp-content\/uploads\/2021\/08\/brinquedo-sandy-millar-unsplash-150x95.jpg 150w, https:\/\/ciclovivo.com.br\/wp-content\/uploads\/2021\/08\/brinquedo-sandy-millar-unsplash-768x484.jpg 768w, https:\/\/ciclovivo.com.br\/wp-content\/uploads\/2021\/08\/brinquedo-sandy-millar-unsplash-696x439.jpg 696w, https:\/\/ciclovivo.com.br\/wp-content\/uploads\/2021\/08\/brinquedo-sandy-millar-unsplash-1068x674.jpg 1068w, https:\/\/ciclovivo.com.br\/wp-content\/uploads\/2021\/08\/brinquedo-sandy-millar-unsplash-666x420.jpg 666w, https:\/\/ciclovivo.com.br\/wp-content\/uploads\/2021\/08\/brinquedo-sandy-millar-unsplash.jpg 1200w\" alt=\"brinquedos reciclagem\" width=\"640\" height=\"404\" data-src=\"https:\/\/ciclovivo.com.br\/wp-content\/uploads\/2021\/08\/brinquedo-sandy-millar-unsplash-1024x646.jpg?x47657\" data-srcset=\"https:\/\/ciclovivo.com.br\/wp-content\/uploads\/2021\/08\/brinquedo-sandy-millar-unsplash-1024x646.jpg 1024w, https:\/\/ciclovivo.com.br\/wp-content\/uploads\/2021\/08\/brinquedo-sandy-millar-unsplash-300x189.jpg 300w, https:\/\/ciclovivo.com.br\/wp-content\/uploads\/2021\/08\/brinquedo-sandy-millar-unsplash-150x95.jpg 150w, https:\/\/ciclovivo.com.br\/wp-content\/uploads\/2021\/08\/brinquedo-sandy-millar-unsplash-768x484.jpg 768w, https:\/\/ciclovivo.com.br\/wp-content\/uploads\/2021\/08\/brinquedo-sandy-millar-unsplash-696x439.jpg 696w, https:\/\/ciclovivo.com.br\/wp-content\/uploads\/2021\/08\/brinquedo-sandy-millar-unsplash-1068x674.jpg 1068w, https:\/\/ciclovivo.com.br\/wp-content\/uploads\/2021\/08\/brinquedo-sandy-millar-unsplash-666x420.jpg 666w, https:\/\/ciclovivo.com.br\/wp-content\/uploads\/2021\/08\/brinquedo-sandy-millar-unsplash.jpg 1200w\" data-sizes=\"(max-width: 1024px) 100vw, 1024px\" data-was-processed=\"true\" \/><figcaption>Muitos brinquedos s\u00e3o fabricados com material pl\u00e1stico. Foto: Sandy Millar | Unsplash<\/figcaption><\/figure>\n<\/div>\n<p>Nesse programa os res\u00edduos coletados s\u00e3o separados e o material pl\u00e1stico \u00e9 derretido e transformado em pellets, gr\u00e3os pl\u00e1sticos que servem como mat\u00e9ria-prima para a fabrica\u00e7\u00e3o de novos produtos como vasos de plantas, cones de tr\u00e2nsito, caixas de fruta e at\u00e9 playgrounds.<\/p>\n<p>Al\u00e9m de contribuir com uma destina\u00e7\u00e3o mais sustent\u00e1vel de seus brinquedos antigos, os participantes ainda podem ajudar institui\u00e7\u00f5es sem fins lucrativos: para cada 100 gramas de res\u00edduo enviado, o participante receber\u00e1 10 pontos TerraCycle, que equivalentes a R$ 0,10 que ser\u00e3o doados para uma institui\u00e7\u00e3o indicada pelo doador.<\/p>\n<p><strong>Os interessados em participar do programa devem se cadastrar no site da\u00a0<\/strong><a href=\"https:\/\/www.terracycle.com\/pt-BR\/\"><strong>TerraCycle Brasil<\/strong><\/a><strong>. N\u00e3o h\u00e1 taxa de inscri\u00e7\u00e3o e o envio das remessas \u00e9 pago pela TerraCycle! Podem se cadastrar empresas, escolas, organiza\u00e7\u00f5es, pessoa f\u00edsica etc.<\/strong><\/p>\n","protected":false},"excerpt":{"rendered":"<p>Programa Nacional coleta brinquedos para reciclagem Brincar contribui para o desenvolvimento integral das crian\u00e7as, desenvolvendo<\/p>\n","protected":false},"author":2,"featured_media":152219,"comment_status":"open","ping_status":"open","sticky":false,"template":"","format":"standard","meta":[],"categories":[],"tags":[],"uagb_featured_image_src":{"full":["https:\/\/espacoecologico.com.br\/arquivo\/wp-content\/uploads\/2021\/08\/brinquedo-1.jpg",415,265,false],"thumbnail":["https:\/\/espacoecologico.com.br\/arquivo\/wp-content\/uploads\/2021\/08\/brinquedo-1-150x150.jpg",150,150,true],"medium":["https:\/\/espacoecologico.com.br\/arquivo\/wp-content\/uploads\/2021\/08\/brinquedo-1-300x192.jpg",300,192,true],"medium_large":["https:\/\/espacoecologico.com.br\/arquivo\/wp-content\/uploads\/2021\/08\/brinquedo-1.jpg",415,265,false],"large":["https:\/\/espacoecologico.com.br\/arquivo\/wp-content\/uploads\/2021\/08\/brinquedo-1.jpg",415,265,false],"1536x1536":["https:\/\/espacoecologico.com.br\/arquivo\/wp-content\/uploads\/2021\/08\/brinquedo-1.jpg",415,265,false],"2048x2048":["https:\/\/espacoecologico.com.br\/arquivo\/wp-content\/uploads\/2021\/08\/brinquedo-1.jpg",415,265,false],"cream-magazine-thumbnail-2":["https:\/\/espacoecologico.com.br\/arquivo\/wp-content\/uploads\/2021\/08\/brinquedo-1.jpg",415,265,false],"cream-magazine-thumbnail-3":["https:\/\/espacoecologico.com.br\/arquivo\/wp-content\/uploads\/2021\/08\/brinquedo-1.jpg",415,265,false],"cream-magazine-thumbnail-4":["https:\/\/espacoecologico.com.br\/arquivo\/wp-content\/uploads\/2021\/08\/brinquedo-1.jpg",415,265,false]},"uagb_author_info":{"display_name":"","author_link":"https:\/\/espacoecologico.com.br\/arquivo\/author\/"},"uagb_comment_info":8,"uagb_excerpt":"Programa Nacional coleta brinquedos para reciclagem Brincar contribui para o desenvolvimento integral das crian\u00e7as, desenvolvendo","_links":{"self":[{"href":"https:\/\/espacoecologico.com.br\/arquivo\/wp-json\/wp\/v2\/posts\/152218"}],"collection":[{"href":"https:\/\/espacoecologico.com.br\/arquivo\/wp-json\/wp\/v2\/posts"}],"about":[{"href":"https:\/\/espacoecologico.com.br\/arquivo\/wp-json\/wp\/v2\/types\/post"}],"author":[{"embeddable":true,"href":"https:\/\/espacoecologico.com.br\/arquivo\/wp-json\/wp\/v2\/users\/2"}],"replies":[{"embeddable":true,"href":"https:\/\/espacoecologico.com.br\/arquivo\/wp-json\/wp\/v2\/comments?post=152218"}],"version-history":[{"count":5,"href":"https:\/\/espacoecologico.com.br\/arquivo\/wp-json\/wp\/v2\/posts\/152218\/revisions"}],"predecessor-version":[{"id":152224,"href":"https:\/\/espacoecologico.com.br\/arquivo\/wp-json\/wp\/v2\/posts\/152218\/revisions\/152224"}],"wp:featuredmedia":[{"embeddable":true,"href":"https:\/\/espacoecologico.com.br\/arquivo\/wp-json\/wp\/v2\/media\/152219"}],"wp:attachment":[{"href":"https:\/\/espacoecologico.com.br\/arquivo\/wp-json\/wp\/v2\/media?parent=152218"}],"wp:term":[{"taxonomy":"category","embeddable":true,"href":"https:\/\/espacoecologico.com.br\/arquivo\/wp-json\/wp\/v2\/categories?post=152218"},{"taxonomy":"post_tag","embeddable":true,"href":"https:\/\/espacoecologico.com.br\/arquivo\/wp-json\/wp\/v2\/tags?post=152218"}],"curies":[{"name":"wp","href":"https:\/\/api.w.org\/{rel}","templated":true}]}}