{"id":152208,"date":"2021-08-24T13:48:41","date_gmt":"2021-08-24T16:48:41","guid":{"rendered":"https:\/\/espacoecologico.com.br\/arquivo\/?p=152208"},"modified":"2021-08-24T13:48:46","modified_gmt":"2021-08-24T16:48:46","slug":"saiba-o-que-os-plasticos-podem-se-tornar-quando-reciclados","status":"publish","type":"post","link":"https:\/\/espacoecologico.com.br\/arquivo\/saiba-o-que-os-plasticos-podem-se-tornar-quando-reciclados\/","title":{"rendered":"Saiba o que os pl\u00e1sticos podem se tornar quando reciclados"},"content":{"rendered":"<p><a href=\"https:\/\/espacoecologico.com.br\/arquivo\/saiba-o-que-os-plasticos-podem-se-tornar-quando-reciclados\/reciclagem-103\/\" rel=\"attachment wp-att-152209\"><img loading=\"lazy\" class=\"alignleft size-medium wp-image-152209\" src=\"https:\/\/espacoecologico.com.br\/arquivo\/wp-content\/uploads\/2021\/08\/reciclagem-1-300x192.jpg\" alt=\"\" width=\"300\" height=\"192\" srcset=\"https:\/\/espacoecologico.com.br\/arquivo\/wp-content\/uploads\/2021\/08\/reciclagem-1-300x192.jpg 300w, https:\/\/espacoecologico.com.br\/arquivo\/wp-content\/uploads\/2021\/08\/reciclagem-1.jpg 415w\" sizes=\"(max-width: 300px) 100vw, 300px\" \/><\/a>Uma das coisas que todos n\u00f3s podemos fazer para proteger e melhorar nosso meio ambiente \u00e9 reciclar. Vamos dar uma olhada em alguns dos pl\u00e1sticos que voc\u00ea usa no dia a dia para ver no que eles podem se tornar, quando reciclados.<\/p>\n<h3>Garrafas e frascos<\/h3>\n<p>Recipientes de produtos de limpeza dom\u00e9stica e higiene s\u00e3o leves, resistentes e geralmente s\u00e3o feitos de um tipo de pl\u00e1stico diferente das garrafas de bebidas. Quando reciclados, al\u00e9m de novas garrafas e recipientes, podem virar madeira pl\u00e1stica, mesas de piquenique, m\u00f3veis de jardim, equipamentos de playground e lixeiras.<\/p>\n<h3>Sacos e embalagens pl\u00e1sticas<\/h3>\n<p>Esses materiais podem ser transformados tamb\u00e9m em madeira pl\u00e1stica que \u00e9 usada para fazer bancos de parques, decks e cercas de quintais e equipamentos de playground.<\/p>\n<h3>Garrafas PET<\/h3>\n<p>Esses materiais viram camisetas, su\u00e9teres, jaquetas de l\u00e3, isolamento para jaquetas e sacos de dormir, carpetes e mais garrafas. S\u00e3o necess\u00e1rias cerca de 10 garrafas PET para fazer fibra de pl\u00e1stico suficiente para uma nova camiseta, 63 garrafas para fazer um su\u00e9ter, apenas 14 garrafas para criar isolamento de uma jaqueta de esqui e 114 para fazer isolamento de um saco de dormir.<\/p>\n<h3>Tampas de garrafa<\/h3>\n<p>Mesmo que sejam feitas com um tipo de pl\u00e1stico diferente do das garrafas, as tampas devem ser colocadas de volta nas garrafas antes de jog\u00e1-las em latas de reciclagem. Podem ser recicladas em baterias de carro, ancinhos de jardim, recipientes de armazenamento, sacolas de compras reutiliz\u00e1veis, fios, cordas, vassouras e mais tampas de garrafa.<\/p>\n<p><img loading=\"lazy\" class=\"aligncenter  wp-image-52407 td-animation-stack-type0-1\" src=\"https:\/\/www.pensamentoverde.com.br\/wp-content\/uploads\/2021\/08\/o-que-os-plasticos-podem-se-tornar-quando-reciclados2-582x385.jpg\" sizes=\"(max-width: 582px) 100vw, 582px\" srcset=\"https:\/\/www.pensamentoverde.com.br\/wp-content\/uploads\/2021\/08\/o-que-os-plasticos-podem-se-tornar-quando-reciclados2-582x385.jpg 582w, https:\/\/www.pensamentoverde.com.br\/wp-content\/uploads\/2021\/08\/o-que-os-plasticos-podem-se-tornar-quando-reciclados2-696x461.jpg 696w, https:\/\/www.pensamentoverde.com.br\/wp-content\/uploads\/2021\/08\/o-que-os-plasticos-podem-se-tornar-quando-reciclados2-635x420.jpg 635w, https:\/\/www.pensamentoverde.com.br\/wp-content\/uploads\/2021\/08\/o-que-os-plasticos-podem-se-tornar-quando-reciclados2.jpg 739w\" alt=\"\" width=\"639\" height=\"422\" \/><\/p>\n<h3>Embalagem de espuma<\/h3>\n<p>Por incr\u00edvel que pare\u00e7a, a embalagem de espuma pl\u00e1stica, na verdade, \u00e9 composta por mais de 95% de ar! Programas de reciclagem inovadores podem transform\u00e1-las em produtos pl\u00e1sticos como isolamento, molduras, produtos de constru\u00e7\u00e3o e, claro, mais embalagens de espuma.<\/p>\n<h3>Copinhos descart\u00e1veis de caf\u00e9 e \u00e1gua<\/h3>\n<p>Os copos descart\u00e1veis usados em escrit\u00f3rios geralmente s\u00e3o feitos polipropileno, um material que pode ser facilmente inserido no mercado da reciclagem. Um dos resultados mais promissores nesse sentido \u00e9 a produ\u00e7\u00e3o de microfibra feita a partir desses copinhos para aplica\u00e7\u00e3o na ind\u00fastria t\u00eaxtil \u2013 e que j\u00e1 \u00e9 uma alternativa a um custo mais acess\u00edvel e vi\u00e1vel para atender a essa demanda. Os tecidos fabricados com as microfibras de polipropileno com material reciclado tamb\u00e9m s\u00e3o recicl\u00e1veis e, ao final da vida \u00fatil, se descartados adequadamente, poder\u00e3o ser transformados em novas malhas ou outros produtos.<\/p>\n<p>E uma maneira de fazer com que os esses materiais tenham um destino sustent\u00e1vel \u00e9 aderindo ao\u00a0Programa de Reciclagem de Copos Descart\u00e1veis, uma iniciativa da\u00a0Braskem\u00a0em parceria com a\u00a0Din\u00e2mica Ambiental\u00a0e que conta com o apoio das empresas\u00a0Copobras,\u00a0Altacoppo,\u00a0Unigel\u00a0e\u00a0Innova.<\/p>\n<p>Neste trabalho, a equipe da\u00a0Din\u00e2mica Ambiental\u00a0coleta os copos descart\u00e1veis nas empresas participantes e os encaminha para a triagem e reciclagem, para depois serem empregados na fabrica\u00e7\u00e3o de novos produtos, como tampas para cosm\u00e9ticos, utens\u00edlios dom\u00e9sticos, entre outros.<\/p>\n<p>Se voc\u00ea tamb\u00e9m deseja conhecer mais e fazer parte da solu\u00e7\u00e3o para o descarte correto dos copos pl\u00e1sticos, acesse\u00a0<a href=\"https:\/\/www.pensamentoverde.com.br\/imgreen\/programa-de-reciclagem-de-copos-descartaveis\/\" target=\"_blank\" rel=\"noopener\">aqui<\/a>\u00a0o site da plataforma.<\/p>\n","protected":false},"excerpt":{"rendered":"<p>Uma das coisas que todos n\u00f3s podemos fazer para proteger e melhorar nosso meio ambiente<\/p>\n","protected":false},"author":2,"featured_media":152209,"comment_status":"open","ping_status":"open","sticky":false,"template":"","format":"standard","meta":[],"categories":[],"tags":[],"uagb_featured_image_src":{"full":["https:\/\/espacoecologico.com.br\/arquivo\/wp-content\/uploads\/2021\/08\/reciclagem-1.jpg",415,265,false],"thumbnail":["https:\/\/espacoecologico.com.br\/arquivo\/wp-content\/uploads\/2021\/08\/reciclagem-1-150x150.jpg",150,150,true],"medium":["https:\/\/espacoecologico.com.br\/arquivo\/wp-content\/uploads\/2021\/08\/reciclagem-1-300x192.jpg",300,192,true],"medium_large":["https:\/\/espacoecologico.com.br\/arquivo\/wp-content\/uploads\/2021\/08\/reciclagem-1.jpg",415,265,false],"large":["https:\/\/espacoecologico.com.br\/arquivo\/wp-content\/uploads\/2021\/08\/reciclagem-1.jpg",415,265,false],"1536x1536":["https:\/\/espacoecologico.com.br\/arquivo\/wp-content\/uploads\/2021\/08\/reciclagem-1.jpg",415,265,false],"2048x2048":["https:\/\/espacoecologico.com.br\/arquivo\/wp-content\/uploads\/2021\/08\/reciclagem-1.jpg",415,265,false],"cream-magazine-thumbnail-2":["https:\/\/espacoecologico.com.br\/arquivo\/wp-content\/uploads\/2021\/08\/reciclagem-1.jpg",415,265,false],"cream-magazine-thumbnail-3":["https:\/\/espacoecologico.com.br\/arquivo\/wp-content\/uploads\/2021\/08\/reciclagem-1.jpg",415,265,false],"cream-magazine-thumbnail-4":["https:\/\/espacoecologico.com.br\/arquivo\/wp-content\/uploads\/2021\/08\/reciclagem-1.jpg",415,265,false]},"uagb_author_info":{"display_name":"","author_link":"https:\/\/espacoecologico.com.br\/arquivo\/author\/"},"uagb_comment_info":6,"uagb_excerpt":"Uma das coisas que todos n\u00f3s podemos fazer para proteger e melhorar nosso meio ambiente","_links":{"self":[{"href":"https:\/\/espacoecologico.com.br\/arquivo\/wp-json\/wp\/v2\/posts\/152208"}],"collection":[{"href":"https:\/\/espacoecologico.com.br\/arquivo\/wp-json\/wp\/v2\/posts"}],"about":[{"href":"https:\/\/espacoecologico.com.br\/arquivo\/wp-json\/wp\/v2\/types\/post"}],"author":[{"embeddable":true,"href":"https:\/\/espacoecologico.com.br\/arquivo\/wp-json\/wp\/v2\/users\/2"}],"replies":[{"embeddable":true,"href":"https:\/\/espacoecologico.com.br\/arquivo\/wp-json\/wp\/v2\/comments?post=152208"}],"version-history":[{"count":2,"href":"https:\/\/espacoecologico.com.br\/arquivo\/wp-json\/wp\/v2\/posts\/152208\/revisions"}],"predecessor-version":[{"id":152211,"href":"https:\/\/espacoecologico.com.br\/arquivo\/wp-json\/wp\/v2\/posts\/152208\/revisions\/152211"}],"wp:featuredmedia":[{"embeddable":true,"href":"https:\/\/espacoecologico.com.br\/arquivo\/wp-json\/wp\/v2\/media\/152209"}],"wp:attachment":[{"href":"https:\/\/espacoecologico.com.br\/arquivo\/wp-json\/wp\/v2\/media?parent=152208"}],"wp:term":[{"taxonomy":"category","embeddable":true,"href":"https:\/\/espacoecologico.com.br\/arquivo\/wp-json\/wp\/v2\/categories?post=152208"},{"taxonomy":"post_tag","embeddable":true,"href":"https:\/\/espacoecologico.com.br\/arquivo\/wp-json\/wp\/v2\/tags?post=152208"}],"curies":[{"name":"wp","href":"https:\/\/api.w.org\/{rel}","templated":true}]}}