{"id":152204,"date":"2021-08-24T13:44:06","date_gmt":"2021-08-24T16:44:06","guid":{"rendered":"https:\/\/espacoecologico.com.br\/arquivo\/?p=152204"},"modified":"2021-08-24T13:44:09","modified_gmt":"2021-08-24T16:44:09","slug":"exposicao-a-fumaca-de-queimadas-na-gravidez-aumenta-o-risco-de-parto-prematuro","status":"publish","type":"post","link":"https:\/\/espacoecologico.com.br\/arquivo\/exposicao-a-fumaca-de-queimadas-na-gravidez-aumenta-o-risco-de-parto-prematuro\/","title":{"rendered":"Exposi\u00e7\u00e3o a fuma\u00e7a de queimadas na gravidez aumenta o risco de parto prematuro"},"content":{"rendered":"<div class=\"story tbl-forkorts-article\">\n<p><a href=\"https:\/\/espacoecologico.com.br\/arquivo\/exposicao-a-fumaca-de-queimadas-na-gravidez-aumenta-o-risco-de-parto-prematuro\/gravida-28\/\" rel=\"attachment wp-att-152205\"><img loading=\"lazy\" class=\"alignleft size-medium wp-image-152205\" src=\"https:\/\/espacoecologico.com.br\/arquivo\/wp-content\/uploads\/2021\/08\/gravida-300x192.jpg\" alt=\"\" width=\"300\" height=\"192\" srcset=\"https:\/\/espacoecologico.com.br\/arquivo\/wp-content\/uploads\/2021\/08\/gravida-300x192.jpg 300w, https:\/\/espacoecologico.com.br\/arquivo\/wp-content\/uploads\/2021\/08\/gravida.jpg 415w\" sizes=\"(max-width: 300px) 100vw, 300px\" \/><\/a>A exposi\u00e7\u00e3o \u00e0 fuma\u00e7a de queimadas durante a gravidez aumenta o risco de um beb\u00ea nascer prematuramente, sugere um novo estudo da Universidade de Stanford. Em tempos de clima seco e com o\u00a0aumento de inc\u00eandios e queimadas pelo pa\u00eds, o alerta ganha ainda mais relev\u00e2ncia.<\/p>\n<p>O estudo, publicado em 14 de agosto na Environmental Research, concluiu que pode ter havido at\u00e9 7.000 nascimentos prematuros extras na Calif\u00f3rnia, atribu\u00eddos \u00e0 exposi\u00e7\u00e3o \u00e0 fuma\u00e7a de inc\u00eandio florestal entre 2007 e 2012. Esses nascimentos ocorreram antes de 37 semanas de gesta\u00e7\u00e3o, quando o desenvolvimento incompleto aumenta o risco de v\u00e1rias complica\u00e7\u00f5es neurodesenvolvimentais, gastrointestinais e respirat\u00f3rias e, eventualmente, at\u00e9 o \u00f3bito do rec\u00e9m-nascido.<\/p>\n<p>A fuma\u00e7a do inc\u00eandio cont\u00e9m altos n\u00edveis do menor, por\u00e9m mais mortal, tipo de polui\u00e7\u00e3o por part\u00edculas, conhecido como PM 2.5. Essas part\u00edculas de fuligem t\u00f3xica, ou part\u00edculas em suspens\u00e3o, s\u00e3o t\u00e3o finas que podem se inserir profundamente nos pulm\u00f5es e passar para a corrente sangu\u00ednea, assim como as mol\u00e9culas de oxig\u00eanio de que precisamos para sobreviver.<\/p>\n<p>A pesquisa surge no momento em que grandes inc\u00eandios florestais est\u00e3o novamente atingindo paisagens \u00e1ridas no oeste dos EUA \u2014 e apenas um ano depois de uma temporada hist\u00f3rica de inc\u00eandios florestais que incendiou mais de 4 milh\u00f5es de acres na Calif\u00f3rnia e produziu um dos piores \u00edndices de polui\u00e7\u00e3o atmosf\u00e9rica di\u00e1ria j\u00e1 registrados no estado. Durante a temporada de inc\u00eandios de 2020, mais da metade da popula\u00e7\u00e3o do estado foi submetida a um m\u00eas de n\u00edveis de fuma\u00e7a de inc\u00eandios florestais que ficaram na faixa de insalubres a perigosos.<\/p>\n<p>Este ano pode ser pior, disse o economista ambiental de Stanford Marshall Burke, co-autor do novo estudo. E, no entanto, muito segue desconhecido sobre os impactos na sa\u00fade dessas part\u00edculas nocivas, que contribuem com uma parcela crescente da polui\u00e7\u00e3o por part\u00edculas finas em todo o pa\u00eds e t\u00eam uma composi\u00e7\u00e3o qu\u00edmica diferente de outras fontes ambientais de PM 2.5, como agricultura, emiss\u00f5es de escapamento e ind\u00fastria.<\/p>\n<p>Uma poss\u00edvel explica\u00e7\u00e3o para a liga\u00e7\u00e3o entre a exposi\u00e7\u00e3o \u00e0 fuma\u00e7a de queimadas e o nascimento prematuro, dizem os autores, \u00e9 que a polui\u00e7\u00e3o pode desencadear uma resposta inflamat\u00f3ria, que, ent\u00e3o, aciona o parto. O aumento do risco \u00e9 relativamente pequeno no contexto de todos os fatores que contribuem para o nascimento de um beb\u00ea saud\u00e1vel, em pleno desenvolvimento.<\/p>\n<h2>Eventos clim\u00e1ticos extremos e progn\u00f3stico ruim<\/h2>\n<p>Os resultados do novo estudo mostram que a fuma\u00e7a dos inc\u00eandios florestais pode ter contribu\u00eddo para mais de 6% dos nascimentos prematuros na Calif\u00f3rnia no pior ano de queimadas do per\u00edodo observado no estudo, 2008, quando uma forte tempestade com rel\u00e2mpagos, ventos fortes, altas temperaturas e uma paisagem \u00e1rida formaram a &#8220;tempestade perfeita&#8221; que culminou em uma mortal e destruidora temporada de inc\u00eandios \u2014 que agora foi ofuscada pelos n\u00fameros recordes de 2020, al\u00e9m de fogos cont\u00ednuos, como o inc\u00eandio Dixie no norte da Calif\u00f3rnia.<\/p>\n<p>&#8220;No futuro, prevemos uma exposi\u00e7\u00e3o mais frequente e intensa \u00e0 fuma\u00e7a de inc\u00eandios florestais em toda a costa oeste\u00a0<em>(dos Estados Unidos)<\/em>\u00a0devido a uma conflu\u00eancia de fatores, incluindo mudan\u00e7as clim\u00e1ticas, um s\u00e9culo de supress\u00e3o de inc\u00eandios e constru\u00e7\u00e3o de mais casas ao longo das franjas das florestas mais suscet\u00edveis a inc\u00eandios. Como resultado, os danos da exposi\u00e7\u00e3o \u00e0 fuma\u00e7a na sa\u00fade \u2014 incluindo partos prematuros \u2014 tendem a aumentar&#8221;, disse o autor principal do estudo, Sam Heft-Neal, pesquisador do Centro de Seguran\u00e7a Alimentar e Meio Ambiente de Stanford.<\/p>\n<p>Segundo os pesquisadores, tamb\u00e9m trata-se de um problema econ\u00f4mico de sa\u00fade p\u00fablica, visto que os partos prematuros custam ao sistema de sa\u00fade americano cerca de US$ 25 bilh\u00f5es por ano, ent\u00e3o mesmo redu\u00e7\u00f5es modestas nos riscos de nascimentos prematuros podem render &#8220;enormes benef\u00edcios para a sociedade&#8221;, disse Marshall Burke, professor associado de ci\u00eancia do sistema terrestre na Escola de Terra, Energia e Meio Ambiente de Stanford.<\/p>\n<p>&#8220;Nossa pesquisa destaca que reduzir o risco de inc\u00eandios florestais e a polui\u00e7\u00e3o do ar que o acompanha \u00e9 uma forma de alcan\u00e7ar esses benef\u00edcios sociais.&#8221;<\/p>\n<h2>&#8216;N\u00e3o existe n\u00edvel seguro de exposi\u00e7\u00e3o&#8217;<\/h2>\n<p>Os pesquisadores analisaram dados de sat\u00e9lite das nuvens de fuma\u00e7a fornecidos pela Administra\u00e7\u00e3o Oce\u00e2nica e Atmosf\u00e9rica Nacional (NOAA) para identificar dias de fuma\u00e7a para cada um dos 2.610 c\u00f3digos postais. Eles compararam esses dados com estimativas de polui\u00e7\u00e3o de PM 2.5 no n\u00edvel do solo, que foram desenvolvidas usando o algoritmo de uma intelig\u00eancia que incorpora dados de sensores de qualidade do ar, observa\u00e7\u00f5es de sat\u00e9lite e modelos de computador de como os produtos qu\u00edmicos se movem na atmosfera da Terra.<\/p>\n<p>Na sequ\u00eancia, extra\u00edram dados adicionais dos registros de nascimento da Calif\u00f3rnia, excluindo g\u00eameos, trig\u00eameos e m\u00faltiplos mais altos, partos que geralmente ocorrem antes de 37 semanas.<\/p>\n<p>Depois de considerar outros fatores conhecidos por influenciar o risco de nascimento prematuro, como temperatura, exposi\u00e7\u00e3o \u00e0 polui\u00e7\u00e3o e idade, renda, ra\u00e7a ou origem \u00e9tnica da m\u00e3e, eles observaram como os padr\u00f5es de nascimento prematuro em cada CEP mudavam quando o n\u00famero e a intensidade dos dias de fuma\u00e7a subiam acima do normal para aquele local.<\/p>\n<p>Os cientistas descobriram que cada dia adicional de exposi\u00e7\u00e3o \u00e0 fuma\u00e7a durante a gravidez aumentava o risco de parto prematuro, independentemente de ra\u00e7a, etnia ou renda. E uma semana inteira de exposi\u00e7\u00e3o se traduziu em um risco 3,4% maior em rela\u00e7\u00e3o a uma m\u00e3e que n\u00e3o foi exposta \u00e0 fuma\u00e7a de um inc\u00eandio florestal.<\/p>\n<p>A exposi\u00e7\u00e3o \u00e0 fuma\u00e7a intensa durante o segundo trimestre \u2014 entre 14 e 26 semanas de gravidez \u2014 teve o impacto mais forte, especialmente quando a fuma\u00e7a contribuiu com mais de 5 microgramas adicionais por metro c\u00fabico para as concentra\u00e7\u00f5es di\u00e1rias de PM 2,5.<\/p>\n<p>&#8220;Se algu\u00e9m puder evitar a exposi\u00e7\u00e3o \u00e0 fuma\u00e7a permanecendo em ambientes fechados ou usando uma m\u00e1scara apropriada ao ar livre, isso seria uma boa pr\u00e1tica de sa\u00fade para todos&#8221;, disse Shaw.<\/p>\n<p>As descobertas baseiam-se em uma liga\u00e7\u00e3o estabelecida entre a polui\u00e7\u00e3o por part\u00edculas e resultados adversos do nascimento, incluindo nascimento prematuro, baixo peso ao nascer e mortalidade infantil. Mas o estudo est\u00e1 entre os primeiros a isolar o efeito da fuma\u00e7a do inc\u00eandio em nascimentos prematuros e a destacar a import\u00e2ncia do tempo de exposi\u00e7\u00e3o.<\/p>\n<p>\u201cNosso trabalho, junto com uma s\u00e9rie de outros artigos recentes, mostra claramente que n\u00e3o h\u00e1 um n\u00edvel seguro de exposi\u00e7\u00e3o a part\u00edculas. Qualquer exposi\u00e7\u00e3o acima de zero pode piorar os impactos na sa\u00fade\u201d, disse Burke, que tamb\u00e9m \u00e9 vice-diretor do Centro de Seguran\u00e7a Alimentar e o Meio Ambiente e um membro s\u00eanior do Freeman Spogli Institute for International Studies de Stanford.<\/p>\n<p>&#8220;Embora seja extremamente dif\u00edcil para a sociedade eliminar totalmente todos os poluentes do ar, nossa pesquisa sugere que redu\u00e7\u00f5es adicionais nos principais poluentes abaixo dos atuais n\u00edveis &#8216;aceit\u00e1veis&#8217; podem ser extremamente ben\u00e9ficas para a sa\u00fade p\u00fablica&#8221;, concluiu.<\/p>\n<\/div>\n","protected":false},"excerpt":{"rendered":"<p>A exposi\u00e7\u00e3o \u00e0 fuma\u00e7a de queimadas durante a gravidez aumenta o risco de um beb\u00ea<\/p>\n","protected":false},"author":2,"featured_media":152205,"comment_status":"open","ping_status":"open","sticky":false,"template":"","format":"standard","meta":[],"categories":[],"tags":[],"uagb_featured_image_src":{"full":["https:\/\/espacoecologico.com.br\/arquivo\/wp-content\/uploads\/2021\/08\/gravida.jpg",415,265,false],"thumbnail":["https:\/\/espacoecologico.com.br\/arquivo\/wp-content\/uploads\/2021\/08\/gravida-150x150.jpg",150,150,true],"medium":["https:\/\/espacoecologico.com.br\/arquivo\/wp-content\/uploads\/2021\/08\/gravida-300x192.jpg",300,192,true],"medium_large":["https:\/\/espacoecologico.com.br\/arquivo\/wp-content\/uploads\/2021\/08\/gravida.jpg",415,265,false],"large":["https:\/\/espacoecologico.com.br\/arquivo\/wp-content\/uploads\/2021\/08\/gravida.jpg",415,265,false],"1536x1536":["https:\/\/espacoecologico.com.br\/arquivo\/wp-content\/uploads\/2021\/08\/gravida.jpg",415,265,false],"2048x2048":["https:\/\/espacoecologico.com.br\/arquivo\/wp-content\/uploads\/2021\/08\/gravida.jpg",415,265,false],"cream-magazine-thumbnail-2":["https:\/\/espacoecologico.com.br\/arquivo\/wp-content\/uploads\/2021\/08\/gravida.jpg",415,265,false],"cream-magazine-thumbnail-3":["https:\/\/espacoecologico.com.br\/arquivo\/wp-content\/uploads\/2021\/08\/gravida.jpg",415,265,false],"cream-magazine-thumbnail-4":["https:\/\/espacoecologico.com.br\/arquivo\/wp-content\/uploads\/2021\/08\/gravida.jpg",415,265,false]},"uagb_author_info":{"display_name":"","author_link":"https:\/\/espacoecologico.com.br\/arquivo\/author\/"},"uagb_comment_info":8,"uagb_excerpt":"A exposi\u00e7\u00e3o \u00e0 fuma\u00e7a de queimadas durante a gravidez aumenta o risco de um beb\u00ea","_links":{"self":[{"href":"https:\/\/espacoecologico.com.br\/arquivo\/wp-json\/wp\/v2\/posts\/152204"}],"collection":[{"href":"https:\/\/espacoecologico.com.br\/arquivo\/wp-json\/wp\/v2\/posts"}],"about":[{"href":"https:\/\/espacoecologico.com.br\/arquivo\/wp-json\/wp\/v2\/types\/post"}],"author":[{"embeddable":true,"href":"https:\/\/espacoecologico.com.br\/arquivo\/wp-json\/wp\/v2\/users\/2"}],"replies":[{"embeddable":true,"href":"https:\/\/espacoecologico.com.br\/arquivo\/wp-json\/wp\/v2\/comments?post=152204"}],"version-history":[{"count":2,"href":"https:\/\/espacoecologico.com.br\/arquivo\/wp-json\/wp\/v2\/posts\/152204\/revisions"}],"predecessor-version":[{"id":152207,"href":"https:\/\/espacoecologico.com.br\/arquivo\/wp-json\/wp\/v2\/posts\/152204\/revisions\/152207"}],"wp:featuredmedia":[{"embeddable":true,"href":"https:\/\/espacoecologico.com.br\/arquivo\/wp-json\/wp\/v2\/media\/152205"}],"wp:attachment":[{"href":"https:\/\/espacoecologico.com.br\/arquivo\/wp-json\/wp\/v2\/media?parent=152204"}],"wp:term":[{"taxonomy":"category","embeddable":true,"href":"https:\/\/espacoecologico.com.br\/arquivo\/wp-json\/wp\/v2\/categories?post=152204"},{"taxonomy":"post_tag","embeddable":true,"href":"https:\/\/espacoecologico.com.br\/arquivo\/wp-json\/wp\/v2\/tags?post=152204"}],"curies":[{"name":"wp","href":"https:\/\/api.w.org\/{rel}","templated":true}]}}