{"id":152196,"date":"2021-08-24T13:31:22","date_gmt":"2021-08-24T16:31:22","guid":{"rendered":"https:\/\/espacoecologico.com.br\/arquivo\/?p=152196"},"modified":"2021-08-24T13:31:24","modified_gmt":"2021-08-24T16:31:24","slug":"india-proibe-longa-lista-de-plasticos-descartaveis-a-partir-de-2022","status":"publish","type":"post","link":"https:\/\/espacoecologico.com.br\/arquivo\/india-proibe-longa-lista-de-plasticos-descartaveis-a-partir-de-2022\/","title":{"rendered":"\u00cdndia pro\u00edbe longa lista de pl\u00e1sticos descart\u00e1veis a partir de 2022"},"content":{"rendered":"<h2 class=\"entry-subtitle font-weight-medium\"><a href=\"https:\/\/espacoecologico.com.br\/arquivo\/india-proibe-longa-lista-de-plasticos-descartaveis-a-partir-de-2022\/plastico-85\/\" rel=\"attachment wp-att-152197\"><img loading=\"lazy\" class=\"alignleft size-medium wp-image-152197\" src=\"https:\/\/espacoecologico.com.br\/arquivo\/wp-content\/uploads\/2021\/08\/plastico-1-300x192.jpg\" alt=\"\" width=\"300\" height=\"192\" srcset=\"https:\/\/espacoecologico.com.br\/arquivo\/wp-content\/uploads\/2021\/08\/plastico-1-300x192.jpg 300w, https:\/\/espacoecologico.com.br\/arquivo\/wp-content\/uploads\/2021\/08\/plastico-1.jpg 415w\" sizes=\"(max-width: 300px) 100vw, 300px\" \/><\/a>Pa\u00eds gera cerca de 25.940 toneladas de res\u00edduos de pl\u00e1stico por dia e aproximadamente 9,46 milh\u00f5es de toneladas de res\u00edduos de pl\u00e1stico por ano<\/h2>\n<p>A \u00cdndia, segundo pa\u00eds mais populoso do mundo, anuncia a proibi\u00e7\u00e3o da fabrica\u00e7\u00e3o, venda e uso de uma variedade de\u00a0pl\u00e1sticos descart\u00e1veis, como talheres, pratos e sacolas, a partir de julho de 2022. As novas disposi\u00e7\u00f5es n\u00e3o se aplicam a produtos feitos de pl\u00e1stico compost\u00e1vel.<\/p>\n<div class=\"entry-content pt-3 mt-3\">\n<p>Al\u00e9m disso, ser\u00e1 responsabilidade do fabricante, importador e\/ou propriet\u00e1rio da marca descartar quaisquer outros pl\u00e1sticos que n\u00e3o sejam mais considerados \u00fateis para os consumidores. A longa lista inclui palitos, canudos, copos, embalagens, cart\u00f5es e itens pl\u00e1sticos de ma\u00e7os de cigarro, entre outros.<\/p>\n<p>O Minist\u00e9rio do Meio Ambiente tamb\u00e9m criou uma for\u00e7a-tarefa nacional para estudar a elimina\u00e7\u00e3o de outros tipos pl\u00e1sticos descart\u00e1veis. Atualmente, o \u00f3rg\u00e3o trabalha em conjunto com 14 estados para reciclar de forma respons\u00e1vel os recipientes de pl\u00e1stico recicl\u00e1veis, como garrafas de \u00e1gua.<\/p>\n<h2><span id=\"Esforco-global\">Esfor\u00e7o global<\/span><\/h2>\n<p>Em 2019, Canad\u00e1, Fran\u00e7a, Alemanha, Reino Unido e It\u00e1lia, assim como toda a Uni\u00e3o Europeia, assinaram uma carta contra a polui\u00e7\u00e3o pl\u00e1stica nos oceanos durante a c\u00fapula do G7, em Quebec. No texto, as na\u00e7\u00f5es se comprometeram a tornar 100% dos pl\u00e1sticos recicl\u00e1veis, recuper\u00e1veis e reutiliz\u00e1veis em todo o mundo at\u00e9 2030.<\/p>\n<p>Desde ent\u00e3o, 21 pa\u00edses assinaram o conv\u00eanio, de acordo com Trudeau, e a\u00a0UE aprovou uma legisla\u00e7\u00e3o\u00a0para proibir os dez produtos de pl\u00e1stico de uso \u00fanico mais comuns, que juntos representam 70% dos dejetos que inundam praias e oceanos.<\/p>\n<p>Em junho deste ano, o Chile aprovou uma lei que pro\u00edbe pl\u00e1sticos de uso \u00fanico no pa\u00eds. J\u00e1 em 2020, o Canad\u00e1 se juntou \u00e0 lista crescente de pa\u00edses que pro\u00edbem a circula\u00e7\u00e3o de produtos de pl\u00e1stico de uso \u00fanico. Agora, \u00e9 a vez da \u00cdndia. Outros pa\u00edses, como o Qu\u00eania, Zimb\u00e1bue e China, bem como alguns estados dos EUA, contam com legisla\u00e7\u00f5es espec\u00edficas para tratar com maior rigidez o problema causado pela polui\u00e7\u00e3o por pl\u00e1stico.<\/p>\n<h2><span id=\"A-situacao-do-plastico-na-India\">A situa\u00e7\u00e3o do pl\u00e1stico na \u00cdndia<\/span><\/h2>\n<p>Uma estimativa do\u00a0Conselho Central de Controle de Polui\u00e7\u00e3o afirma que a \u00cdndia gera cerca de 25.940 toneladas de res\u00edduos de pl\u00e1stico por dia e aproximadamente 9,46 milh\u00f5es de toneladas de res\u00edduos de pl\u00e1stico por ano.<\/p>\n<p>Desse total, cerca de 60% dos res\u00edduos pl\u00e1sticos (15.384 toneladas) s\u00e3o coletados e reciclados, enquanto o restante n\u00e3o \u00e9 coletado e jogado no meio ambiente.<\/p>\n<p>A \u00cdndia agora est\u00e1 tentando se posicionar fortemente contra os pl\u00e1sticos e a polui\u00e7\u00e3o por pl\u00e1sticos, proibindo a venda e o uso de pl\u00e1sticos descart\u00e1veis. Entram nessa classifica\u00e7\u00e3o quaisquer mercadorias feitas de pl\u00e1stico, destinadas a serem usadas uma vez antes do descarte ou do envio para a reciclagem.<\/p>\n<p>Para isso, o Minist\u00e9rio do Meio Ambiente, Florestas e Mudan\u00e7as Clim\u00e1ticas (MoEFCC) introduziu um novo conjunto de diretrizes, intitulado\u00a0<em>Plastic Waste Management Amendment Rules<\/em>\u00a0(\u201cLeis de Altera\u00e7\u00e3o de Gerenciamento de Res\u00edduos de Pl\u00e1stico, 2021\u201d). Essas diretrizes substituem a\u00a0Lei de Gerenciamento de Res\u00edduos Pl\u00e1sticos de 2016, que j\u00e1 havia sido alterada em 2018, quando o primeiro-ministro Narendra Modi declarou que a \u00cdndia eliminaria pl\u00e1sticos de uso \u00fanico at\u00e9 2022.<\/p>\n<\/div>\n","protected":false},"excerpt":{"rendered":"<p>Pa\u00eds gera cerca de 25.940 toneladas de res\u00edduos de pl\u00e1stico por dia e aproximadamente 9,46<\/p>\n","protected":false},"author":2,"featured_media":152197,"comment_status":"open","ping_status":"open","sticky":false,"template":"","format":"standard","meta":[],"categories":[],"tags":[],"uagb_featured_image_src":{"full":["https:\/\/espacoecologico.com.br\/arquivo\/wp-content\/uploads\/2021\/08\/plastico-1.jpg",415,265,false],"thumbnail":["https:\/\/espacoecologico.com.br\/arquivo\/wp-content\/uploads\/2021\/08\/plastico-1-150x150.jpg",150,150,true],"medium":["https:\/\/espacoecologico.com.br\/arquivo\/wp-content\/uploads\/2021\/08\/plastico-1-300x192.jpg",300,192,true],"medium_large":["https:\/\/espacoecologico.com.br\/arquivo\/wp-content\/uploads\/2021\/08\/plastico-1.jpg",415,265,false],"large":["https:\/\/espacoecologico.com.br\/arquivo\/wp-content\/uploads\/2021\/08\/plastico-1.jpg",415,265,false],"1536x1536":["https:\/\/espacoecologico.com.br\/arquivo\/wp-content\/uploads\/2021\/08\/plastico-1.jpg",415,265,false],"2048x2048":["https:\/\/espacoecologico.com.br\/arquivo\/wp-content\/uploads\/2021\/08\/plastico-1.jpg",415,265,false],"cream-magazine-thumbnail-2":["https:\/\/espacoecologico.com.br\/arquivo\/wp-content\/uploads\/2021\/08\/plastico-1.jpg",415,265,false],"cream-magazine-thumbnail-3":["https:\/\/espacoecologico.com.br\/arquivo\/wp-content\/uploads\/2021\/08\/plastico-1.jpg",415,265,false],"cream-magazine-thumbnail-4":["https:\/\/espacoecologico.com.br\/arquivo\/wp-content\/uploads\/2021\/08\/plastico-1.jpg",415,265,false]},"uagb_author_info":{"display_name":"","author_link":"https:\/\/espacoecologico.com.br\/arquivo\/author\/"},"uagb_comment_info":7,"uagb_excerpt":"Pa\u00eds gera cerca de 25.940 toneladas de res\u00edduos de pl\u00e1stico por dia e aproximadamente 9,46","_links":{"self":[{"href":"https:\/\/espacoecologico.com.br\/arquivo\/wp-json\/wp\/v2\/posts\/152196"}],"collection":[{"href":"https:\/\/espacoecologico.com.br\/arquivo\/wp-json\/wp\/v2\/posts"}],"about":[{"href":"https:\/\/espacoecologico.com.br\/arquivo\/wp-json\/wp\/v2\/types\/post"}],"author":[{"embeddable":true,"href":"https:\/\/espacoecologico.com.br\/arquivo\/wp-json\/wp\/v2\/users\/2"}],"replies":[{"embeddable":true,"href":"https:\/\/espacoecologico.com.br\/arquivo\/wp-json\/wp\/v2\/comments?post=152196"}],"version-history":[{"count":2,"href":"https:\/\/espacoecologico.com.br\/arquivo\/wp-json\/wp\/v2\/posts\/152196\/revisions"}],"predecessor-version":[{"id":152199,"href":"https:\/\/espacoecologico.com.br\/arquivo\/wp-json\/wp\/v2\/posts\/152196\/revisions\/152199"}],"wp:featuredmedia":[{"embeddable":true,"href":"https:\/\/espacoecologico.com.br\/arquivo\/wp-json\/wp\/v2\/media\/152197"}],"wp:attachment":[{"href":"https:\/\/espacoecologico.com.br\/arquivo\/wp-json\/wp\/v2\/media?parent=152196"}],"wp:term":[{"taxonomy":"category","embeddable":true,"href":"https:\/\/espacoecologico.com.br\/arquivo\/wp-json\/wp\/v2\/categories?post=152196"},{"taxonomy":"post_tag","embeddable":true,"href":"https:\/\/espacoecologico.com.br\/arquivo\/wp-json\/wp\/v2\/tags?post=152196"}],"curies":[{"name":"wp","href":"https:\/\/api.w.org\/{rel}","templated":true}]}}