{"id":152179,"date":"2021-08-24T12:00:47","date_gmt":"2021-08-24T15:00:47","guid":{"rendered":"https:\/\/espacoecologico.com.br\/arquivo\/?p=152179"},"modified":"2021-08-23T19:48:17","modified_gmt":"2021-08-23T22:48:17","slug":"estudo-revela-idade-em-que-metabolismo-atinge-pico-e-comeca-a-cair","status":"publish","type":"post","link":"https:\/\/espacoecologico.com.br\/arquivo\/estudo-revela-idade-em-que-metabolismo-atinge-pico-e-comeca-a-cair\/","title":{"rendered":"Estudo revela idade em que metabolismo atinge pico e come\u00e7a a cair"},"content":{"rendered":"<div class=\"bbc-19j92fr e57qer20\" dir=\"ltr\">\n<p class=\"bbc-bm53ic e1cc2ql70\" dir=\"ltr\"><b><a href=\"https:\/\/espacoecologico.com.br\/arquivo\/?attachment_id=152180\" rel=\"attachment wp-att-152180\"><img loading=\"lazy\" class=\"alignleft size-medium wp-image-152180\" src=\"https:\/\/espacoecologico.com.br\/arquivo\/wp-content\/uploads\/2021\/08\/idoso-1-300x192.jpg\" alt=\"\" width=\"300\" height=\"192\" srcset=\"https:\/\/espacoecologico.com.br\/arquivo\/wp-content\/uploads\/2021\/08\/idoso-1-300x192.jpg 300w, https:\/\/espacoecologico.com.br\/arquivo\/wp-content\/uploads\/2021\/08\/idoso-1.jpg 415w\" sizes=\"(max-width: 300px) 100vw, 300px\" \/><\/a>A chegada da meia-idade n\u00e3o pode ser atribu\u00edda ao decl\u00ednio do metabolismo, de acordo com um estudo sem precedentes sobre o uso de energia pelo corpo.<\/b><\/p>\n<\/div>\n<div class=\"bbc-19j92fr e57qer20\" dir=\"ltr\">\n<p class=\"bbc-bm53ic e1cc2ql70\" dir=\"ltr\">O estudo, com 6.400 pessoas, de oito dias de idade at\u00e9 95 anos, feito em 29 pa\u00edses, sugere que o metabolismo permanece &#8220;s\u00f3lido como uma rocha&#8221; durante a meia-idade.<\/p>\n<\/div>\n<div class=\"bbc-19j92fr e57qer20\" dir=\"ltr\">\n<p class=\"bbc-bm53ic e1cc2ql70\" dir=\"ltr\">Ele atinge seu pico com um ano de idade, fica est\u00e1vel dos 20 aos 60 anos e ent\u00e3o declina inevitavelmente.<\/p>\n<p dir=\"ltr\">Os pesquisadores dizem que os resultados trazem novas e surpreendentes descobertas sobre o corpo.<\/p>\n<div class=\"bbc-19j92fr e57qer20\" dir=\"ltr\">\n<h2 id=\"M\u00fasculos-desenvolvidos\" class=\"bbc-l3e97o e14hemmw0\" tabindex=\"-1\">M\u00fasculos desenvolvidos<\/h2>\n<\/div>\n<div class=\"bbc-19j92fr e57qer20\" dir=\"ltr\">\n<p class=\"bbc-bm53ic e1cc2ql70\" dir=\"ltr\">O metabolismo \u00e9 cada gota de qu\u00edmica necess\u00e1ria para manter nosso corpo funcionando. E quanto maior o corpo \u2014 seja em termos de m\u00fasculos desenvolvidos ou muita gordura abdominal \u2014 mais energia ser\u00e1 necess\u00e1ria para moviment\u00e1-lo.<\/p>\n<div class=\"bbc-19j92fr e57qer20\" dir=\"ltr\">\n<p class=\"bbc-bm53ic e1cc2ql70\" dir=\"ltr\">Assim, os pesquisadores ajustaram suas medidas, de acordo com o tamanho do corpo, para comparar o metabolismo das pessoas &#8220;quilo a quilo&#8221;.<\/p>\n<\/div>\n<div class=\"bbc-19j92fr e57qer20\" dir=\"ltr\">\n<p class=\"bbc-bm53ic e1cc2ql70\" dir=\"ltr\">O estudo, publicado na revista Science, encontrou quatro fases da vida metab\u00f3lica:<\/p>\n<\/div>\n<div class=\"bbc-19j92fr e57qer20\" dir=\"ltr\">\n<p class=\"bbc-bm53ic e1cc2ql70\" dir=\"ltr\">&#8211; Do nascimento at\u00e9 1 ano, quando o metabolismo sai do mesmo n\u00edvel da m\u00e3e e atinge o ponto mais alto de toda a vida, 50% acima da popula\u00e7\u00e3o adulta<\/p>\n<\/div>\n<div class=\"bbc-19j92fr e57qer20\" dir=\"ltr\">\n<p class=\"bbc-bm53ic e1cc2ql70\" dir=\"ltr\">&#8211; Uma desacelera\u00e7\u00e3o suave ocorre at\u00e9 os 20 anos de idade, sem nenhum aumento durante todas as mudan\u00e7as da puberdade<\/p>\n<\/div>\n<div class=\"bbc-19j92fr e57qer20\" dir=\"ltr\">\n<p class=\"bbc-bm53ic e1cc2ql70\" dir=\"ltr\">&#8211; Nenhuma mudan\u00e7a dos 20 aos 60 anos<\/p>\n<\/div>\n<div class=\"bbc-19j92fr e57qer20\" dir=\"ltr\">\n<p class=\"bbc-bm53ic e1cc2ql70\" dir=\"ltr\">&#8211; Um decl\u00ednio permanente, com quedas anuais que, por volta dos 90 anos, deixa o metabolismo 26% abaixo do da meia-idade<\/p>\n<\/div>\n<div class=\"bbc-19j92fr e57qer20\" dir=\"ltr\">\n<p class=\"bbc-bm53ic e1cc2ql70\" dir=\"ltr\">&#8220;\u00c9 um quadro que nunca vimos antes e h\u00e1 muitas surpresas nele&#8221;, diz John Speakman, um dos pesquisadores, da Universidade de Aberdeen, na Esc\u00f3cia.<\/p>\n<\/div>\n<div class=\"bbc-19j92fr e57qer20\" dir=\"ltr\">\n<p class=\"bbc-bm53ic e1cc2ql70\" dir=\"ltr\">&#8220;A coisa mais surpreendente para mim \u00e9 que n\u00e3o h\u00e1 mudan\u00e7a durante a vida adulta \u2014 se voc\u00ea est\u00e1 vivendo uma crise da meia-idade, n\u00e3o pode mais culpar o decl\u00ednio da taxa metab\u00f3lica.&#8221;<\/p>\n<\/div>\n<div class=\"bbc-19j92fr e57qer20\" dir=\"ltr\">\n<h2 id=\"Desnutri\u00e7\u00e3o-infantil\" class=\"bbc-l3e97o e14hemmw0\" tabindex=\"-1\">Desnutri\u00e7\u00e3o infantil<\/h2>\n<\/div>\n<div class=\"bbc-19j92fr e57qer20\" dir=\"ltr\">\n<p class=\"bbc-bm53ic e1cc2ql70\" dir=\"ltr\">Outras surpresas vieram tamb\u00e9m do que o estudo n\u00e3o encontrou.<\/p>\n<\/div>\n<div class=\"bbc-19j92fr e57qer20\" dir=\"ltr\">\n<p class=\"bbc-bm53ic e1cc2ql70\" dir=\"ltr\">N\u00e3o houve aumento metab\u00f3lico durante a puberdade ou gravidez e nenhuma desacelera\u00e7\u00e3o perto da menopausa.<\/p>\n<\/div>\n<div class=\"bbc-19j92fr e57qer20\" dir=\"ltr\">\n<p class=\"bbc-bm53ic e1cc2ql70\" dir=\"ltr\">O alto metabolismo nos primeiros anos de vida tamb\u00e9m enfatiza o qu\u00e3o importante \u00e9 esse momento no desenvolvimento humano e por que a desnutri\u00e7\u00e3o infantil pode ter consequ\u00eancias ao longo da vida.<\/p>\n<\/div>\n<div class=\"bbc-19j92fr e57qer20\" dir=\"ltr\">\n<p class=\"bbc-bm53ic e1cc2ql70\" dir=\"ltr\">&#8220;Quando as pessoas falam sobre metabolismo, pensam em dieta e exerc\u00edcios \u2014 mas \u00e9 mais profundo do que isso. Na verdade, estamos observando seu corpo, suas c\u00e9lulas, em a\u00e7\u00e3o&#8221;, diz o professor Herman Pontzer, da Universidade Duke (EUA), \u00e0 BBC News.<\/p>\n<\/div>\n<div class=\"bbc-19j92fr e57qer20\" dir=\"ltr\">\n<p class=\"bbc-bm53ic e1cc2ql70\" dir=\"ltr\">&#8220;Eles est\u00e3o incrivelmente ocupados com um ano de idade e, quando vemos decl\u00ednios com a idade, estamos vendo suas c\u00e9lulas parando de funcionar.&#8221;<\/p>\n<\/div>\n<div class=\"bbc-1ka88fa e57qer20\" dir=\"ltr\">\n<figure class=\"bbc-1qdcvv9 e6bmn90\">\n<div class=\"bbc-172p16q e57qer20\" dir=\"ltr\">\n<div class=\"bbc-172p16q e57qer20\" dir=\"ltr\">\n<div class=\"bbc-189y18v e57qer20\" dir=\"ltr\">\n<div class=\"bbc-1k5hvrj e1whu0\" data-e2e=\"image-placeholder\">\n<div class=\"lazyload-wrapper \"><img loading=\"lazy\" class=\"css-fat2bc e1enwo3v0\" src=\"https:\/\/ichef.bbci.co.uk\/news\/640\/cpsprodpb\/8656\/production\/_119909343_gettyimages-1203194621.jpg\" srcset=\"https:\/\/ichef.bbci.co.uk\/news\/240\/cpsprodpb\/8656\/production\/_119909343_gettyimages-1203194621.jpg 240w, https:\/\/ichef.bbci.co.uk\/news\/320\/cpsprodpb\/8656\/production\/_119909343_gettyimages-1203194621.jpg 320w, https:\/\/ichef.bbci.co.uk\/news\/480\/cpsprodpb\/8656\/production\/_119909343_gettyimages-1203194621.jpg 480w, https:\/\/ichef.bbci.co.uk\/news\/624\/cpsprodpb\/8656\/production\/_119909343_gettyimages-1203194621.jpg 624w, https:\/\/ichef.bbci.co.uk\/news\/800\/cpsprodpb\/8656\/production\/_119909343_gettyimages-1203194621.jpg 800w\" alt=\"Grupo de pessoas de diversas idades sorrindo para foto\" width=\"640\" height=\"360\" \/><\/div>\n<p class=\"bbc-1s1cxbv etq3yw90\" role=\"text\"><span class=\"bbc-1gnhmg2 e1yt7oin0\">CR\u00c9DITO,<\/span><span lang=\"en-GB\">GETTY IMAGES <\/span>Legenda da foto, O estudo, com 6.400 pessoas, de 8 dias de idade at\u00e9 95 anos, feito em 29 pa\u00edses, sugere que o metabolismo permanece &#8216;s\u00f3lido como uma rocha&#8217; durante a meia-idade<\/p>\n<\/div>\n<\/div>\n<\/div>\n<\/div>\n<\/figure>\n<\/div>\n<div class=\"bbc-19j92fr e57qer20\" dir=\"ltr\">\n<p class=\"bbc-bm53ic e1cc2ql70\" dir=\"ltr\">O metabolismo das pessoas foi medido usando a chamada \u00e1gua duplamente marcada.<\/p>\n<\/div>\n<div class=\"bbc-19j92fr e57qer20\" dir=\"ltr\">\n<p class=\"bbc-bm53ic e1cc2ql70\" dir=\"ltr\">Produzida a partir de formas mais pesadas de \u00e1tomos de hidrog\u00eanio e oxig\u00eanio que constituem a \u00e1gua, ela pode ser rastreada conforme deixa o corpo.<\/p>\n<\/div>\n<div class=\"bbc-19j92fr e57qer20\" dir=\"ltr\">\n<p class=\"bbc-bm53ic e1cc2ql70\" dir=\"ltr\">Mas a \u00e1gua duplamente marcada \u00e9 incrivelmente cara, ent\u00e3o foi necess\u00e1rio pesquisadores trabalhando juntos em 29 pa\u00edses para coletar dados sobre 6.400 pessoas.<\/p>\n<\/div>\n<div class=\"bbc-19j92fr e57qer20\" dir=\"ltr\">\n<h2 id=\"Doses-de-medicamentos\" class=\"bbc-l3e97o e14hemmw0\" tabindex=\"-1\">Doses de medicamentos<\/h2>\n<\/div>\n<div class=\"bbc-19j92fr e57qer20\" dir=\"ltr\">\n<p class=\"bbc-bm53ic e1cc2ql70\" dir=\"ltr\">Os pesquisadores afirmam que a compreens\u00e3o completa das mudan\u00e7as no metabolismo pode ter impactos na medicina.<\/p>\n<\/div>\n<div class=\"bbc-19j92fr e57qer20\" dir=\"ltr\">\n<p class=\"bbc-bm53ic e1cc2ql70\" dir=\"ltr\">Pontzer diz que isso pode ajudar a revelar se os c\u00e2nceres se espalham de maneira diferente conforme o metabolismo muda e se as doses de medicamentos devem ser ajustadas durante as diferentes fases.<\/p>\n<\/div>\n<div class=\"bbc-19j92fr e57qer20\" dir=\"ltr\">\n<p class=\"bbc-bm53ic e1cc2ql70\" dir=\"ltr\">Discute-se tamb\u00e9m se as drogas que modificam o metabolismo podem retardar doen\u00e7as da velhice.<\/p>\n<\/div>\n<div class=\"bbc-19j92fr e57qer20\" dir=\"ltr\">\n<p class=\"bbc-bm53ic e1cc2ql70\" dir=\"ltr\">Rozalyn Anderson e Timothy Rhoads, da Universidade de Wisconsin (EUA), afirmam que o estudo &#8220;sem precedentes&#8221; j\u00e1 trouxe &#8220;importantes novas descobertas sobre o metabolismo humano&#8221;.<\/p>\n<\/div>\n<div class=\"bbc-19j92fr e57qer20\" dir=\"ltr\">\n<p class=\"bbc-bm53ic e1cc2ql70\" dir=\"ltr\">E que &#8220;n\u00e3o pode ser coincid\u00eancia&#8221; que doen\u00e7as da velhice surgem no momento em que o metabolismo decai.<\/p>\n<\/div>\n<div class=\"bbc-19j92fr e57qer20\" dir=\"ltr\">\n<h2 id=\"Epidemia-de-obesidade\" class=\"bbc-l3e97o e14hemmw0\" tabindex=\"-1\">Epidemia de obesidade<\/h2>\n<\/div>\n<div class=\"bbc-19j92fr e57qer20\" dir=\"ltr\">\n<p class=\"bbc-bm53ic e1cc2ql70\" dir=\"ltr\">O professor Tom Sanders, do King&#8217;s College London, no Reino Unido, diz: &#8220;Curiosamente, foram encontradas poucas diferen\u00e7as no gasto total de energia entre o in\u00edcio da vida adulta e a meia-idade \u2014 um per\u00edodo em que a maioria dos adultos nos pa\u00edses desenvolvidos ganha peso.&#8221;<\/p>\n<\/div>\n<div class=\"bbc-19j92fr e57qer20\" dir=\"ltr\">\n<p class=\"bbc-bm53ic e1cc2ql70\" dir=\"ltr\">&#8220;Essas descobertas podem sustentar a ideia de que a epidemia de obesidade \u00e9 resultado do excesso de ingest\u00e3o de energia alimentar, e n\u00e3o por um decl\u00ednio no gasto de energia.&#8221;<\/p>\n<\/div>\n<div class=\"bbc-19j92fr e57qer20\" dir=\"ltr\">\n<p class=\"bbc-bm53ic e1cc2ql70\" dir=\"ltr\">Soren Brage, da Universidade de Cambridge, tamb\u00e9m no Reino Unido, afirma que a quantidade total de energia usada foi &#8220;notoriamente dif\u00edcil de medir&#8221;.<\/p>\n<\/div>\n<div class=\"bbc-19j92fr e57qer20\" dir=\"ltr\">\n<p class=\"bbc-bm53ic e1cc2ql70\" dir=\"ltr\">&#8220;Precisamos urgentemente voltar nossa aten\u00e7\u00e3o n\u00e3o apenas para a crise energ\u00e9tica global definida pela queima de combust\u00edveis f\u00f3sseis. Mas tamb\u00e9m para a crise energ\u00e9tica que \u00e9 causada por n\u00e3o queimarmos calorias suficientes em nossos pr\u00f3prios corpos.&#8221;<\/p>\n<\/div>\n<\/div>\n<\/div>\n","protected":false},"excerpt":{"rendered":"<p>A chegada da meia-idade n\u00e3o pode ser atribu\u00edda ao decl\u00ednio do metabolismo, de acordo com<\/p>\n","protected":false},"author":2,"featured_media":152180,"comment_status":"open","ping_status":"open","sticky":false,"template":"","format":"standard","meta":[],"categories":[],"tags":[],"uagb_featured_image_src":{"full":["https:\/\/espacoecologico.com.br\/arquivo\/wp-content\/uploads\/2021\/08\/idoso-1.jpg",415,265,false],"thumbnail":["https:\/\/espacoecologico.com.br\/arquivo\/wp-content\/uploads\/2021\/08\/idoso-1-150x150.jpg",150,150,true],"medium":["https:\/\/espacoecologico.com.br\/arquivo\/wp-content\/uploads\/2021\/08\/idoso-1-300x192.jpg",300,192,true],"medium_large":["https:\/\/espacoecologico.com.br\/arquivo\/wp-content\/uploads\/2021\/08\/idoso-1.jpg",415,265,false],"large":["https:\/\/espacoecologico.com.br\/arquivo\/wp-content\/uploads\/2021\/08\/idoso-1.jpg",415,265,false],"1536x1536":["https:\/\/espacoecologico.com.br\/arquivo\/wp-content\/uploads\/2021\/08\/idoso-1.jpg",415,265,false],"2048x2048":["https:\/\/espacoecologico.com.br\/arquivo\/wp-content\/uploads\/2021\/08\/idoso-1.jpg",415,265,false],"cream-magazine-thumbnail-2":["https:\/\/espacoecologico.com.br\/arquivo\/wp-content\/uploads\/2021\/08\/idoso-1.jpg",415,265,false],"cream-magazine-thumbnail-3":["https:\/\/espacoecologico.com.br\/arquivo\/wp-content\/uploads\/2021\/08\/idoso-1.jpg",415,265,false],"cream-magazine-thumbnail-4":["https:\/\/espacoecologico.com.br\/arquivo\/wp-content\/uploads\/2021\/08\/idoso-1.jpg",415,265,false]},"uagb_author_info":{"display_name":"","author_link":"https:\/\/espacoecologico.com.br\/arquivo\/author\/"},"uagb_comment_info":7,"uagb_excerpt":"A chegada da meia-idade n\u00e3o pode ser atribu\u00edda ao decl\u00ednio do metabolismo, de acordo com","_links":{"self":[{"href":"https:\/\/espacoecologico.com.br\/arquivo\/wp-json\/wp\/v2\/posts\/152179"}],"collection":[{"href":"https:\/\/espacoecologico.com.br\/arquivo\/wp-json\/wp\/v2\/posts"}],"about":[{"href":"https:\/\/espacoecologico.com.br\/arquivo\/wp-json\/wp\/v2\/types\/post"}],"author":[{"embeddable":true,"href":"https:\/\/espacoecologico.com.br\/arquivo\/wp-json\/wp\/v2\/users\/2"}],"replies":[{"embeddable":true,"href":"https:\/\/espacoecologico.com.br\/arquivo\/wp-json\/wp\/v2\/comments?post=152179"}],"version-history":[{"count":3,"href":"https:\/\/espacoecologico.com.br\/arquivo\/wp-json\/wp\/v2\/posts\/152179\/revisions"}],"predecessor-version":[{"id":152183,"href":"https:\/\/espacoecologico.com.br\/arquivo\/wp-json\/wp\/v2\/posts\/152179\/revisions\/152183"}],"wp:featuredmedia":[{"embeddable":true,"href":"https:\/\/espacoecologico.com.br\/arquivo\/wp-json\/wp\/v2\/media\/152180"}],"wp:attachment":[{"href":"https:\/\/espacoecologico.com.br\/arquivo\/wp-json\/wp\/v2\/media?parent=152179"}],"wp:term":[{"taxonomy":"category","embeddable":true,"href":"https:\/\/espacoecologico.com.br\/arquivo\/wp-json\/wp\/v2\/categories?post=152179"},{"taxonomy":"post_tag","embeddable":true,"href":"https:\/\/espacoecologico.com.br\/arquivo\/wp-json\/wp\/v2\/tags?post=152179"}],"curies":[{"name":"wp","href":"https:\/\/api.w.org\/{rel}","templated":true}]}}