{"id":152172,"date":"2021-08-24T11:00:38","date_gmt":"2021-08-24T14:00:38","guid":{"rendered":"https:\/\/espacoecologico.com.br\/arquivo\/?p=152172"},"modified":"2021-08-23T19:30:45","modified_gmt":"2021-08-23T22:30:45","slug":"iniciativa-ira-investir-ate-r75-mil-em-ideias-criativas-e-sustentaveis","status":"publish","type":"post","link":"https:\/\/espacoecologico.com.br\/arquivo\/iniciativa-ira-investir-ate-r75-mil-em-ideias-criativas-e-sustentaveis\/","title":{"rendered":"Iniciativa ir\u00e1 investir at\u00e9 R$75 mil em ideias criativas e sustent\u00e1veis"},"content":{"rendered":"<p><a href=\"https:\/\/espacoecologico.com.br\/arquivo\/?attachment_id=152173\" rel=\"attachment wp-att-152173\"><img loading=\"lazy\" class=\"alignleft size-medium wp-image-152173\" src=\"https:\/\/espacoecologico.com.br\/arquivo\/wp-content\/uploads\/2021\/08\/iluminacao-300x192.jpg\" alt=\"\" width=\"300\" height=\"192\" srcset=\"https:\/\/espacoecologico.com.br\/arquivo\/wp-content\/uploads\/2021\/08\/iluminacao-300x192.jpg 300w, https:\/\/espacoecologico.com.br\/arquivo\/wp-content\/uploads\/2021\/08\/iluminacao.jpg 415w\" sizes=\"(max-width: 300px) 100vw, 300px\" \/><\/a>O Coletivo Natural One est\u00e1 com as inscri\u00e7\u00f5es abertas e em busca de projetos inovadores na \u00e1rea de Natureza Criativa, Alimenta\u00e7\u00e3o Saud\u00e1vel e Empreendedorismo Sustent\u00e1vel que desejam sair do papel. As inscri\u00e7\u00f5es devem ser feitas at\u00e9 o dia 31 de agosto, no site do Coletivo.<\/p>\n<p>A iniciativa ser\u00e1 dividida em 3 fases: sele\u00e7\u00e3o dos participantes, vota\u00e7\u00e3o popular e live coaching. Os neg\u00f3cios precisam se conectar com uma das tr\u00eas categorias e serem autorais. Podem se inscrever tanto os projetos que ainda est\u00e3o no papel, como os que j\u00e1 sa\u00edram dele.<\/p>\n<p>A etapa live coaching contar\u00e1 com a presen\u00e7a de Geraldo Rufino (@geraldoarufino) e Rafaella Cappai (@rafacappai), al\u00e9m do time da Natural One com o head de marketing e exporta\u00e7\u00e3o Rafael Catol\u00e9.<\/p>\n<p>Os tr\u00eas projetos finalistas receber\u00e3o um pr\u00eamio de R$25 mil ao final da jornada, que se encerra em 4 de outubro de 2021, Dia da Natureza.<\/p>\n<p>Confira abaixo mais detalhes das categorias aceitas no programa:<\/p>\n<p><strong>Natureza criativa:<\/strong>\u00a0projetos art\u00edsticos que tragam em sua ess\u00eancia a defesa ao meio ambiente a partir de uma proposta 100% sustent\u00e1vel.<\/p>\n<p><strong>Alimenta\u00e7\u00e3o saud\u00e1vel:<\/strong>\u00a0ideias de projetos que envolvam propostas sociais em que o foco principal esteja em alimentos 100% naturais.<\/p>\n<p><strong>Empreendedorismo sustent\u00e1vel:<\/strong>\u00a0projetos de empresas em que o produto\/servi\u00e7o\/ideia j\u00e1 traz na sua ess\u00eancia o desenvolvimento respons\u00e1vel do meio social e ambiental.<\/p>\n","protected":false},"excerpt":{"rendered":"<p>O Coletivo Natural One est\u00e1 com as inscri\u00e7\u00f5es abertas e em busca de projetos inovadores<\/p>\n","protected":false},"author":2,"featured_media":152173,"comment_status":"open","ping_status":"open","sticky":false,"template":"","format":"standard","meta":[],"categories":[],"tags":[],"uagb_featured_image_src":{"full":["https:\/\/espacoecologico.com.br\/arquivo\/wp-content\/uploads\/2021\/08\/iluminacao.jpg",415,265,false],"thumbnail":["https:\/\/espacoecologico.com.br\/arquivo\/wp-content\/uploads\/2021\/08\/iluminacao-150x150.jpg",150,150,true],"medium":["https:\/\/espacoecologico.com.br\/arquivo\/wp-content\/uploads\/2021\/08\/iluminacao-300x192.jpg",300,192,true],"medium_large":["https:\/\/espacoecologico.com.br\/arquivo\/wp-content\/uploads\/2021\/08\/iluminacao.jpg",415,265,false],"large":["https:\/\/espacoecologico.com.br\/arquivo\/wp-content\/uploads\/2021\/08\/iluminacao.jpg",415,265,false],"1536x1536":["https:\/\/espacoecologico.com.br\/arquivo\/wp-content\/uploads\/2021\/08\/iluminacao.jpg",415,265,false],"2048x2048":["https:\/\/espacoecologico.com.br\/arquivo\/wp-content\/uploads\/2021\/08\/iluminacao.jpg",415,265,false],"cream-magazine-thumbnail-2":["https:\/\/espacoecologico.com.br\/arquivo\/wp-content\/uploads\/2021\/08\/iluminacao.jpg",415,265,false],"cream-magazine-thumbnail-3":["https:\/\/espacoecologico.com.br\/arquivo\/wp-content\/uploads\/2021\/08\/iluminacao.jpg",415,265,false],"cream-magazine-thumbnail-4":["https:\/\/espacoecologico.com.br\/arquivo\/wp-content\/uploads\/2021\/08\/iluminacao.jpg",415,265,false]},"uagb_author_info":{"display_name":"","author_link":"https:\/\/espacoecologico.com.br\/arquivo\/author\/"},"uagb_comment_info":7,"uagb_excerpt":"O Coletivo Natural One est\u00e1 com as inscri\u00e7\u00f5es abertas e em busca de projetos inovadores","_links":{"self":[{"href":"https:\/\/espacoecologico.com.br\/arquivo\/wp-json\/wp\/v2\/posts\/152172"}],"collection":[{"href":"https:\/\/espacoecologico.com.br\/arquivo\/wp-json\/wp\/v2\/posts"}],"about":[{"href":"https:\/\/espacoecologico.com.br\/arquivo\/wp-json\/wp\/v2\/types\/post"}],"author":[{"embeddable":true,"href":"https:\/\/espacoecologico.com.br\/arquivo\/wp-json\/wp\/v2\/users\/2"}],"replies":[{"embeddable":true,"href":"https:\/\/espacoecologico.com.br\/arquivo\/wp-json\/wp\/v2\/comments?post=152172"}],"version-history":[{"count":5,"href":"https:\/\/espacoecologico.com.br\/arquivo\/wp-json\/wp\/v2\/posts\/152172\/revisions"}],"predecessor-version":[{"id":152178,"href":"https:\/\/espacoecologico.com.br\/arquivo\/wp-json\/wp\/v2\/posts\/152172\/revisions\/152178"}],"wp:featuredmedia":[{"embeddable":true,"href":"https:\/\/espacoecologico.com.br\/arquivo\/wp-json\/wp\/v2\/media\/152173"}],"wp:attachment":[{"href":"https:\/\/espacoecologico.com.br\/arquivo\/wp-json\/wp\/v2\/media?parent=152172"}],"wp:term":[{"taxonomy":"category","embeddable":true,"href":"https:\/\/espacoecologico.com.br\/arquivo\/wp-json\/wp\/v2\/categories?post=152172"},{"taxonomy":"post_tag","embeddable":true,"href":"https:\/\/espacoecologico.com.br\/arquivo\/wp-json\/wp\/v2\/tags?post=152172"}],"curies":[{"name":"wp","href":"https:\/\/api.w.org\/{rel}","templated":true}]}}