{"id":152160,"date":"2021-08-24T09:00:52","date_gmt":"2021-08-24T12:00:52","guid":{"rendered":"https:\/\/espacoecologico.com.br\/arquivo\/?p=152160"},"modified":"2021-08-23T19:06:08","modified_gmt":"2021-08-23T22:06:08","slug":"pesquisadores-propoem-teoria-das-multiplas-origens-da-vida","status":"publish","type":"post","link":"https:\/\/espacoecologico.com.br\/arquivo\/pesquisadores-propoem-teoria-das-multiplas-origens-da-vida\/","title":{"rendered":"Pesquisadores prop\u00f5em teoria das m\u00faltiplas origens da vida"},"content":{"rendered":"<p><a href=\"https:\/\/espacoecologico.com.br\/arquivo\/?attachment_id=152161\" rel=\"attachment wp-att-152161\"><img loading=\"lazy\" class=\"alignleft size-medium wp-image-152161\" src=\"https:\/\/espacoecologico.com.br\/arquivo\/wp-content\/uploads\/2021\/08\/vida-300x192.jpg\" alt=\"\" width=\"300\" height=\"192\" srcset=\"https:\/\/espacoecologico.com.br\/arquivo\/wp-content\/uploads\/2021\/08\/vida-300x192.jpg 300w, https:\/\/espacoecologico.com.br\/arquivo\/wp-content\/uploads\/2021\/08\/vida.jpg 415w\" sizes=\"(max-width: 300px) 100vw, 300px\" \/><\/a>A hist\u00f3ria da vida na Terra tem sido frequentemente comparada a um revezamento de quatro bilh\u00f5es de anos: Uma chama, acesa no in\u00edcio da corrente, vai transmitindo vida da mesma forma at\u00e9 o fim.<\/p>\n<p>Mas, e se a vida for melhor compreendida na analogia do olho, um \u00f3rg\u00e3o convergente que evoluiu de origens independentes? E se a vida evolu\u00edsse n\u00e3o apenas uma, mas v\u00e1rias vezes de forma independente?<\/p>\n<p>Esta \u00e9 a nova teoria que est\u00e1 sendo proposta por Chris Kempes e David Krakauer, do Instituto Santa F\u00e9, nos EUA.<\/p>\n<p>Indo al\u00e9m do darwinismo tradicional, a dupla argumenta que, para reconhecer toda a gama de formas da vida, precisamos desenvolver um novo quadro te\u00f3rico.<\/p>\n<p><strong>A Origem [M\u00faltipla] das Esp\u00e9cies<\/strong><\/p>\n<p>Em sua estrutura de tr\u00eas camadas, Kempes e Krakauer pedem aos cientistas que considerem, primeiro, o espa\u00e7o total de materiais em que a vida poderia ser poss\u00edvel; segundo, as restri\u00e7\u00f5es que limitam o universo de vida poss\u00edvel; e, terceiro, os processos de otimiza\u00e7\u00e3o que dirigem a adapta\u00e7\u00e3o.<\/p>\n<p>No geral, o novo quadro te\u00f3rico considera a vida como uma informa\u00e7\u00e3o adaptativa, e adota a analogia da computa\u00e7\u00e3o para capturar os processos centrais da vida.<\/p>\n<p>Em termos mais simples, emergem v\u00e1rias possibilidades significativas quando consideramos a vida dentro da nova estrutura te\u00f3rica.<\/p>\n<p>A mais importante delas \u00e9 que a vida se origina v\u00e1rias vezes &#8211; algumas aparentes adapta\u00e7\u00f5es s\u00e3o na verdade &#8220;uma nova forma de vida, n\u00e3o apenas uma adapta\u00e7\u00e3o&#8221;, explica Krakauer &#8211; e assume uma gama muito mais ampla de formas do que as defini\u00e7\u00f5es convencionais permitem.<\/p>\n<p>Por exemplo, florestas, computa\u00e7\u00e3o e at\u00e9 cultura s\u00e3o todas formas de vida neste quadro. &#8220;A cultura humana vive no material das mentes, da mesma forma que os organismos multicelulares vivem no material dos organismos unicelulares,&#8221; explica Kempes.<\/p>\n<p><strong>Definir a vida e construir coisas vivas<\/strong><\/p>\n<p>No quadro atual do darwinismo, quando os pesquisadores se concentram nas caracter\u00edsticas da vida de um \u00fanico organismo, eles frequentemente negligenciam at\u00e9 que ponto a vida desses organismos depende de ecossistemas inteiros como seu material fundamental, e tamb\u00e9m ignoram os modos como um sistema de vida pode ser mais ou menos vivo.<\/p>\n<p>Na estrutura proposta, por outro lado, aparece outra implica\u00e7\u00e3o: A vida se torna um continuum, em vez de um fen\u00f4meno bin\u00e1rio, vivo ou n\u00e3o-vivo. Esta n\u00e3o \u00e9 uma ideia totalmente nova, e os pr\u00f3prios autores citam uma variedade de esfor\u00e7os recentes que colocam a vida, em termos quantitativos, em um espectro.<\/p>\n<p>Ao adotar uma vis\u00e3o mais ampla dos princ\u00edpios da vida, Kempes e Krakauer afirmam ter a expectativa de gerar teorias mais f\u00e9rteis para estudar a vida.<\/p>\n<p>Com princ\u00edpios mais claros para encontrar formas de vida, e uma nova gama de formas de vida poss\u00edveis que emergem dos novos princ\u00edpios, n\u00e3o apenas vamos esclarecer o que \u00e9 a vida, explica Krakauer, mas tamb\u00e9m estaremos melhor equipados &#8220;para construir aparelhos para encontrar vida&#8221;, para cri\u00e1-la em laborat\u00f3rios e para reconhecer em que grau algo que estejamos vendo est\u00e1 vivo.<\/p>\n<div class=\"biblio\">\n<p><b>Bibliografia:<\/b><\/p>\n<p>Artigo:\u00a0<i>The Multiple Paths to Multiple Life<\/i><br \/>\nAutores: Christopher P. Kempes, David C. Krakauer<br \/>\nRevista: Journal of Molecular Evolution<br \/>\nVol.: 89, pages 415-426<br \/>\nDOI: 10.1007\/s00239-021-10016-2<\/p>\n<\/div>\n","protected":false},"excerpt":{"rendered":"<p>A hist\u00f3ria da vida na Terra tem sido frequentemente comparada a um revezamento de quatro<\/p>\n","protected":false},"author":2,"featured_media":152161,"comment_status":"open","ping_status":"open","sticky":false,"template":"","format":"standard","meta":[],"categories":[],"tags":[],"uagb_featured_image_src":{"full":["https:\/\/espacoecologico.com.br\/arquivo\/wp-content\/uploads\/2021\/08\/vida.jpg",415,265,false],"thumbnail":["https:\/\/espacoecologico.com.br\/arquivo\/wp-content\/uploads\/2021\/08\/vida-150x150.jpg",150,150,true],"medium":["https:\/\/espacoecologico.com.br\/arquivo\/wp-content\/uploads\/2021\/08\/vida-300x192.jpg",300,192,true],"medium_large":["https:\/\/espacoecologico.com.br\/arquivo\/wp-content\/uploads\/2021\/08\/vida.jpg",415,265,false],"large":["https:\/\/espacoecologico.com.br\/arquivo\/wp-content\/uploads\/2021\/08\/vida.jpg",415,265,false],"1536x1536":["https:\/\/espacoecologico.com.br\/arquivo\/wp-content\/uploads\/2021\/08\/vida.jpg",415,265,false],"2048x2048":["https:\/\/espacoecologico.com.br\/arquivo\/wp-content\/uploads\/2021\/08\/vida.jpg",415,265,false],"cream-magazine-thumbnail-2":["https:\/\/espacoecologico.com.br\/arquivo\/wp-content\/uploads\/2021\/08\/vida.jpg",415,265,false],"cream-magazine-thumbnail-3":["https:\/\/espacoecologico.com.br\/arquivo\/wp-content\/uploads\/2021\/08\/vida.jpg",415,265,false],"cream-magazine-thumbnail-4":["https:\/\/espacoecologico.com.br\/arquivo\/wp-content\/uploads\/2021\/08\/vida.jpg",415,265,false]},"uagb_author_info":{"display_name":"","author_link":"https:\/\/espacoecologico.com.br\/arquivo\/author\/"},"uagb_comment_info":9,"uagb_excerpt":"A hist\u00f3ria da vida na Terra tem sido frequentemente comparada a um revezamento de quatro","_links":{"self":[{"href":"https:\/\/espacoecologico.com.br\/arquivo\/wp-json\/wp\/v2\/posts\/152160"}],"collection":[{"href":"https:\/\/espacoecologico.com.br\/arquivo\/wp-json\/wp\/v2\/posts"}],"about":[{"href":"https:\/\/espacoecologico.com.br\/arquivo\/wp-json\/wp\/v2\/types\/post"}],"author":[{"embeddable":true,"href":"https:\/\/espacoecologico.com.br\/arquivo\/wp-json\/wp\/v2\/users\/2"}],"replies":[{"embeddable":true,"href":"https:\/\/espacoecologico.com.br\/arquivo\/wp-json\/wp\/v2\/comments?post=152160"}],"version-history":[{"count":5,"href":"https:\/\/espacoecologico.com.br\/arquivo\/wp-json\/wp\/v2\/posts\/152160\/revisions"}],"predecessor-version":[{"id":152166,"href":"https:\/\/espacoecologico.com.br\/arquivo\/wp-json\/wp\/v2\/posts\/152160\/revisions\/152166"}],"wp:featuredmedia":[{"embeddable":true,"href":"https:\/\/espacoecologico.com.br\/arquivo\/wp-json\/wp\/v2\/media\/152161"}],"wp:attachment":[{"href":"https:\/\/espacoecologico.com.br\/arquivo\/wp-json\/wp\/v2\/media?parent=152160"}],"wp:term":[{"taxonomy":"category","embeddable":true,"href":"https:\/\/espacoecologico.com.br\/arquivo\/wp-json\/wp\/v2\/categories?post=152160"},{"taxonomy":"post_tag","embeddable":true,"href":"https:\/\/espacoecologico.com.br\/arquivo\/wp-json\/wp\/v2\/tags?post=152160"}],"curies":[{"name":"wp","href":"https:\/\/api.w.org\/{rel}","templated":true}]}}