{"id":152155,"date":"2021-08-24T08:00:25","date_gmt":"2021-08-24T11:00:25","guid":{"rendered":"https:\/\/espacoecologico.com.br\/arquivo\/?p=152155"},"modified":"2021-08-23T18:59:25","modified_gmt":"2021-08-23T21:59:25","slug":"sera-que-passar-o-dia-maratonando-em-frente-a-tv-e-tao-de-boa-para-o-planeta","status":"publish","type":"post","link":"https:\/\/espacoecologico.com.br\/arquivo\/sera-que-passar-o-dia-maratonando-em-frente-a-tv-e-tao-de-boa-para-o-planeta\/","title":{"rendered":"Ser\u00e1 que passar o dia maratonando em frente a TV \u00e9 t\u00e3o de boa para o planeta?"},"content":{"rendered":"<p><a href=\"https:\/\/espacoecologico.com.br\/arquivo\/?attachment_id=152156\" rel=\"attachment wp-att-152156\"><img loading=\"lazy\" class=\"alignleft size-medium wp-image-152156\" src=\"https:\/\/espacoecologico.com.br\/arquivo\/wp-content\/uploads\/2021\/08\/serie-300x192.jpg\" alt=\"\" width=\"300\" height=\"192\" srcset=\"https:\/\/espacoecologico.com.br\/arquivo\/wp-content\/uploads\/2021\/08\/serie-300x192.jpg 300w, https:\/\/espacoecologico.com.br\/arquivo\/wp-content\/uploads\/2021\/08\/serie.jpg 415w\" sizes=\"(max-width: 300px) 100vw, 300px\" \/><\/a>\u00c9 o m\u00e1ximo poder assistir diretamente do seu sof\u00e1 o epis\u00f3dio final da \u00faltima temporada daquela s\u00e9rie que voc\u00ea esperou por meses. Mas n\u00e3o \u00e9 bem o que voc\u00ea assiste que garante o seu entretenimento e, sim, uma complexa tecnologia em constante evolu\u00e7\u00e3o \u2013 tipo os\u00a0<em>data centers<\/em>\u00a0onde os dados s\u00e3o armazenados, a infraestrutura que leva a internet para sua casa e a energia el\u00e9trica. S\u00f3 que tudo isso combinado para garantir a magia do seu\u00a0<em>streaming<\/em>\u00a0personalizado tem um custo para o meio ambiente.<\/p>\n<p>Pesquisadores da Universidade de Bristol passaram uma d\u00e9cada desenvolvendo uma ferramenta para calcular a pegada de carbono do\u00a0<em>streaming<\/em>\u00a0e outros usos di\u00e1rios da Internet e conclu\u00edram que ela \u00e9 de aproximadamente 55g CO2e (gramas de di\u00f3xido de carbono equivalentes) a cada hora assistida. Isso \u00e9 quase o mesmo que fazer quatro sacos de pipoca no micro-ondas ou ferver tr\u00eas chaleiras el\u00e9tricas e \u00e9 bem menos que dirigir um ve\u00edculo a g\u00e1s 400 metros.<\/p>\n<p>Isso porque os provedores de\u00a0<em>data center<\/em>, internet e servi\u00e7os p\u00fablicos v\u00eam utilizando cada vez mais energia limpa em suas presta\u00e7\u00f5es de servi\u00e7o, com equipamentos mais eficientes e eletricidade renov\u00e1vel. No entanto, o impacto pode n\u00e3o necessariamente ser reduzido porque a popula\u00e7\u00e3o est\u00e1 consumindo esse tipo de conte\u00fado em n\u00edveis exponenciais e escala global.<\/p>\n<p><img loading=\"lazy\" class=\"aligncenter size-medium wp-image-52623 td-animation-stack-type0-1\" src=\"https:\/\/www.pensamentoverde.com.br\/wp-content\/uploads\/2021\/08\/impacto-ambiental-da-sua-serie-preferida2-590x385.jpg\" sizes=\"(max-width: 590px) 100vw, 590px\" srcset=\"https:\/\/www.pensamentoverde.com.br\/wp-content\/uploads\/2021\/08\/impacto-ambiental-da-sua-serie-preferida2-590x385.jpg 590w, https:\/\/www.pensamentoverde.com.br\/wp-content\/uploads\/2021\/08\/impacto-ambiental-da-sua-serie-preferida2-696x454.jpg 696w, https:\/\/www.pensamentoverde.com.br\/wp-content\/uploads\/2021\/08\/impacto-ambiental-da-sua-serie-preferida2-644x420.jpg 644w, https:\/\/www.pensamentoverde.com.br\/wp-content\/uploads\/2021\/08\/impacto-ambiental-da-sua-serie-preferida2.jpg 739w\" alt=\"\" width=\"590\" height=\"385\" \/><\/p>\n<p>Al\u00e9m disso, n\u00f3s, que amamos zapear um card\u00e1pio em busca de um filminho ou uma s\u00e9rie para chamar de preferida, tamb\u00e9m influenciamos essa conta. Assistir qualquer coisa em uma TV grande em vez de um laptop ou smartphone requer mais energia. Isso porque esses equipamentos foram projetados para funcionar com bateria por um longo per\u00edodo de tempo e quanto menor o dispositivo, menor a energia necess\u00e1ria para acion\u00e1-lo. Ou seja, se voc\u00ea quiser ter a sensa\u00e7\u00e3o do cinema dentro de casa, saiba que est\u00e1 deixando essa conta mais cara para o planeta.<\/p>\n<h3>Eles se comprometeram<\/h3>\n<p>Gigantes de\u00a0<em>streaming<\/em>\u00a0e l\u00edderes de tecnologia fizeram promessas de se tornarem neutros em carbono. A Netflix prometeu atingir zero emiss\u00f5es l\u00edquidas de gases de efeito estufa at\u00e9 2022; a Microsoft se compromete a ser completamente neutra em carbono at\u00e9 2030 e a Amazon estabeleceu uma meta para 2040.<\/p>\n<h3>E n\u00f3s podemos pegar uma carona nesse compromisso\u2026<\/h3>\n<p>Uma vez que a maior parte do impacto do\u00a0<em>streaming<\/em>\u00a0est\u00e1 relacionado ao uso de energia verde e dispositivos de usu\u00e1rios finais, n\u00f3s podemos ajudar bastante. Mudar para energia renov\u00e1vel em casa \u00e9 um \u00f3timo come\u00e7o, e assistir em dispositivos menores, estendendo a vida \u00fatil deles tamb\u00e9m \u00e9 uma boa ideia.<\/p>\n<p>Ok, voc\u00ea, isoladamente, n\u00e3o muda nada. Mas cada um de n\u00f3s comp\u00f5e os 167 milh\u00f5es de usu\u00e1rios dessas plataformas no mundo e, nessa soma, a\u00ed sim, a gente muda tudo.<\/p>\n","protected":false},"excerpt":{"rendered":"<p>\u00c9 o m\u00e1ximo poder assistir diretamente do seu sof\u00e1 o epis\u00f3dio final da \u00faltima temporada<\/p>\n","protected":false},"author":2,"featured_media":152156,"comment_status":"open","ping_status":"open","sticky":false,"template":"","format":"standard","meta":[],"categories":[],"tags":[],"uagb_featured_image_src":{"full":["https:\/\/espacoecologico.com.br\/arquivo\/wp-content\/uploads\/2021\/08\/serie.jpg",415,265,false],"thumbnail":["https:\/\/espacoecologico.com.br\/arquivo\/wp-content\/uploads\/2021\/08\/serie-150x150.jpg",150,150,true],"medium":["https:\/\/espacoecologico.com.br\/arquivo\/wp-content\/uploads\/2021\/08\/serie-300x192.jpg",300,192,true],"medium_large":["https:\/\/espacoecologico.com.br\/arquivo\/wp-content\/uploads\/2021\/08\/serie.jpg",415,265,false],"large":["https:\/\/espacoecologico.com.br\/arquivo\/wp-content\/uploads\/2021\/08\/serie.jpg",415,265,false],"1536x1536":["https:\/\/espacoecologico.com.br\/arquivo\/wp-content\/uploads\/2021\/08\/serie.jpg",415,265,false],"2048x2048":["https:\/\/espacoecologico.com.br\/arquivo\/wp-content\/uploads\/2021\/08\/serie.jpg",415,265,false],"cream-magazine-thumbnail-2":["https:\/\/espacoecologico.com.br\/arquivo\/wp-content\/uploads\/2021\/08\/serie.jpg",415,265,false],"cream-magazine-thumbnail-3":["https:\/\/espacoecologico.com.br\/arquivo\/wp-content\/uploads\/2021\/08\/serie.jpg",415,265,false],"cream-magazine-thumbnail-4":["https:\/\/espacoecologico.com.br\/arquivo\/wp-content\/uploads\/2021\/08\/serie.jpg",415,265,false]},"uagb_author_info":{"display_name":"","author_link":"https:\/\/espacoecologico.com.br\/arquivo\/author\/"},"uagb_comment_info":11,"uagb_excerpt":"\u00c9 o m\u00e1ximo poder assistir diretamente do seu sof\u00e1 o epis\u00f3dio final da \u00faltima temporada","_links":{"self":[{"href":"https:\/\/espacoecologico.com.br\/arquivo\/wp-json\/wp\/v2\/posts\/152155"}],"collection":[{"href":"https:\/\/espacoecologico.com.br\/arquivo\/wp-json\/wp\/v2\/posts"}],"about":[{"href":"https:\/\/espacoecologico.com.br\/arquivo\/wp-json\/wp\/v2\/types\/post"}],"author":[{"embeddable":true,"href":"https:\/\/espacoecologico.com.br\/arquivo\/wp-json\/wp\/v2\/users\/2"}],"replies":[{"embeddable":true,"href":"https:\/\/espacoecologico.com.br\/arquivo\/wp-json\/wp\/v2\/comments?post=152155"}],"version-history":[{"count":3,"href":"https:\/\/espacoecologico.com.br\/arquivo\/wp-json\/wp\/v2\/posts\/152155\/revisions"}],"predecessor-version":[{"id":152159,"href":"https:\/\/espacoecologico.com.br\/arquivo\/wp-json\/wp\/v2\/posts\/152155\/revisions\/152159"}],"wp:featuredmedia":[{"embeddable":true,"href":"https:\/\/espacoecologico.com.br\/arquivo\/wp-json\/wp\/v2\/media\/152156"}],"wp:attachment":[{"href":"https:\/\/espacoecologico.com.br\/arquivo\/wp-json\/wp\/v2\/media?parent=152155"}],"wp:term":[{"taxonomy":"category","embeddable":true,"href":"https:\/\/espacoecologico.com.br\/arquivo\/wp-json\/wp\/v2\/categories?post=152155"},{"taxonomy":"post_tag","embeddable":true,"href":"https:\/\/espacoecologico.com.br\/arquivo\/wp-json\/wp\/v2\/tags?post=152155"}],"curies":[{"name":"wp","href":"https:\/\/api.w.org\/{rel}","templated":true}]}}